{"id":9969,"date":"2023-05-18T10:28:18","date_gmt":"2023-05-18T15:28:18","guid":{"rendered":"https:\/\/www.elamazonico.com\/portal\/?p=9969"},"modified":"2023-05-18T10:28:43","modified_gmt":"2023-05-18T15:28:43","slug":"mundial-sub-20-ecuador-tendria-lista-su-alineacion-para-el-debut-frente-a-estados-unidos","status":"publish","type":"post","link":"https:\/\/www.elamazonico.com\/portal\/mundial-sub-20-ecuador-tendria-lista-su-alineacion-para-el-debut-frente-a-estados-unidos\/","title":{"rendered":"Mundial sub 20: Ecuador tendr\u00eda lista su alineaci\u00f3n para el debut frente a Estados Unidos"},"content":{"rendered":"<h2 class=\"fw-normal\">Ecuador debuta este s\u00e1bado en el Mundial sub 20 que se llevar\u00e1 a cabo en Argentina: el rival de turno ser\u00e1 Estados Unidos.<\/h2>\n<div class=\"paragraph siquev2\">\n<p>La<b><a href=\"https:\/\/www.ecuavisa.com\/deportes\/futbol-internacional\/mundial-sub-20-estados-unidos-el-primer-rival-de-ecuador-llega-como-vigente-tricampeon-de-concacaf-MF5153907\">\u00a0selecci\u00f3n ecuatoriana sub 20<\/a>\u00a0<\/b>tendr\u00eda listo su primer once titular para su debut mundialista ante Estados Unidos, este s\u00e1bado 20 de mayo por el<b>\u00a0grupo B.<\/b><\/p>\n<p>El cuadro &#8216;tricolor&#8217;, que ven\u00eda trabajando en silencio, tanto as\u00ed que el cuerpo t\u00e9cnico de\u00a0<b>Miguel Bravo\u00a0<\/b>no daba luces sobre sus posibles alineaciones, sumado a dos amistosos donde no se pudo ver c\u00f3mo form\u00f3 el cuadro nacional.<\/p>\n<p>Pero esto habr\u00eda quedado atr\u00e1s, ya que el medio oficialista a la FEF, &#8216;El Canal del f\u00fatbol&#8217;, comparti\u00f3 un posible &#8217;11&#8217;.<\/p>\n<div id=\"center1\" class=\"my-4\" align=\"center\" data-ads=\"center1\" data-ad=\"top-generico\"><\/div>\n<p>En el arco estar\u00eda\u00a0<b>Gilmar Napa<\/b>, el capit\u00e1n de Ecuador y quien brill\u00f3 en el pasado sudamericano.<\/p>\n<p>En la l\u00ednea defensiva, hay un giro total en relaci\u00f3n al torneo sudamericano. Los cuatro defensores son nuevos, sin embargo todos con experiencia internacional.<\/p>\n<p>Volver\u00eda la dupla\u00a0<b>Gonz\u00e1lez-Zambrano,\u00a0<\/b>algo que se fue diluyendo en el torneo anterior bajo el mando de\u00a0<b>Jimmy Bran,<\/b>\u00a0sumado ahora, a\u00a0<b>Kendry P\u00e1ez,<\/b>\u00a0figura de la sub 17.<\/p>\n<p>Ya en fase ofensiva,\u00a0<b>Alan Minda y Nilson Angulo\u00a0<\/b>estar\u00e1n detr\u00e1s de Justin Cuero, el goleador &#8216;tricolor&#8217;.<\/p>\n<\/div>\n<h2 class=\"h2-componente\">Ecuador sub 20 y su posible alineaci\u00f3n ante Estados Unidos<\/h2>\n<ul>\n<li class=\"bullet\">Gilmar Napa; Daniel de la Cruz, Joel Ord\u00f3\u00f1ez, Cristhian Garc\u00eda, Maiky De la Cruz, \u00d3scar Zambrano, Kendry P\u00e1ez, Sebasti\u00e1n Gonz\u00e1lez, Alan Minda, Nilson Angulo, Justin Cuero. <strong>Fuente: Ecuavisa<\/strong><\/li>\n<\/ul>\n","protected":false},"excerpt":{"rendered":"<p>Ecuador debuta este s\u00e1bado en el Mundial sub 20 que se llevar\u00e1 a cabo en Argentina: el rival de turno ser\u00e1 Estados Unidos. La\u00a0selecci\u00f3n ecuatoriana sub 20\u00a0tendr\u00eda listo su primer once titular para su debut mundialista ante Estados Unidos, este s\u00e1bado 20 de mayo por el\u00a0grupo B. El cuadro &#8216;tricolor&#8217;, que ven\u00eda trabajando en silencio, tanto as\u00ed que el cuerpo t\u00e9cnico de\u00a0Miguel Bravo\u00a0no daba luces sobre sus posibles alineaciones, sumado a dos amistosos donde no se pudo ver c\u00f3mo form\u00f3 el cuadro nacional. Pero esto habr\u00eda quedado atr\u00e1s, ya que el medio oficialista a la FEF, &#8216;El Canal del f\u00fatbol&#8217;, comparti\u00f3 un posible &#8217;11&#8217;. En el arco estar\u00eda\u00a0Gilmar Napa, el capit\u00e1n de Ecuador y quien brill\u00f3 en el pasado sudamericano. En la l\u00ednea defensiva, hay un giro total en relaci\u00f3n al torneo sudamericano. Los cuatro defensores son nuevos, sin embargo todos con experiencia internacional. Volver\u00eda la dupla\u00a0Gonz\u00e1lez-Zambrano,\u00a0algo que se fue diluyendo en el torneo anterior bajo el mando de\u00a0Jimmy Bran,\u00a0sumado ahora, a\u00a0Kendry P\u00e1ez,\u00a0figura de la sub 17. Ya en fase ofensiva,\u00a0Alan Minda y Nilson Angulo\u00a0estar\u00e1n detr\u00e1s de Justin Cuero, el goleador &#8216;tricolor&#8217;. Ecuador sub 20 y su posible alineaci\u00f3n ante Estados Unidos Gilmar Napa; Daniel de la Cruz, Joel Ord\u00f3\u00f1ez, Cristhian Garc\u00eda, Maiky De la Cruz, \u00d3scar Zambrano, Kendry P\u00e1ez, Sebasti\u00e1n Gonz\u00e1lez, Alan Minda, Nilson Angulo, Justin Cuero. Fuente: Ecuavisa<\/p>\n","protected":false},"author":1,"featured_media":9971,"comment_status":"open","ping_status":"open","sticky":false,"template":"","format":"standard","meta":{"footnotes":""},"categories":[6],"tags":[],"class_list":["post-9969","post","type-post","status-publish","format-standard","has-post-thumbnail","hentry","category-deportes"],"_links":{"self":[{"href":"https:\/\/www.elamazonico.com\/portal\/wp-json\/wp\/v2\/posts\/9969","targetHints":{"allow":["GET"]}}],"collection":[{"href":"https:\/\/www.elamazonico.com\/portal\/wp-json\/wp\/v2\/posts"}],"about":[{"href":"https:\/\/www.elamazonico.com\/portal\/wp-json\/wp\/v2\/types\/post"}],"author":[{"embeddable":true,"href":"https:\/\/www.elamazonico.com\/portal\/wp-json\/wp\/v2\/users\/1"}],"replies":[{"embeddable":true,"href":"https:\/\/www.elamazonico.com\/portal\/wp-json\/wp\/v2\/comments?post=9969"}],"version-history":[{"count":1,"href":"https:\/\/www.elamazonico.com\/portal\/wp-json\/wp\/v2\/posts\/9969\/revisions"}],"predecessor-version":[{"id":9972,"href":"https:\/\/www.elamazonico.com\/portal\/wp-json\/wp\/v2\/posts\/9969\/revisions\/9972"}],"wp:featuredmedia":[{"embeddable":true,"href":"https:\/\/www.elamazonico.com\/portal\/wp-json\/wp\/v2\/media\/9971"}],"wp:attachment":[{"href":"https:\/\/www.elamazonico.com\/portal\/wp-json\/wp\/v2\/media?parent=9969"}],"wp:term":[{"taxonomy":"category","embeddable":true,"href":"https:\/\/www.elamazonico.com\/portal\/wp-json\/wp\/v2\/categories?post=9969"},{"taxonomy":"post_tag","embeddable":true,"href":"https:\/\/www.elamazonico.com\/portal\/wp-json\/wp\/v2\/tags?post=9969"}],"curies":[{"name":"wp","href":"https:\/\/api.w.org\/{rel}","templated":true}]}}