{"id":9966,"date":"2023-05-18T10:05:59","date_gmt":"2023-05-18T15:05:59","guid":{"rendered":"https:\/\/www.elamazonico.com\/portal\/?p=9966"},"modified":"2023-05-18T10:05:59","modified_gmt":"2023-05-18T15:05:59","slug":"muerte-cruzada-en-ecuador-relativa-calma-en-ecuador-en-segundo-dia-de-disolucion-de-la-asamblea","status":"publish","type":"post","link":"https:\/\/www.elamazonico.com\/portal\/muerte-cruzada-en-ecuador-relativa-calma-en-ecuador-en-segundo-dia-de-disolucion-de-la-asamblea\/","title":{"rendered":"Muerte cruzada en Ecuador: relativa calma en Ecuador en segundo d\u00eda de disoluci\u00f3n de la Asamblea"},"content":{"rendered":"<h2 class=\"fw-normal\">Este jueves, la Polic\u00eda ha permitido el acceso de personal administrativo de la Asamblea Nacional para retirar sus pertenencias.<\/h2>\n<div class=\"paragraph siquev2\">\n<p>Una relativa calma vive Ecuador en las primeras horas de este jueves, un d\u00eda despu\u00e9s de que el presidente\u00a0<b><a href=\"https:\/\/www.ecuavisa.com\/metadatos\/-\/meta\/guillermo-lasso\">Guillermo Lasso<\/a><\/b>, aplicara la\u00a0<b><a href=\"https:\/\/www.ecuavisa.com\/noticias\/politica\/el-presidente-guillermo-lasso-decreta-la-muerte-cruzada-y-disuelve-la-asamblea-nacional-MF5153781\">muerte cruzada<\/a><\/b>\u00a0y disolviese la\u00a0<b><a href=\"https:\/\/www.ecuavisa.com\/metadatos\/-\/meta\/asamblea-nacional\">Asamblea Nacional<\/a><\/b>, adem\u00e1s de pedir la convocatoria a elecciones generales anticipadas.<\/p>\n<p>Las actividades p\u00fablicas y privadas, as\u00ed como las educativas y financieras se desarrollan con normalidad en todo el pa\u00eds, mientras la sede la Asamblea mantiene custodia de las<b>\u00a0fuerzas del orden desde el mi\u00e9rcoles.<\/b><\/p>\n<p>Este jueves, la Polic\u00eda ha permitido el acceso de personal administrativo de la\u00a0<b>Asamblea Nacional<\/b>\u00a0para retirar sus pertenencias, mientras que se prev\u00e9 que lo propio podr\u00e1n hacer los exlegisladores desde el lunes venidero.<\/p>\n<p>El sistema de transporte local, provincial y nacional funciona con total normalidad, e incluso se mantiene la restricci\u00f3n de circulaci\u00f3n en la capital de autos dependiendo del n\u00famero final de la placa, como de costumbre.<\/p>\n<p>Los aeropuertos, hospitales y otras casas de salud, as\u00ed como los servicios p\u00fablicos tambi\u00e9n funcionaban con absoluta normalidad en las primeras horas de este jueves.<\/p>\n<\/div>\n<h2 class=\"h2-componente\">MUERTE CRUZADA<\/h2>\n<div class=\"paragraph siquev2\">\n<p>Lasso recurri\u00f3 el mi\u00e9rcoles en medio de un juicio pol\u00edtico en su contra a la herramienta constitucional de la muerte cruzada, por la que disolvi\u00f3 la Asamblea, de mayor\u00eda opositora, y adelant\u00f3 las elecciones generales.<\/p>\n<p>Cuando estaba a punto de llegar al ecuador de mandato presidencial, Lasso, que fue elegido<b>\u00a0presidente en las elecciones de 2021<\/b>, decidi\u00f3 no esperar al resultado de la votaci\u00f3n de la moci\u00f3n de censura, que se llevar\u00eda a cabo en la Asamblea, promovida por la oposici\u00f3n, que tiene al corre\u00edsmo como primera fuerza, y que lo acusa de un supuesto delito de peculado (malversaci\u00f3n).<\/p>\n<p>De esta forma, Lasso sacrific\u00f3 la segunda mitad de su mandato a cambio de evitar una posible destituci\u00f3n bajo una acusaci\u00f3n de corrupci\u00f3n en unos contratos de transporte mar\u00edtimo de petr\u00f3leo con\u00a0<b>condiciones supuestamente perjudiciales para el Estado<\/b>, como seg\u00fan sostiene la oposici\u00f3n, y que el gobernante rechaza.<\/p>\n<p>Para aplicar la muerte cruzada, Lasso adujo<b>\u00a0\u00abgrave crisis pol\u00edtica y conmoci\u00f3n interna\u00bb.<\/b><\/p>\n<p>\u00abEcuador tiene la necesidad de un nuevo pacto pol\u00edtico y social que le permita salir de la\u00a0<b>grave crisis pol\u00edtica<\/b>\u00a0en la que se encuentra y que, lamentablemente, cada d\u00eda se profundiza\u00bb, dijo Lasso en el inicio de su mensaje.<\/p>\n<p>En su discurso, Lasso culp\u00f3 a la oposici\u00f3n de entorpecer desde el inicio de su mandato la gobernabilidad del pa\u00eds, sumido en una crisis de inseguridad por parte del crimen organizado, y haber querido sacarle del poder en cuatro ocasiones.<\/p>\n<\/div>\n<h2 class=\"h2-componente\">DEMANDA DE INCONSTITUCIONALIDAD<\/h2>\n<div class=\"paragraph siquev2\">\n<p>El expresidente Rafael Correa asegur\u00f3 que la aplicaci\u00f3n de la \u00abmuerte cruzada\u00bb en medio del juicio pol\u00edtico de censura es ilegal, y el presidente de la\u00a0<b><a href=\"https:\/\/www.ecuavisa.com\/metadatos\/-\/meta\/confederacion-de-nacionalidades-indigenas-del-ecuador\">Confederaci\u00f3n de Nacionalidades Ind\u00edgenas del Ecuador (Conaie)<\/a><\/b>, Leonidas Iza, habl\u00f3 de un \u00abauto golpe\u00bb de Estado.<\/p>\n<p>El corre\u00edsmo y el<a href=\"https:\/\/www.ecuavisa.com\/metadatos\/-\/meta\/partido-social-cristiano\">\u00a0<b>Partido Social Cristiano\u00a0<\/b><\/a><b>(PSC)<\/b>, los principales promotores del juicio pol\u00edtico contra Lasso, rechazaron que exista una grave crisis pol\u00edtica e interna y cuestionaron la legitimidad del movimiento de Lasso, al que acusaron de usar la\u00a0<b>\u00abmuerte cruzada\u00bb<\/b>\u00a0para evitar una probable destituci\u00f3n.<\/p>\n<p>Mientras los jueces Pablo Herrer\u00eda Bonnet y Jhoel Escudero Soliz de la Corte Constitucional dan tr\u00e1mite a pedidos de inconstitucionalidad al decreto por el que Lasso disolvi\u00f3 el Parlamento interpuestos por la oposici\u00f3n, el\u00a0<b><a href=\"https:\/\/www.ecuavisa.com\/metadatos\/-\/meta\/consejo-nacional-electoral\">Consejo Nacional Electoral<\/a>\u00a0(CNE)<\/b>\u00a0avanza en la preparaci\u00f3n de las elecciones anticipadas.<\/p>\n<p>Las nuevas elecciones se celebrar\u00e1n en un plazo de 90 d\u00edas, seg\u00fan anticip\u00f3 la presidenta del<b>\u00a0CNE,\u00a0<a href=\"https:\/\/www.ecuavisa.com\/metadatos\/-\/meta\/diana-atamaint\">Diana Atamaint<\/a><\/b>, y las autoridades elegidas completar\u00e1n el periodo 2021-2025, con posibilidad de que Lasso se presente a la reelecci\u00f3n, aunque a\u00fan no ha anunciado nada al respecto.<\/p>\n<p>Iza, cuyo brazo pol\u00edtico es\u00a0<b>Pachakutik<\/b>, convoc\u00f3 a sectores sociales a una \u00abAsamblea popular\u00bb para \u00abencarar el modelo dictatorial\u00bb que pueda aplicar Lasso en este periodo, lo que puede implicar protestas.<\/p>\n<p>Ante esas posibles protestas, el ministro del Interior, Juan Zapata, advirti\u00f3 este mi\u00e9rcoles que la Polic\u00eda s\u00f3lo actuar\u00e1 \u00absi el orden constituido se viera afectado\u00bb.<\/p>\n<\/div>\n","protected":false},"excerpt":{"rendered":"<p>Este jueves, la Polic\u00eda ha permitido el acceso de personal administrativo de la Asamblea Nacional para retirar sus pertenencias. Una relativa calma vive Ecuador en las primeras horas de este jueves, un d\u00eda despu\u00e9s de que el presidente\u00a0Guillermo Lasso, aplicara la\u00a0muerte cruzada\u00a0y disolviese la\u00a0Asamblea Nacional, adem\u00e1s de pedir la convocatoria a elecciones generales anticipadas. Las actividades p\u00fablicas y privadas, as\u00ed como las educativas y financieras se desarrollan con normalidad en todo el pa\u00eds, mientras la sede la Asamblea mantiene custodia de las\u00a0fuerzas del orden desde el mi\u00e9rcoles. Este jueves, la Polic\u00eda ha permitido el acceso de personal administrativo de la\u00a0Asamblea Nacional\u00a0para retirar sus pertenencias, mientras que se prev\u00e9 que lo propio podr\u00e1n hacer los exlegisladores desde el lunes venidero. El sistema de transporte local, provincial y nacional funciona con total normalidad, e incluso se mantiene la restricci\u00f3n de circulaci\u00f3n en la capital de autos dependiendo del n\u00famero final de la placa, como de costumbre. Los aeropuertos, hospitales y otras casas de salud, as\u00ed como los servicios p\u00fablicos tambi\u00e9n funcionaban con absoluta normalidad en las primeras horas de este jueves. MUERTE CRUZADA Lasso recurri\u00f3 el mi\u00e9rcoles en medio de un juicio pol\u00edtico en su contra a la herramienta constitucional de la muerte cruzada, por la que disolvi\u00f3 la Asamblea, de mayor\u00eda opositora, y adelant\u00f3 las elecciones generales. Cuando estaba a punto de llegar al ecuador de mandato presidencial, Lasso, que fue elegido\u00a0presidente en las elecciones de 2021, decidi\u00f3 no esperar al resultado de la votaci\u00f3n de la moci\u00f3n de censura, que se llevar\u00eda a cabo en la Asamblea, promovida por la oposici\u00f3n, que tiene al corre\u00edsmo como primera fuerza, y que lo acusa de un supuesto delito de peculado (malversaci\u00f3n). De esta forma, Lasso sacrific\u00f3 la segunda mitad de su mandato a cambio de evitar una posible destituci\u00f3n bajo una acusaci\u00f3n de corrupci\u00f3n en unos contratos de transporte mar\u00edtimo de petr\u00f3leo con\u00a0condiciones supuestamente perjudiciales para el Estado, como seg\u00fan sostiene la oposici\u00f3n, y que el gobernante rechaza. Para aplicar la muerte cruzada, Lasso adujo\u00a0\u00abgrave crisis pol\u00edtica y conmoci\u00f3n interna\u00bb. \u00abEcuador tiene la necesidad de un nuevo pacto pol\u00edtico y social que le permita salir de la\u00a0grave crisis pol\u00edtica\u00a0en la que se encuentra y que, lamentablemente, cada d\u00eda se profundiza\u00bb, dijo Lasso en el inicio de su mensaje. En su discurso, Lasso culp\u00f3 a la oposici\u00f3n de entorpecer desde el inicio de su mandato la gobernabilidad del pa\u00eds, sumido en una crisis de inseguridad por parte del crimen organizado, y haber querido sacarle del poder en cuatro ocasiones. DEMANDA DE INCONSTITUCIONALIDAD El expresidente Rafael Correa asegur\u00f3 que la aplicaci\u00f3n de la \u00abmuerte cruzada\u00bb en medio del juicio pol\u00edtico de censura es ilegal, y el presidente de la\u00a0Confederaci\u00f3n de Nacionalidades Ind\u00edgenas del Ecuador (Conaie), Leonidas Iza, habl\u00f3 de un \u00abauto golpe\u00bb de Estado. El corre\u00edsmo y el\u00a0Partido Social Cristiano\u00a0(PSC), los principales promotores del juicio pol\u00edtico contra Lasso, rechazaron que exista una grave crisis pol\u00edtica e interna y cuestionaron la legitimidad del movimiento de Lasso, al que acusaron de usar la\u00a0\u00abmuerte cruzada\u00bb\u00a0para evitar una probable destituci\u00f3n. Mientras los jueces Pablo Herrer\u00eda Bonnet y Jhoel Escudero Soliz de la Corte Constitucional dan tr\u00e1mite a pedidos de inconstitucionalidad al decreto por el que Lasso disolvi\u00f3 el Parlamento interpuestos por la oposici\u00f3n, el\u00a0Consejo Nacional Electoral\u00a0(CNE)\u00a0avanza en la preparaci\u00f3n de las elecciones anticipadas. Las nuevas elecciones se celebrar\u00e1n en un plazo de 90 d\u00edas, seg\u00fan anticip\u00f3 la presidenta del\u00a0CNE,\u00a0Diana Atamaint, y las autoridades elegidas completar\u00e1n el periodo 2021-2025, con posibilidad de que Lasso se presente a la reelecci\u00f3n, aunque a\u00fan no ha anunciado nada al respecto. Iza, cuyo brazo pol\u00edtico es\u00a0Pachakutik, convoc\u00f3 a sectores sociales a una \u00abAsamblea popular\u00bb para \u00abencarar el modelo dictatorial\u00bb que pueda aplicar Lasso en este periodo, lo que puede implicar protestas. Ante esas posibles protestas, el ministro del Interior, Juan Zapata, advirti\u00f3 este mi\u00e9rcoles que la Polic\u00eda s\u00f3lo actuar\u00e1 \u00absi el orden constituido se viera afectado\u00bb.<\/p>\n","protected":false},"author":1,"featured_media":9967,"comment_status":"open","ping_status":"open","sticky":false,"template":"","format":"standard","meta":{"footnotes":""},"categories":[268],"tags":[],"class_list":["post-9966","post","type-post","status-publish","format-standard","has-post-thumbnail","hentry","category-nacionales"],"_links":{"self":[{"href":"https:\/\/www.elamazonico.com\/portal\/wp-json\/wp\/v2\/posts\/9966","targetHints":{"allow":["GET"]}}],"collection":[{"href":"https:\/\/www.elamazonico.com\/portal\/wp-json\/wp\/v2\/posts"}],"about":[{"href":"https:\/\/www.elamazonico.com\/portal\/wp-json\/wp\/v2\/types\/post"}],"author":[{"embeddable":true,"href":"https:\/\/www.elamazonico.com\/portal\/wp-json\/wp\/v2\/users\/1"}],"replies":[{"embeddable":true,"href":"https:\/\/www.elamazonico.com\/portal\/wp-json\/wp\/v2\/comments?post=9966"}],"version-history":[{"count":1,"href":"https:\/\/www.elamazonico.com\/portal\/wp-json\/wp\/v2\/posts\/9966\/revisions"}],"predecessor-version":[{"id":9968,"href":"https:\/\/www.elamazonico.com\/portal\/wp-json\/wp\/v2\/posts\/9966\/revisions\/9968"}],"wp:featuredmedia":[{"embeddable":true,"href":"https:\/\/www.elamazonico.com\/portal\/wp-json\/wp\/v2\/media\/9967"}],"wp:attachment":[{"href":"https:\/\/www.elamazonico.com\/portal\/wp-json\/wp\/v2\/media?parent=9966"}],"wp:term":[{"taxonomy":"category","embeddable":true,"href":"https:\/\/www.elamazonico.com\/portal\/wp-json\/wp\/v2\/categories?post=9966"},{"taxonomy":"post_tag","embeddable":true,"href":"https:\/\/www.elamazonico.com\/portal\/wp-json\/wp\/v2\/tags?post=9966"}],"curies":[{"name":"wp","href":"https:\/\/api.w.org\/{rel}","templated":true}]}}