{"id":9952,"date":"2023-05-18T08:06:04","date_gmt":"2023-05-18T13:06:04","guid":{"rendered":"https:\/\/www.elamazonico.com\/portal\/?p=9952"},"modified":"2023-05-18T08:06:04","modified_gmt":"2023-05-18T13:06:04","slug":"el-oficialismo-quiere-demostrar-que-puede-sacar-adelante-a-ecuador-sin-asamblea","status":"publish","type":"post","link":"https:\/\/www.elamazonico.com\/portal\/el-oficialismo-quiere-demostrar-que-puede-sacar-adelante-a-ecuador-sin-asamblea\/","title":{"rendered":"El oficialismo quiere demostrar que puede sacar adelante a Ecuador sin Asamblea"},"content":{"rendered":"<p>La<strong>\u00a0bancada oficialista<\/strong>\u00a0de la disuelta<strong>\u00a0Asamblea Nacional<\/strong>\u00a0tras aplicaci\u00f3n de la denominada muerte cruzada por parte del presidente Guillermo Lasso quiere demostrar ahora que \u00abse puede sacar adelante el pa\u00eds\u00bb sin el funcionamiento del Legislativo, de mayor\u00eda opositora.<\/p>\n<p>\u00abVamos a demostrar que es\u00a0<strong>posible sacar adelante este pa\u00eds cuando hay convicci\u00f3n,<\/strong>\u00a0y en especial no permitiremos que aquellos que nos quisieron arrodillar regresen a Ecuador\u00bb, afirm\u00f3 el ya exasamble\u00edsta\u00a0<strong>Juan Fernando Flores<\/strong>, uno de los portavoces de la Bancada Ecuador.<\/p>\n<p>En esos t\u00e9rminos se expres\u00f3 el exlegislador tras la<strong>\u00a0decisi\u00f3n tomada por Lasso\u00a0<\/strong>por \u00abgrave crisis pol\u00edtica y conmoci\u00f3n interna\u00bb, en medio del\u00a0<strong>juicio pol\u00edtico\u00a0<\/strong>de censura que se llevaba a cabo en la Asamblea Nacional y ante la incertidumbre de lograr los votos suficientes que le permitieran ganar la votaci\u00f3n y seguir en el cargo.<\/p>\n<blockquote class=\"twitter-tweet\" data-width=\"550\" data-dnt=\"true\">\n<p lang=\"es\" dir=\"ltr\"><a href=\"https:\/\/twitter.com\/hashtag\/Quito?src=hash&amp;ref_src=twsrc%5Etfw\">#Quito<\/a> | &quot;El Gobierno est\u00e1 dispuesto a conversar no solo con los cinco partidos pol\u00edticos que ten\u00edan representaci\u00f3n en la Asamblea&quot;, sostiene Juan Fernando Flores, coordinador del bloque oficialista.<\/p>\n<p>V\u00eda: <a href=\"https:\/\/twitter.com\/rgrvelez?ref_src=twsrc%5Etfw\">@rgrvelez<\/a> <a href=\"https:\/\/t.co\/Q19ES2KBC7\">pic.twitter.com\/Q19ES2KBC7<\/a><\/p>\n<p>&mdash; El Comercio (@elcomerciocom) <a href=\"https:\/\/twitter.com\/elcomerciocom\/status\/1658964281755303939?ref_src=twsrc%5Etfw\">May 17, 2023<\/a><\/p><\/blockquote>\n<p><script async src=\"https:\/\/platform.twitter.com\/widgets.js\" charset=\"utf-8\"><\/script><\/p>\n<p>Con la\u00a0<strong>muerte cruzada,<\/strong>\u00a0a la vez que se disuelve la Asamblea se adelantan las elecciones generales y, hasta que entre en funciones el nuevo Legislativo, el presidente pueda\u00a0<strong>gobernar mediante decretos<\/strong>\u00a0ley que deben ser revisados por la Corte Constitucional.<\/p>\n<p>En ese sentido, Flores advirti\u00f3 que\u00a0<strong>solo pueden tramitarse por esta v\u00eda proyectos en materia econ\u00f3mica urgente<\/strong>\u00a0y esperan en este tiempo emitir el mayor n\u00famero posible para \u00abmejorar la vida\u00bb de los ciudadanos.<\/p>\n<p>Cualquier otra iniciativa legislativa del Gobierno que no se ci\u00f1a a esa materia deber\u00e1 esperar a la conformaci\u00f3n de la nueva Asamblea, indic\u00f3 el exparlamentario, quien coment\u00f3 que ya le entregaron diecisiete proyectos de ley a Lasso.<\/p>\n<p>Esto implica que no pueda tramitarse por decreto ley la reforma laboral que pretend\u00eda sacar adelante Lasso.<\/p>\n<p>Asimismo,\u00a0<strong>Flores defendi\u00f3 la aplicaci\u00f3n de la muerte cruzada\u00a0<\/strong>frente a la demanda de inconstitucionalidad presentada por el conservador Partido Social Cristiano (PSC), antiguo aliado electoral de Lasso y ahora uno de los principales promotores del juicio pol\u00edtico junto al corre\u00edsmo.<\/p>\n<p>El juicio pol\u00edtico se desarrollaba bajo la acusaci\u00f3n de un supuesto delito de peculado (malversaci\u00f3n) en contratos de transporte mar\u00edtimo de petr\u00f3leo que Lasso siempre rechaz\u00f3 y calific\u00f3 de una invenci\u00f3n de sus detractores.<\/p>\n<p>La oposici\u00f3n lanz\u00f3 el\u00a0<strong>juicio pol\u00edtico contra Lasso\u00a0<\/strong>en el momento m\u00e1s d\u00e9bil de sus casi dos a\u00f1os como presidente, tras revelarse una supuesta trama de corrupci\u00f3n en empresas p\u00fablicas que involucraba a su cu\u00f1ado, Danilo Carrera, y luego de la dura derrota sufrida en la cita del 5 de febrero.<\/p>\n<p>En esas votaciones, el Gobierno perdi\u00f3 el refer\u00e9ndum convocado para aplicar reformas a la Constituci\u00f3n y, a su vez, la Revoluci\u00f3n Ciudadana, el partido de Correa, se proclam\u00f3 el gran triunfador de las elecciones locales. Fuente: El Comercio<\/p>\n","protected":false},"excerpt":{"rendered":"<p>La\u00a0bancada oficialista\u00a0de la disuelta\u00a0Asamblea Nacional\u00a0tras aplicaci\u00f3n de la denominada muerte cruzada por parte del presidente Guillermo Lasso quiere demostrar ahora que \u00abse puede sacar adelante el pa\u00eds\u00bb sin el funcionamiento del Legislativo, de mayor\u00eda opositora. \u00abVamos a demostrar que es\u00a0posible sacar adelante este pa\u00eds cuando hay convicci\u00f3n,\u00a0y en especial no permitiremos que aquellos que nos quisieron arrodillar regresen a Ecuador\u00bb, afirm\u00f3 el ya exasamble\u00edsta\u00a0Juan Fernando Flores, uno de los portavoces de la Bancada Ecuador. En esos t\u00e9rminos se expres\u00f3 el exlegislador tras la\u00a0decisi\u00f3n tomada por Lasso\u00a0por \u00abgrave crisis pol\u00edtica y conmoci\u00f3n interna\u00bb, en medio del\u00a0juicio pol\u00edtico\u00a0de censura que se llevaba a cabo en la Asamblea Nacional y ante la incertidumbre de lograr los votos suficientes que le permitieran ganar la votaci\u00f3n y seguir en el cargo. #Quito | &quot;El Gobierno est\u00e1 dispuesto a conversar no solo con los cinco partidos pol\u00edticos que ten\u00edan representaci\u00f3n en la Asamblea&quot;, sostiene Juan Fernando Flores, coordinador del bloque oficialista. V\u00eda: @rgrvelez pic.twitter.com\/Q19ES2KBC7 &mdash; El Comercio (@elcomerciocom) May 17, 2023 Con la\u00a0muerte cruzada,\u00a0a la vez que se disuelve la Asamblea se adelantan las elecciones generales y, hasta que entre en funciones el nuevo Legislativo, el presidente pueda\u00a0gobernar mediante decretos\u00a0ley que deben ser revisados por la Corte Constitucional. En ese sentido, Flores advirti\u00f3 que\u00a0solo pueden tramitarse por esta v\u00eda proyectos en materia econ\u00f3mica urgente\u00a0y esperan en este tiempo emitir el mayor n\u00famero posible para \u00abmejorar la vida\u00bb de los ciudadanos. Cualquier otra iniciativa legislativa del Gobierno que no se ci\u00f1a a esa materia deber\u00e1 esperar a la conformaci\u00f3n de la nueva Asamblea, indic\u00f3 el exparlamentario, quien coment\u00f3 que ya le entregaron diecisiete proyectos de ley a Lasso. Esto implica que no pueda tramitarse por decreto ley la reforma laboral que pretend\u00eda sacar adelante Lasso. Asimismo,\u00a0Flores defendi\u00f3 la aplicaci\u00f3n de la muerte cruzada\u00a0frente a la demanda de inconstitucionalidad presentada por el conservador Partido Social Cristiano (PSC), antiguo aliado electoral de Lasso y ahora uno de los principales promotores del juicio pol\u00edtico junto al corre\u00edsmo. El juicio pol\u00edtico se desarrollaba bajo la acusaci\u00f3n de un supuesto delito de peculado (malversaci\u00f3n) en contratos de transporte mar\u00edtimo de petr\u00f3leo que Lasso siempre rechaz\u00f3 y calific\u00f3 de una invenci\u00f3n de sus detractores. La oposici\u00f3n lanz\u00f3 el\u00a0juicio pol\u00edtico contra Lasso\u00a0en el momento m\u00e1s d\u00e9bil de sus casi dos a\u00f1os como presidente, tras revelarse una supuesta trama de corrupci\u00f3n en empresas p\u00fablicas que involucraba a su cu\u00f1ado, Danilo Carrera, y luego de la dura derrota sufrida en la cita del 5 de febrero. En esas votaciones, el Gobierno perdi\u00f3 el refer\u00e9ndum convocado para aplicar reformas a la Constituci\u00f3n y, a su vez, la Revoluci\u00f3n Ciudadana, el partido de Correa, se proclam\u00f3 el gran triunfador de las elecciones locales. Fuente: El Comercio<\/p>\n","protected":false},"author":1,"featured_media":9953,"comment_status":"open","ping_status":"open","sticky":false,"template":"","format":"standard","meta":{"footnotes":""},"categories":[268],"tags":[],"class_list":["post-9952","post","type-post","status-publish","format-standard","has-post-thumbnail","hentry","category-nacionales"],"_links":{"self":[{"href":"https:\/\/www.elamazonico.com\/portal\/wp-json\/wp\/v2\/posts\/9952","targetHints":{"allow":["GET"]}}],"collection":[{"href":"https:\/\/www.elamazonico.com\/portal\/wp-json\/wp\/v2\/posts"}],"about":[{"href":"https:\/\/www.elamazonico.com\/portal\/wp-json\/wp\/v2\/types\/post"}],"author":[{"embeddable":true,"href":"https:\/\/www.elamazonico.com\/portal\/wp-json\/wp\/v2\/users\/1"}],"replies":[{"embeddable":true,"href":"https:\/\/www.elamazonico.com\/portal\/wp-json\/wp\/v2\/comments?post=9952"}],"version-history":[{"count":1,"href":"https:\/\/www.elamazonico.com\/portal\/wp-json\/wp\/v2\/posts\/9952\/revisions"}],"predecessor-version":[{"id":9954,"href":"https:\/\/www.elamazonico.com\/portal\/wp-json\/wp\/v2\/posts\/9952\/revisions\/9954"}],"wp:featuredmedia":[{"embeddable":true,"href":"https:\/\/www.elamazonico.com\/portal\/wp-json\/wp\/v2\/media\/9953"}],"wp:attachment":[{"href":"https:\/\/www.elamazonico.com\/portal\/wp-json\/wp\/v2\/media?parent=9952"}],"wp:term":[{"taxonomy":"category","embeddable":true,"href":"https:\/\/www.elamazonico.com\/portal\/wp-json\/wp\/v2\/categories?post=9952"},{"taxonomy":"post_tag","embeddable":true,"href":"https:\/\/www.elamazonico.com\/portal\/wp-json\/wp\/v2\/tags?post=9952"}],"curies":[{"name":"wp","href":"https:\/\/api.w.org\/{rel}","templated":true}]}}