{"id":9948,"date":"2023-05-18T07:16:00","date_gmt":"2023-05-18T12:16:00","guid":{"rendered":"https:\/\/www.elamazonico.com\/portal\/?p=9948"},"modified":"2023-05-18T07:16:32","modified_gmt":"2023-05-18T12:16:32","slug":"muerte-cruzada-en-ecuador-el-presidente-emitira-al-menos-cinco-decretos-ley-en-los-proximos-dias","status":"publish","type":"post","link":"https:\/\/www.elamazonico.com\/portal\/muerte-cruzada-en-ecuador-el-presidente-emitira-al-menos-cinco-decretos-ley-en-los-proximos-dias\/","title":{"rendered":"Muerte cruzada en Ecuador: el Presidente emitir\u00e1, al menos, cinco decretos ley en los pr\u00f3ximos d\u00edas"},"content":{"rendered":"<h2 class=\"fw-normal\">La evaluaci\u00f3n sobre la aplicaci\u00f3n de la muerte cruzada y la agenda para los pr\u00f3ximos d\u00edas fueron los motivos para las reuniones que mantuvo el presidente.<\/h2>\n<p>El Gobierno busca respaldo pol\u00edtico, ciudadano y de la comunidad internacional a la decisi\u00f3n del presidente<b>\u00a0Guillermo Lasso\u00a0<\/b>de aplicar\u00a0<a href=\"https:\/\/www.ecuavisa.com\/noticias\/politica\/muerte-cruzada-en-ecuador-que-significa-gobernar-por-decreto-KB5164804\">la muerte cruzada.<\/a>\u00a0Ese fue uno de los ejes de las constantes reuniones que se produjeron en la Presidencia durante la jornada de hoy, mi\u00e9rcoles 17 de mayo de 2023.<\/p>\n<p>Y, la primera expresi\u00f3n de ese respaldo se produjo en la tarde cuando un grupo de exlegisladores afines al gobierno se pronunciaron a favor de la decisi\u00f3n. As\u00ed se busca neutralizar los anuncios en contra, de otros sectores pol\u00edticos y de la disuelta Asamblea.<\/p>\n<p><b>LEA:\u00a0<\/b><a href=\"https:\/\/www.ecuavisa.com\/noticias\/politica\/muerte-cruzada-en-ecuador-que-hizo-y-que-dejo-pendiente-la-asamblea-nacional-IY5144974\">Muerte cruzada en Ecuador: \u00bfqu\u00e9 hizo y qu\u00e9 dej\u00f3 pendiente la Asamblea Nacional?<\/a><\/p>\n<p>El otro eje fue el internacional. Los embajadores delegados en Quito tambi\u00e9n fueron llamados a\u00a0<b>Carondelet<\/b>. Ah\u00ed escucharon los argumentos del presidente, quien les pidi\u00f3 su respaldo.<\/p>\n<p>Y, la agenda de las pr\u00f3ximas semanas tambi\u00e9n fue motivo de una reuni\u00f3n del gabinete ampliado. Se espera que el presidente emita, al menos,\u00a0<b>cinco decretos &#8211; ley en los pr\u00f3ximos d\u00edas. Fuente: Ecuavisa<\/b><\/p>\n<p>&nbsp;<\/p>\n","protected":false},"excerpt":{"rendered":"<p>La evaluaci\u00f3n sobre la aplicaci\u00f3n de la muerte cruzada y la agenda para los pr\u00f3ximos d\u00edas fueron los motivos para las reuniones que mantuvo el presidente. El Gobierno busca respaldo pol\u00edtico, ciudadano y de la comunidad internacional a la decisi\u00f3n del presidente\u00a0Guillermo Lasso\u00a0de aplicar\u00a0la muerte cruzada.\u00a0Ese fue uno de los ejes de las constantes reuniones que se produjeron en la Presidencia durante la jornada de hoy, mi\u00e9rcoles 17 de mayo de 2023. Y, la primera expresi\u00f3n de ese respaldo se produjo en la tarde cuando un grupo de exlegisladores afines al gobierno se pronunciaron a favor de la decisi\u00f3n. As\u00ed se busca neutralizar los anuncios en contra, de otros sectores pol\u00edticos y de la disuelta Asamblea. LEA:\u00a0Muerte cruzada en Ecuador: \u00bfqu\u00e9 hizo y qu\u00e9 dej\u00f3 pendiente la Asamblea Nacional? El otro eje fue el internacional. Los embajadores delegados en Quito tambi\u00e9n fueron llamados a\u00a0Carondelet. Ah\u00ed escucharon los argumentos del presidente, quien les pidi\u00f3 su respaldo. Y, la agenda de las pr\u00f3ximas semanas tambi\u00e9n fue motivo de una reuni\u00f3n del gabinete ampliado. Se espera que el presidente emita, al menos,\u00a0cinco decretos &#8211; ley en los pr\u00f3ximos d\u00edas. Fuente: Ecuavisa &nbsp;<\/p>\n","protected":false},"author":1,"featured_media":9949,"comment_status":"open","ping_status":"open","sticky":false,"template":"","format":"standard","meta":{"footnotes":""},"categories":[268],"tags":[],"class_list":["post-9948","post","type-post","status-publish","format-standard","has-post-thumbnail","hentry","category-nacionales"],"_links":{"self":[{"href":"https:\/\/www.elamazonico.com\/portal\/wp-json\/wp\/v2\/posts\/9948","targetHints":{"allow":["GET"]}}],"collection":[{"href":"https:\/\/www.elamazonico.com\/portal\/wp-json\/wp\/v2\/posts"}],"about":[{"href":"https:\/\/www.elamazonico.com\/portal\/wp-json\/wp\/v2\/types\/post"}],"author":[{"embeddable":true,"href":"https:\/\/www.elamazonico.com\/portal\/wp-json\/wp\/v2\/users\/1"}],"replies":[{"embeddable":true,"href":"https:\/\/www.elamazonico.com\/portal\/wp-json\/wp\/v2\/comments?post=9948"}],"version-history":[{"count":2,"href":"https:\/\/www.elamazonico.com\/portal\/wp-json\/wp\/v2\/posts\/9948\/revisions"}],"predecessor-version":[{"id":9951,"href":"https:\/\/www.elamazonico.com\/portal\/wp-json\/wp\/v2\/posts\/9948\/revisions\/9951"}],"wp:featuredmedia":[{"embeddable":true,"href":"https:\/\/www.elamazonico.com\/portal\/wp-json\/wp\/v2\/media\/9949"}],"wp:attachment":[{"href":"https:\/\/www.elamazonico.com\/portal\/wp-json\/wp\/v2\/media?parent=9948"}],"wp:term":[{"taxonomy":"category","embeddable":true,"href":"https:\/\/www.elamazonico.com\/portal\/wp-json\/wp\/v2\/categories?post=9948"},{"taxonomy":"post_tag","embeddable":true,"href":"https:\/\/www.elamazonico.com\/portal\/wp-json\/wp\/v2\/tags?post=9948"}],"curies":[{"name":"wp","href":"https:\/\/api.w.org\/{rel}","templated":true}]}}