{"id":9945,"date":"2023-05-18T07:12:21","date_gmt":"2023-05-18T12:12:21","guid":{"rendered":"https:\/\/www.elamazonico.com\/portal\/?p=9945"},"modified":"2023-05-18T07:12:21","modified_gmt":"2023-05-18T12:12:21","slug":"sorteados-jueces-que-revisaran-demandas-de-inconstitucionalidad-contra-la-muerte-cruzada","status":"publish","type":"post","link":"https:\/\/www.elamazonico.com\/portal\/sorteados-jueces-que-revisaran-demandas-de-inconstitucionalidad-contra-la-muerte-cruzada\/","title":{"rendered":"Sorteados jueces que revisar\u00e1n demandas de inconstitucionalidad contra la muerte cruzada"},"content":{"rendered":"<p>La <strong>Corte Constitucional\u00a0<\/strong>sorte\u00f3 este martes, 17 de mayo de 2023, los\u00a0<strong>jueces\u00a0<\/strong>que revisar\u00e1n las\u00a0<strong>demandas de inconstitucionalidad<\/strong>\u00a0presentadas por\u00a0<strong>siete exasamble\u00edstas<\/strong>\u00a0contra la muerte cruzada que dictamin\u00f3 el presidente, Guillermo Lasso.<\/p>\n<p>A trav\u00e9s de\u00a0<strong>dos acciones p\u00fablicas de inconstitucionalidad<\/strong>\u00a0los legisladores solicitaron a la entidad que decida si el decreto de Lasso es ilegal o si se aprueba.<\/p>\n<p>Los jueces elegidos tras el sorteo para dar tr\u00e1mite al pedido son\u00a0<strong>Pablo Herrer\u00eda Bonnet<\/strong>\u00a0y\u00a0<strong>Jhoel Escudero Soliz<\/strong>.<\/p>\n<p>Los exasamble\u00edstas por\u00a0<strong>Pachakutik<\/strong>: \u00c1ngel Maita; Mireya Pazmi\u00f1o; Dina Farinango; Janeth Llano y Jos\u00e9 Cabascango fueron los primeros en presentar su demanda a las 13:43 de este martes.<\/p>\n<p><img decoding=\"async\" src=\"https:\/\/www.elcomercio.com\/wp-content\/uploads\/2023\/05\/image-41-700x385.png\" \/><\/p>\n<p>Por su parte,\u00a0<strong>Esteban Torres<\/strong>\u00a0de la bancada del Partido Social Cristiano (PSC) y\u00a0<strong>Yese\u00f1a Guaman\u00ed<\/strong>\u00a0de la Izquierda Democr\u00e1tica (ID) lo hicieron a las 13:55.<\/p>\n<p><img decoding=\"async\" src=\"https:\/\/www.elcomercio.com\/wp-content\/uploads\/2023\/05\/image-40-700x390.png\" \/><\/p>\n<p>Esto tendr\u00e1 que decidirlo la\u00a0<strong>Corte<\/strong>, quien deber\u00e1 decidir qu\u00e9 pasa al final. Si el decreto es declarado\u00a0<strong>ilegal\u00a0<\/strong>e\u00a0<strong>inconstitucional<\/strong>, la\u00a0<strong>Asamblea\u00a0<\/strong>seguir\u00e1 en funciones\u00bb, coment\u00f3 Torres.<\/p>\n<p>El exlegislador del PSC argument\u00f3 que la muerte cruzada aplicada por Lasso tiene\u00a0<strong>causales espec\u00edficas<\/strong>\u00a0\u00aby ninguna de esas causales es precisamente evitar la votaci\u00f3n de un juicio pol\u00edtico constitucional, legal\u00bb.<\/p>\n<p>El ministro de Gobierno,\u00a0<strong>Henry Cucal\u00f3n<\/strong>, preguntado por el EL COMERCIO, se\u00f1al\u00f3 en un encuentro con la prensa que \u201chabr\u00e1 que ver c\u00f3mo act\u00faa la Corte Constitucional. La clave es que la Corte garantice que las actuaciones del Ejecutivo est\u00e9n dentro del\u00a0<strong>marco constitucional,<\/strong>\u00a0y que esto no desemboque en un exceso de poder del Gobierno central\u201d, expres\u00f3.<\/p>\n<h2>Muerte cruzada<\/h2>\n<p>Lasso anunci\u00f3 la\u00a0<strong>muerte cruzada<\/strong>, contemplada en la\u00a0<strong>Constituci\u00f3n ecuatoriana\u00a0<\/strong>de 2008 por \u00abgrave conmoci\u00f3n interna y pol\u00edtica\u00bb, despu\u00e9s de haber comparecido el martes, 16 de mayo, ante la\u00a0<strong>Asamblea\u00a0<\/strong>para realizar su alegato de defensa ante la acusaci\u00f3n formulada por la\u00a0<strong>oposici\u00f3n\u00a0<\/strong>por un presunto delito de peculado, que \u00e9l considera \u00abinfundada\u00bb.<\/p>\n<p>El mandatario recurri\u00f3 a la muerte cruzada antes de que inicie el segundo d\u00eda de debate que deb\u00eda llevarse a cabo en el Pleno Legislativo. Fuente: El Comercio<\/p>\n","protected":false},"excerpt":{"rendered":"<p>La Corte Constitucional\u00a0sorte\u00f3 este martes, 17 de mayo de 2023, los\u00a0jueces\u00a0que revisar\u00e1n las\u00a0demandas de inconstitucionalidad\u00a0presentadas por\u00a0siete exasamble\u00edstas\u00a0contra la muerte cruzada que dictamin\u00f3 el presidente, Guillermo Lasso. A trav\u00e9s de\u00a0dos acciones p\u00fablicas de inconstitucionalidad\u00a0los legisladores solicitaron a la entidad que decida si el decreto de Lasso es ilegal o si se aprueba. Los jueces elegidos tras el sorteo para dar tr\u00e1mite al pedido son\u00a0Pablo Herrer\u00eda Bonnet\u00a0y\u00a0Jhoel Escudero Soliz. Los exasamble\u00edstas por\u00a0Pachakutik: \u00c1ngel Maita; Mireya Pazmi\u00f1o; Dina Farinango; Janeth Llano y Jos\u00e9 Cabascango fueron los primeros en presentar su demanda a las 13:43 de este martes. Por su parte,\u00a0Esteban Torres\u00a0de la bancada del Partido Social Cristiano (PSC) y\u00a0Yese\u00f1a Guaman\u00ed\u00a0de la Izquierda Democr\u00e1tica (ID) lo hicieron a las 13:55. Esto tendr\u00e1 que decidirlo la\u00a0Corte, quien deber\u00e1 decidir qu\u00e9 pasa al final. Si el decreto es declarado\u00a0ilegal\u00a0e\u00a0inconstitucional, la\u00a0Asamblea\u00a0seguir\u00e1 en funciones\u00bb, coment\u00f3 Torres. El exlegislador del PSC argument\u00f3 que la muerte cruzada aplicada por Lasso tiene\u00a0causales espec\u00edficas\u00a0\u00aby ninguna de esas causales es precisamente evitar la votaci\u00f3n de un juicio pol\u00edtico constitucional, legal\u00bb. El ministro de Gobierno,\u00a0Henry Cucal\u00f3n, preguntado por el EL COMERCIO, se\u00f1al\u00f3 en un encuentro con la prensa que \u201chabr\u00e1 que ver c\u00f3mo act\u00faa la Corte Constitucional. La clave es que la Corte garantice que las actuaciones del Ejecutivo est\u00e9n dentro del\u00a0marco constitucional,\u00a0y que esto no desemboque en un exceso de poder del Gobierno central\u201d, expres\u00f3. Muerte cruzada Lasso anunci\u00f3 la\u00a0muerte cruzada, contemplada en la\u00a0Constituci\u00f3n ecuatoriana\u00a0de 2008 por \u00abgrave conmoci\u00f3n interna y pol\u00edtica\u00bb, despu\u00e9s de haber comparecido el martes, 16 de mayo, ante la\u00a0Asamblea\u00a0para realizar su alegato de defensa ante la acusaci\u00f3n formulada por la\u00a0oposici\u00f3n\u00a0por un presunto delito de peculado, que \u00e9l considera \u00abinfundada\u00bb. El mandatario recurri\u00f3 a la muerte cruzada antes de que inicie el segundo d\u00eda de debate que deb\u00eda llevarse a cabo en el Pleno Legislativo. Fuente: El Comercio<\/p>\n","protected":false},"author":1,"featured_media":9946,"comment_status":"open","ping_status":"open","sticky":false,"template":"","format":"standard","meta":{"footnotes":""},"categories":[268],"tags":[],"class_list":["post-9945","post","type-post","status-publish","format-standard","has-post-thumbnail","hentry","category-nacionales"],"_links":{"self":[{"href":"https:\/\/www.elamazonico.com\/portal\/wp-json\/wp\/v2\/posts\/9945","targetHints":{"allow":["GET"]}}],"collection":[{"href":"https:\/\/www.elamazonico.com\/portal\/wp-json\/wp\/v2\/posts"}],"about":[{"href":"https:\/\/www.elamazonico.com\/portal\/wp-json\/wp\/v2\/types\/post"}],"author":[{"embeddable":true,"href":"https:\/\/www.elamazonico.com\/portal\/wp-json\/wp\/v2\/users\/1"}],"replies":[{"embeddable":true,"href":"https:\/\/www.elamazonico.com\/portal\/wp-json\/wp\/v2\/comments?post=9945"}],"version-history":[{"count":1,"href":"https:\/\/www.elamazonico.com\/portal\/wp-json\/wp\/v2\/posts\/9945\/revisions"}],"predecessor-version":[{"id":9947,"href":"https:\/\/www.elamazonico.com\/portal\/wp-json\/wp\/v2\/posts\/9945\/revisions\/9947"}],"wp:featuredmedia":[{"embeddable":true,"href":"https:\/\/www.elamazonico.com\/portal\/wp-json\/wp\/v2\/media\/9946"}],"wp:attachment":[{"href":"https:\/\/www.elamazonico.com\/portal\/wp-json\/wp\/v2\/media?parent=9945"}],"wp:term":[{"taxonomy":"category","embeddable":true,"href":"https:\/\/www.elamazonico.com\/portal\/wp-json\/wp\/v2\/categories?post=9945"},{"taxonomy":"post_tag","embeddable":true,"href":"https:\/\/www.elamazonico.com\/portal\/wp-json\/wp\/v2\/tags?post=9945"}],"curies":[{"name":"wp","href":"https:\/\/api.w.org\/{rel}","templated":true}]}}