{"id":9937,"date":"2023-05-17T12:36:35","date_gmt":"2023-05-17T17:36:35","guid":{"rendered":"https:\/\/www.elamazonico.com\/portal\/?p=9937"},"modified":"2023-05-17T12:36:35","modified_gmt":"2023-05-17T17:36:35","slug":"asi-reacciona-la-oposicion-politica-ante-la-muerte-cruzada","status":"publish","type":"post","link":"https:\/\/www.elamazonico.com\/portal\/asi-reacciona-la-oposicion-politica-ante-la-muerte-cruzada\/","title":{"rendered":"As\u00ed reacciona la oposici\u00f3n pol\u00edtica ante la muerte cruzada"},"content":{"rendered":"<p>Mientras el corre\u00edsmo, el PSC y la Conaie critican el decreto que da paso a la muerte cruzada, el excandidato presidencial Yaku P\u00e9rez llama a una coalici\u00f3n para nombrar a un candidato en las pr\u00f3ximas elecciones.<\/p>\n<p>La decisi\u00f3n pol\u00edtica del presidente Guillermo Lasso, de firmar el decreto que da paso a la muerte cruzada, recibi\u00f3 reacciones variopintas de los sectores de la oposici\u00f3n.<\/p>\n<p>Mientras, el corre\u00edsmo, el Partido Social Cristiano (PSC) y la Conaie califican la medida de \u2018ilegal\u2019, hay otros, como Yaku P\u00e9rez, que ven en el mecanismo una oportunidad.<\/p>\n<p>\u201cEs un alivio\u201d, dice Yaku P\u00e9rez Cerca del mediod\u00eda del mi\u00e9rcoles, lleg\u00f3 la reacci\u00f3n del excandidato presidencial Yaku P\u00e9rez, quien dijo que la aplicaci\u00f3n de la muerte cruzada es una salida constitucional. \u201cNo hay que festejar nada, pero s\u00ed es un alivio a la incompetencia e indolencia de la pesadilla que nos presentaba el presidente Lasso\u201d, indic\u00f3 P\u00e9rez en su cuenta de Twitter.<\/p>\n<p>Adem\u00e1s, llam\u00f3 a formar una minga o coalici\u00f3n nacional para elegir al representante de los sectores sociales en los pr\u00f3ximos comicios, que deber\u00e1 llamar el CNE.<\/p>\n<p>Si bien P\u00e9rez, quien termin\u00f3 segundo en las pasadas elecciones presidenciales de 2021, no se mencion\u00f3 directamente como precandidato, agreg\u00f3 que era necesario \u201cconstruir la opci\u00f3n preferencial de los m\u00e1s humildes\u201d.<\/p>\n<p>https:\/\/twitter.com\/yakuperezg\/status\/1658866122622394369<\/p>\n<p>Sindicatos no descartan marchas El Frente Popular, que agrupa a varios sindicatos, tambi\u00e9n se pronunci\u00f3 sobre el decreto expedido por el Ejecutivo.<\/p>\n<p>Seg\u00fan Nelson Erazo, presidente del colectivo, la aplicaci\u00f3n de una muerte cruzada es inconstitucional, y alegan que no existe tal conmoci\u00f3n social.<\/p>\n<p>Para los sindicatos, la medida \u201cno es nada menos que la desesperaci\u00f3n de un mandante que pretende imponer medidas impopulares\u201d.<\/p>\n<p>En ese sentido, los gremios sindicalistas aseguraron que el Gobierno estar\u00eda planeando enviar un decreto ley con la reforma laboral.<\/p>\n<p>Por ello, no descartaron movilizaciones en las calles para \u201cdefender sus derechos laborales\u201d, dijo Erazo. <strong>Fuente: Primicias<\/strong><\/p>\n","protected":false},"excerpt":{"rendered":"<p>Mientras el corre\u00edsmo, el PSC y la Conaie critican el decreto que da paso a la muerte cruzada, el excandidato presidencial Yaku P\u00e9rez llama a una coalici\u00f3n para nombrar a un candidato en las pr\u00f3ximas elecciones. La decisi\u00f3n pol\u00edtica del presidente Guillermo Lasso, de firmar el decreto que da paso a la muerte cruzada, recibi\u00f3 reacciones variopintas de los sectores de la oposici\u00f3n. Mientras, el corre\u00edsmo, el Partido Social Cristiano (PSC) y la Conaie califican la medida de \u2018ilegal\u2019, hay otros, como Yaku P\u00e9rez, que ven en el mecanismo una oportunidad. \u201cEs un alivio\u201d, dice Yaku P\u00e9rez Cerca del mediod\u00eda del mi\u00e9rcoles, lleg\u00f3 la reacci\u00f3n del excandidato presidencial Yaku P\u00e9rez, quien dijo que la aplicaci\u00f3n de la muerte cruzada es una salida constitucional. \u201cNo hay que festejar nada, pero s\u00ed es un alivio a la incompetencia e indolencia de la pesadilla que nos presentaba el presidente Lasso\u201d, indic\u00f3 P\u00e9rez en su cuenta de Twitter. Adem\u00e1s, llam\u00f3 a formar una minga o coalici\u00f3n nacional para elegir al representante de los sectores sociales en los pr\u00f3ximos comicios, que deber\u00e1 llamar el CNE. Si bien P\u00e9rez, quien termin\u00f3 segundo en las pasadas elecciones presidenciales de 2021, no se mencion\u00f3 directamente como precandidato, agreg\u00f3 que era necesario \u201cconstruir la opci\u00f3n preferencial de los m\u00e1s humildes\u201d. https:\/\/twitter.com\/yakuperezg\/status\/1658866122622394369 Sindicatos no descartan marchas El Frente Popular, que agrupa a varios sindicatos, tambi\u00e9n se pronunci\u00f3 sobre el decreto expedido por el Ejecutivo. Seg\u00fan Nelson Erazo, presidente del colectivo, la aplicaci\u00f3n de una muerte cruzada es inconstitucional, y alegan que no existe tal conmoci\u00f3n social. Para los sindicatos, la medida \u201cno es nada menos que la desesperaci\u00f3n de un mandante que pretende imponer medidas impopulares\u201d. En ese sentido, los gremios sindicalistas aseguraron que el Gobierno estar\u00eda planeando enviar un decreto ley con la reforma laboral. Por ello, no descartaron movilizaciones en las calles para \u201cdefender sus derechos laborales\u201d, dijo Erazo. Fuente: Primicias<\/p>\n","protected":false},"author":1,"featured_media":9938,"comment_status":"open","ping_status":"open","sticky":false,"template":"","format":"standard","meta":{"footnotes":""},"categories":[268],"tags":[],"class_list":["post-9937","post","type-post","status-publish","format-standard","has-post-thumbnail","hentry","category-nacionales"],"_links":{"self":[{"href":"https:\/\/www.elamazonico.com\/portal\/wp-json\/wp\/v2\/posts\/9937","targetHints":{"allow":["GET"]}}],"collection":[{"href":"https:\/\/www.elamazonico.com\/portal\/wp-json\/wp\/v2\/posts"}],"about":[{"href":"https:\/\/www.elamazonico.com\/portal\/wp-json\/wp\/v2\/types\/post"}],"author":[{"embeddable":true,"href":"https:\/\/www.elamazonico.com\/portal\/wp-json\/wp\/v2\/users\/1"}],"replies":[{"embeddable":true,"href":"https:\/\/www.elamazonico.com\/portal\/wp-json\/wp\/v2\/comments?post=9937"}],"version-history":[{"count":1,"href":"https:\/\/www.elamazonico.com\/portal\/wp-json\/wp\/v2\/posts\/9937\/revisions"}],"predecessor-version":[{"id":9939,"href":"https:\/\/www.elamazonico.com\/portal\/wp-json\/wp\/v2\/posts\/9937\/revisions\/9939"}],"wp:featuredmedia":[{"embeddable":true,"href":"https:\/\/www.elamazonico.com\/portal\/wp-json\/wp\/v2\/media\/9938"}],"wp:attachment":[{"href":"https:\/\/www.elamazonico.com\/portal\/wp-json\/wp\/v2\/media?parent=9937"}],"wp:term":[{"taxonomy":"category","embeddable":true,"href":"https:\/\/www.elamazonico.com\/portal\/wp-json\/wp\/v2\/categories?post=9937"},{"taxonomy":"post_tag","embeddable":true,"href":"https:\/\/www.elamazonico.com\/portal\/wp-json\/wp\/v2\/tags?post=9937"}],"curies":[{"name":"wp","href":"https:\/\/api.w.org\/{rel}","templated":true}]}}