{"id":9632,"date":"2023-04-26T20:03:39","date_gmt":"2023-04-27T01:03:39","guid":{"rendered":"https:\/\/www.elamazonico.com\/portal\/?p=9632"},"modified":"2023-04-26T20:03:39","modified_gmt":"2023-04-27T01:03:39","slug":"municipio-repara-otra-afectacion-en-el-sistema-de-agua-potable-carigan","status":"publish","type":"post","link":"https:\/\/www.elamazonico.com\/portal\/municipio-repara-otra-afectacion-en-el-sistema-de-agua-potable-carigan\/","title":{"rendered":"Municipio repara otra afectaci\u00f3n en el sistema de agua potable Carig\u00e1n"},"content":{"rendered":"<p>La noche del martes 25 de abril se produjo un da\u00f1o en la conducci\u00f3n del sistema de agua que abastece la planta Carig\u00e1n. El percance ocurri\u00f3 en el sector de Solamar y el personal de la Unidad Municipal de Agua Potable y Alcantarillado, Umapal, realiza la reparaci\u00f3n respectiva.<\/p>\n<p>Jackeline Jaramillo, directora de la Umapal, se\u00f1ala que el ingreso al lugar del percance es muy dif\u00edcil; sin embargo, se ha logrado llegar con el material y el personal necesario para realizar los trabajos. \u201cAspiramos concluir la reparaci\u00f3n en horas de la tarde, siempre y cuando las condiciones clim\u00e1ticas lo permitan\u201d.<\/p>\n<p>Una vez arreglada la tuber\u00eda de 800 mil\u00edmetros comenzar\u00e1 a ingresar el caudal a la planta y luego a las redes de distribuci\u00f3n, tanques de reserva y finalmente a las viviendas, cuya actividad demora algunas horas hasta restablecer el servicio con normalidad.<\/p>\n<p>La funcionaria municipal pide disculpas a la ciudadan\u00eda por las molestias que ocasionan estos inconvenientes a causa de las lluvias y la inestabilidad del terreno por donde atraviesan las tuber\u00edas.<\/p>\n","protected":false},"excerpt":{"rendered":"<p>La noche del martes 25 de abril se produjo un da\u00f1o en la conducci\u00f3n del sistema de agua que abastece la planta Carig\u00e1n. El percance ocurri\u00f3 en el sector de Solamar y el personal de la Unidad Municipal de Agua Potable y Alcantarillado, Umapal, realiza la reparaci\u00f3n respectiva. Jackeline Jaramillo, directora de la Umapal, se\u00f1ala que el ingreso al lugar del percance es muy dif\u00edcil; sin embargo, se ha logrado llegar con el material y el personal necesario para realizar los trabajos. \u201cAspiramos concluir la reparaci\u00f3n en horas de la tarde, siempre y cuando las condiciones clim\u00e1ticas lo permitan\u201d. Una vez arreglada la tuber\u00eda de 800 mil\u00edmetros comenzar\u00e1 a ingresar el caudal a la planta y luego a las redes de distribuci\u00f3n, tanques de reserva y finalmente a las viviendas, cuya actividad demora algunas horas hasta restablecer el servicio con normalidad. La funcionaria municipal pide disculpas a la ciudadan\u00eda por las molestias que ocasionan estos inconvenientes a causa de las lluvias y la inestabilidad del terreno por donde atraviesan las tuber\u00edas.<\/p>\n","protected":false},"author":1,"featured_media":9633,"comment_status":"open","ping_status":"open","sticky":false,"template":"","format":"standard","meta":{"footnotes":""},"categories":[284],"tags":[],"class_list":["post-9632","post","type-post","status-publish","format-standard","has-post-thumbnail","hentry","category-noticias-loja"],"_links":{"self":[{"href":"https:\/\/www.elamazonico.com\/portal\/wp-json\/wp\/v2\/posts\/9632","targetHints":{"allow":["GET"]}}],"collection":[{"href":"https:\/\/www.elamazonico.com\/portal\/wp-json\/wp\/v2\/posts"}],"about":[{"href":"https:\/\/www.elamazonico.com\/portal\/wp-json\/wp\/v2\/types\/post"}],"author":[{"embeddable":true,"href":"https:\/\/www.elamazonico.com\/portal\/wp-json\/wp\/v2\/users\/1"}],"replies":[{"embeddable":true,"href":"https:\/\/www.elamazonico.com\/portal\/wp-json\/wp\/v2\/comments?post=9632"}],"version-history":[{"count":1,"href":"https:\/\/www.elamazonico.com\/portal\/wp-json\/wp\/v2\/posts\/9632\/revisions"}],"predecessor-version":[{"id":9634,"href":"https:\/\/www.elamazonico.com\/portal\/wp-json\/wp\/v2\/posts\/9632\/revisions\/9634"}],"wp:featuredmedia":[{"embeddable":true,"href":"https:\/\/www.elamazonico.com\/portal\/wp-json\/wp\/v2\/media\/9633"}],"wp:attachment":[{"href":"https:\/\/www.elamazonico.com\/portal\/wp-json\/wp\/v2\/media?parent=9632"}],"wp:term":[{"taxonomy":"category","embeddable":true,"href":"https:\/\/www.elamazonico.com\/portal\/wp-json\/wp\/v2\/categories?post=9632"},{"taxonomy":"post_tag","embeddable":true,"href":"https:\/\/www.elamazonico.com\/portal\/wp-json\/wp\/v2\/tags?post=9632"}],"curies":[{"name":"wp","href":"https:\/\/api.w.org\/{rel}","templated":true}]}}