{"id":9620,"date":"2023-04-26T16:20:56","date_gmt":"2023-04-26T21:20:56","guid":{"rendered":"https:\/\/www.elamazonico.com\/portal\/?p=9620"},"modified":"2023-04-26T16:20:56","modified_gmt":"2023-04-26T21:20:56","slug":"diego-martinez-y-un-proceso-mas-alla-de-ecuador-sub-17","status":"publish","type":"post","link":"https:\/\/www.elamazonico.com\/portal\/diego-martinez-y-un-proceso-mas-alla-de-ecuador-sub-17\/","title":{"rendered":"Diego Mart\u00ednez y un proceso m\u00e1s all\u00e1 de Ecuador Sub-17"},"content":{"rendered":"<p id=\"m30-29-31\">Diego Mart\u00ednez logr\u00f3 el subcampeonato del\u00a0<b>Sudamericano Sub-17\u00a0<\/b>con la Selecci\u00f3n de Ecuador. M\u00e1s all\u00e1 de su proceso a cargo de la escuadra, el haber trabajado previamente con los juveniles ayud\u00f3.<\/p>\n<p id=\"m36-1-37\">\nEl nombre del entrenador quite\u00f1o de 35 a\u00f1os se dio a conocer a partir de su irrupci\u00f3n el el combinado juvenil. Pese a ello, este ya hab\u00eda pasado por las inferiores de\u00a0<b>Liga de Quito e Independiente del Valle.\u00a0<\/b><\/p>\n<p>Antes de vincularse con los dos clubes capitalinos, el entrenador realiz\u00f3 su formaci\u00f3n en\u00a0<b>Espa\u00f1a y Alemania<\/b>. Aquel trayecto inici\u00f3 hace 10 a\u00f1os y se especializ\u00f3 en f\u00fatbol formativo.<\/p>\n<p>Dentro de su trabajo en los clubes, tricolores este dirigi\u00f3 y se enfrent\u00f3 a jugadores que, justamente, estuvieron en la convocatoria del Sudamericano. Uno de ellos fue\u00a0<b>Kendry P\u00e1ez<\/b>, jugador de 15 a\u00f1os y capit\u00e1n y figura de la escuadra, as\u00ed lo especific\u00f3 en di\u00e1logo con EL COMERCIO y Bendito F\u00fatbol.<\/p>\n<p>\u00abA Kendry ya lo enfrentamos desde peque\u00f1o.\u00a0<b>Yo lo conoc\u00ed antes de que llegue a Independiente, cuando el jugaba en el Patria. All\u00ed lo vimos en algunos campeonatos.<\/b>\u00a0Despu\u00e9s pas\u00f3 a Independiente. Yo lo enfrentaba porque estaba en Liga\u00bb, sostuvo el entrenador.<\/p>\n<p>El tener aquel conocimiento de las bases del balompi\u00e9 juvenil le trajo r\u00e9ditos al momento de asumir el reto junto a la Federaci\u00f3n Ecuatoriana de F\u00fatbol. \u00ab<b>Lo sufr\u00ed a \u00e9l (Kendry P\u00e1ez), como sufr\u00ed a Allen Obando, a Keny Arroyo y a tantos. Despu\u00e9s, en 2021, 2022, pudimos estar juntos cuando trabaj\u00e9 en una categor\u00eda de Independiente y lo entren\u00e9<\/b>\u00ab, agreg\u00f3.<\/p>\n<h3 id=\"m42-2-43\">\nClubes de Ecuador necesitan dar un salto en formaci\u00f3n para Mart\u00ednez<\/h3>\n<p id=\"m48-3-49\">Para el estratega de la &#8216;Mini-Tri&#8217;, que ya cuenta con experiencia en los \u00e1mbitos de equipos y selecciones, los clubes del pa\u00eds a\u00fan deben dar un salto en tema de formaci\u00f3n. Aunque existen aquellos que est\u00e1n en el camino correcto, a\u00fan falta\u00a0<b>fortalecerse<\/b>.<\/p>\n<p>\u00ab<b>La formaci\u00f3n es un camino para que un club pueda ser sustentable. En Ecuador a\u00fan se necesita dar un salto para que los planteles puedan trabajar m\u00e1s en divisiones juveniles (&#8230;) Ojal\u00e1 los directivos vean que este es el camino<\/b>\u00ab, menciono Mart\u00ednez.<\/p>\n<p>El trabajo, sin embargo, debe ser en conjunto para que todos los clubes pueden aportar no solo al f\u00fatbol nacional, sino tener una mejor\u00eda en cuanto a calidad, talento y exportaci\u00f3n. Independiente del Valle es el referente, sin embargo, en\u00a0<b>Liga, Universidad Cat\u00f3lica y Barcelona\u00a0<\/b>tambi\u00e9n ha existido un crecimiento exponencial. <strong>Fuente: Bendito F\u00fatbol<\/strong><\/p>\n","protected":false},"excerpt":{"rendered":"<p>Diego Mart\u00ednez logr\u00f3 el subcampeonato del\u00a0Sudamericano Sub-17\u00a0con la Selecci\u00f3n de Ecuador. M\u00e1s all\u00e1 de su proceso a cargo de la escuadra, el haber trabajado previamente con los juveniles ayud\u00f3. El nombre del entrenador quite\u00f1o de 35 a\u00f1os se dio a conocer a partir de su irrupci\u00f3n el el combinado juvenil. Pese a ello, este ya hab\u00eda pasado por las inferiores de\u00a0Liga de Quito e Independiente del Valle.\u00a0 Antes de vincularse con los dos clubes capitalinos, el entrenador realiz\u00f3 su formaci\u00f3n en\u00a0Espa\u00f1a y Alemania. Aquel trayecto inici\u00f3 hace 10 a\u00f1os y se especializ\u00f3 en f\u00fatbol formativo. Dentro de su trabajo en los clubes, tricolores este dirigi\u00f3 y se enfrent\u00f3 a jugadores que, justamente, estuvieron en la convocatoria del Sudamericano. Uno de ellos fue\u00a0Kendry P\u00e1ez, jugador de 15 a\u00f1os y capit\u00e1n y figura de la escuadra, as\u00ed lo especific\u00f3 en di\u00e1logo con EL COMERCIO y Bendito F\u00fatbol. \u00abA Kendry ya lo enfrentamos desde peque\u00f1o.\u00a0Yo lo conoc\u00ed antes de que llegue a Independiente, cuando el jugaba en el Patria. All\u00ed lo vimos en algunos campeonatos.\u00a0Despu\u00e9s pas\u00f3 a Independiente. Yo lo enfrentaba porque estaba en Liga\u00bb, sostuvo el entrenador. El tener aquel conocimiento de las bases del balompi\u00e9 juvenil le trajo r\u00e9ditos al momento de asumir el reto junto a la Federaci\u00f3n Ecuatoriana de F\u00fatbol. \u00abLo sufr\u00ed a \u00e9l (Kendry P\u00e1ez), como sufr\u00ed a Allen Obando, a Keny Arroyo y a tantos. Despu\u00e9s, en 2021, 2022, pudimos estar juntos cuando trabaj\u00e9 en una categor\u00eda de Independiente y lo entren\u00e9\u00ab, agreg\u00f3. Clubes de Ecuador necesitan dar un salto en formaci\u00f3n para Mart\u00ednez Para el estratega de la &#8216;Mini-Tri&#8217;, que ya cuenta con experiencia en los \u00e1mbitos de equipos y selecciones, los clubes del pa\u00eds a\u00fan deben dar un salto en tema de formaci\u00f3n. Aunque existen aquellos que est\u00e1n en el camino correcto, a\u00fan falta\u00a0fortalecerse. \u00abLa formaci\u00f3n es un camino para que un club pueda ser sustentable. En Ecuador a\u00fan se necesita dar un salto para que los planteles puedan trabajar m\u00e1s en divisiones juveniles (&#8230;) Ojal\u00e1 los directivos vean que este es el camino\u00ab, menciono Mart\u00ednez. El trabajo, sin embargo, debe ser en conjunto para que todos los clubes pueden aportar no solo al f\u00fatbol nacional, sino tener una mejor\u00eda en cuanto a calidad, talento y exportaci\u00f3n. Independiente del Valle es el referente, sin embargo, en\u00a0Liga, Universidad Cat\u00f3lica y Barcelona\u00a0tambi\u00e9n ha existido un crecimiento exponencial. Fuente: Bendito F\u00fatbol<\/p>\n","protected":false},"author":1,"featured_media":9621,"comment_status":"open","ping_status":"open","sticky":false,"template":"","format":"standard","meta":{"footnotes":""},"categories":[6],"tags":[],"class_list":["post-9620","post","type-post","status-publish","format-standard","has-post-thumbnail","hentry","category-deportes"],"_links":{"self":[{"href":"https:\/\/www.elamazonico.com\/portal\/wp-json\/wp\/v2\/posts\/9620","targetHints":{"allow":["GET"]}}],"collection":[{"href":"https:\/\/www.elamazonico.com\/portal\/wp-json\/wp\/v2\/posts"}],"about":[{"href":"https:\/\/www.elamazonico.com\/portal\/wp-json\/wp\/v2\/types\/post"}],"author":[{"embeddable":true,"href":"https:\/\/www.elamazonico.com\/portal\/wp-json\/wp\/v2\/users\/1"}],"replies":[{"embeddable":true,"href":"https:\/\/www.elamazonico.com\/portal\/wp-json\/wp\/v2\/comments?post=9620"}],"version-history":[{"count":1,"href":"https:\/\/www.elamazonico.com\/portal\/wp-json\/wp\/v2\/posts\/9620\/revisions"}],"predecessor-version":[{"id":9622,"href":"https:\/\/www.elamazonico.com\/portal\/wp-json\/wp\/v2\/posts\/9620\/revisions\/9622"}],"wp:featuredmedia":[{"embeddable":true,"href":"https:\/\/www.elamazonico.com\/portal\/wp-json\/wp\/v2\/media\/9621"}],"wp:attachment":[{"href":"https:\/\/www.elamazonico.com\/portal\/wp-json\/wp\/v2\/media?parent=9620"}],"wp:term":[{"taxonomy":"category","embeddable":true,"href":"https:\/\/www.elamazonico.com\/portal\/wp-json\/wp\/v2\/categories?post=9620"},{"taxonomy":"post_tag","embeddable":true,"href":"https:\/\/www.elamazonico.com\/portal\/wp-json\/wp\/v2\/tags?post=9620"}],"curies":[{"name":"wp","href":"https:\/\/api.w.org\/{rel}","templated":true}]}}