{"id":9617,"date":"2023-04-26T16:17:30","date_gmt":"2023-04-26T21:17:30","guid":{"rendered":"https:\/\/www.elamazonico.com\/portal\/?p=9617"},"modified":"2023-04-26T16:17:30","modified_gmt":"2023-04-26T21:17:30","slug":"conmebol-respalda-a-brasil-como-sede-del-mundial-femenino-2027","status":"publish","type":"post","link":"https:\/\/www.elamazonico.com\/portal\/conmebol-respalda-a-brasil-como-sede-del-mundial-femenino-2027\/","title":{"rendered":"Conmebol respalda a Brasil como sede del Mundial femenino 2027"},"content":{"rendered":"<p id=\"m12-11-13\"><b>Conmebol\u00a0<\/b>respald\u00f3 este martes 25 de abril de 2023 la candidatura de Brasil para albergar el Mundial de f\u00fatbol femenino 2027.<\/p>\n<p id=\"m59-1-60\">\nEl torneo m\u00e1s importante del f\u00fatbol femenino<b>\u00a0nunca se ha disputado en Sudam\u00e9rica<\/b>. Suc pr\u00f3xima edici\u00f3n se jugar\u00e1 este a\u00f1o en Australia y Nueva Zelanda.<\/p>\n<p>El apoyo fue anunciado por el presidente de la Conmebol,\u00a0<b>Alejandro Dom\u00ednguez,<\/b>\u00a0en una rueda de prensa junto a la ministra de Deportes de Brasil, Ana Moser, desde la sede del \u00f3rgano rector del f\u00fatbol sudamericano, en la ciudad paraguaya de Luque.<\/p>\n<p>\u00abEsta candidatura viene a fortalecer el trabajo que nosotros venimos haciendo en cada pa\u00eds y como confederaci\u00f3n. Nosotros<b>\u00a0vemos esto como una gran oportunidad\u00a0<\/b>de acelerar este proceso y que tambi\u00e9n, con el tiempo, cuando se hable de Conmebol, independientemente del g\u00e9nero, se reconozca como potencia\u00bb, expres\u00f3 Dom\u00ednguez.<\/p>\n<p>https:\/\/twitter.com\/agdws\/status\/1650923951869050881<\/p>\n<p id=\"m92-2-93\">El dirigente resalt\u00f3 que\u00a0<b>Brasil\u00a0<\/b>re\u00fane todas las condiciones de infraestructura, servicios y log\u00edstica para ser sede de un evento de esta magnitud.<\/p>\n<p>Asimismo, Dom\u00ednguez reiter\u00f3 el compromiso de la Conmebol en el crecimiento y desarrollo del f\u00fatbol femenino en el continente.<\/p>\n<p>Por su parte, la ministra del Deporte brasile\u00f1o, Ana Moser, destac\u00f3 la capacidad de\u00a0<b>organizaci\u00f3n de su pa\u00eds\u00a0<\/b>y la importancia del f\u00fatbol en la b\u00fasqueda de la equidad de g\u00e9nero y la lucha contra diversas formas de discriminaci\u00f3n.<\/p>\n<p>Adem\u00e1s, se\u00f1al\u00f3 que la realizaci\u00f3n de este evento en Brasil ser\u00eda un fuerte impulso para la promoci\u00f3n del deporte en Sudam\u00e9rica.<\/p>\n<h3 id=\"m80-2-81\">\nBrasil present\u00f3 la candidatura<\/h3>\n<p id=\"m72-2-73\">La<b>\u00a0Confederaci\u00f3n Brasile\u00f1a de F\u00fatbol\u00a0<\/b>(CBF) present\u00f3 el pasado 14 de abril oficialmente, en una carta enviada a la\u00a0<b>FIFA<\/b>, la postulaci\u00f3n de Brasil a ser sede del Mundial de f\u00fatbol femenino de 2027, que cuenta con el firme respaldo del Gobierno del presidente Luiz In\u00e1cio Lula da Silva.<\/p>\n<p>Brasil ya fue sede de los mundiales masculinos de f\u00fatbol en 1950 y 2014, pero hasta ahora nunca hab\u00eda estudiado la posibilidad de postular su\u00a0<b>candidatura\u00a0<\/b>a la versi\u00f3n femenina.<\/p>\n<p>El Mundial femenino de 2023 ser\u00e1 disputado a partir del 20 de julio en Australia y Nueva Zelanda por 32 selecciones, incluyendo a la de Brasil, que qued\u00f3 emparejada en el Grupo F con Francia, Jamaica y Panam\u00e1. Fuente:<\/p>\n","protected":false},"excerpt":{"rendered":"<p>Conmebol\u00a0respald\u00f3 este martes 25 de abril de 2023 la candidatura de Brasil para albergar el Mundial de f\u00fatbol femenino 2027. El torneo m\u00e1s importante del f\u00fatbol femenino\u00a0nunca se ha disputado en Sudam\u00e9rica. Suc pr\u00f3xima edici\u00f3n se jugar\u00e1 este a\u00f1o en Australia y Nueva Zelanda. El apoyo fue anunciado por el presidente de la Conmebol,\u00a0Alejandro Dom\u00ednguez,\u00a0en una rueda de prensa junto a la ministra de Deportes de Brasil, Ana Moser, desde la sede del \u00f3rgano rector del f\u00fatbol sudamericano, en la ciudad paraguaya de Luque. \u00abEsta candidatura viene a fortalecer el trabajo que nosotros venimos haciendo en cada pa\u00eds y como confederaci\u00f3n. Nosotros\u00a0vemos esto como una gran oportunidad\u00a0de acelerar este proceso y que tambi\u00e9n, con el tiempo, cuando se hable de Conmebol, independientemente del g\u00e9nero, se reconozca como potencia\u00bb, expres\u00f3 Dom\u00ednguez. https:\/\/twitter.com\/agdws\/status\/1650923951869050881 El dirigente resalt\u00f3 que\u00a0Brasil\u00a0re\u00fane todas las condiciones de infraestructura, servicios y log\u00edstica para ser sede de un evento de esta magnitud. Asimismo, Dom\u00ednguez reiter\u00f3 el compromiso de la Conmebol en el crecimiento y desarrollo del f\u00fatbol femenino en el continente. Por su parte, la ministra del Deporte brasile\u00f1o, Ana Moser, destac\u00f3 la capacidad de\u00a0organizaci\u00f3n de su pa\u00eds\u00a0y la importancia del f\u00fatbol en la b\u00fasqueda de la equidad de g\u00e9nero y la lucha contra diversas formas de discriminaci\u00f3n. Adem\u00e1s, se\u00f1al\u00f3 que la realizaci\u00f3n de este evento en Brasil ser\u00eda un fuerte impulso para la promoci\u00f3n del deporte en Sudam\u00e9rica. Brasil present\u00f3 la candidatura La\u00a0Confederaci\u00f3n Brasile\u00f1a de F\u00fatbol\u00a0(CBF) present\u00f3 el pasado 14 de abril oficialmente, en una carta enviada a la\u00a0FIFA, la postulaci\u00f3n de Brasil a ser sede del Mundial de f\u00fatbol femenino de 2027, que cuenta con el firme respaldo del Gobierno del presidente Luiz In\u00e1cio Lula da Silva. Brasil ya fue sede de los mundiales masculinos de f\u00fatbol en 1950 y 2014, pero hasta ahora nunca hab\u00eda estudiado la posibilidad de postular su\u00a0candidatura\u00a0a la versi\u00f3n femenina. El Mundial femenino de 2023 ser\u00e1 disputado a partir del 20 de julio en Australia y Nueva Zelanda por 32 selecciones, incluyendo a la de Brasil, que qued\u00f3 emparejada en el Grupo F con Francia, Jamaica y Panam\u00e1. Fuente:<\/p>\n","protected":false},"author":1,"featured_media":9618,"comment_status":"open","ping_status":"open","sticky":false,"template":"","format":"standard","meta":{"footnotes":""},"categories":[6],"tags":[],"class_list":["post-9617","post","type-post","status-publish","format-standard","has-post-thumbnail","hentry","category-deportes"],"_links":{"self":[{"href":"https:\/\/www.elamazonico.com\/portal\/wp-json\/wp\/v2\/posts\/9617","targetHints":{"allow":["GET"]}}],"collection":[{"href":"https:\/\/www.elamazonico.com\/portal\/wp-json\/wp\/v2\/posts"}],"about":[{"href":"https:\/\/www.elamazonico.com\/portal\/wp-json\/wp\/v2\/types\/post"}],"author":[{"embeddable":true,"href":"https:\/\/www.elamazonico.com\/portal\/wp-json\/wp\/v2\/users\/1"}],"replies":[{"embeddable":true,"href":"https:\/\/www.elamazonico.com\/portal\/wp-json\/wp\/v2\/comments?post=9617"}],"version-history":[{"count":1,"href":"https:\/\/www.elamazonico.com\/portal\/wp-json\/wp\/v2\/posts\/9617\/revisions"}],"predecessor-version":[{"id":9619,"href":"https:\/\/www.elamazonico.com\/portal\/wp-json\/wp\/v2\/posts\/9617\/revisions\/9619"}],"wp:featuredmedia":[{"embeddable":true,"href":"https:\/\/www.elamazonico.com\/portal\/wp-json\/wp\/v2\/media\/9618"}],"wp:attachment":[{"href":"https:\/\/www.elamazonico.com\/portal\/wp-json\/wp\/v2\/media?parent=9617"}],"wp:term":[{"taxonomy":"category","embeddable":true,"href":"https:\/\/www.elamazonico.com\/portal\/wp-json\/wp\/v2\/categories?post=9617"},{"taxonomy":"post_tag","embeddable":true,"href":"https:\/\/www.elamazonico.com\/portal\/wp-json\/wp\/v2\/tags?post=9617"}],"curies":[{"name":"wp","href":"https:\/\/api.w.org\/{rel}","templated":true}]}}