{"id":9613,"date":"2023-04-26T15:38:33","date_gmt":"2023-04-26T20:38:33","guid":{"rendered":"https:\/\/www.elamazonico.com\/portal\/?p=9613"},"modified":"2023-04-26T16:00:14","modified_gmt":"2023-04-26T21:00:14","slug":"kendry-paez-finalmente-ira-al-chelsea","status":"publish","type":"post","link":"https:\/\/www.elamazonico.com\/portal\/kendry-paez-finalmente-ira-al-chelsea\/","title":{"rendered":"Kendry P\u00e1ez finalmente ir\u00e1 al Chelsea"},"content":{"rendered":"<p id=\"m419-418-420\">El traspaso de Kendry P\u00e1ez al Chelsea de Inglaterra desde Independiente del Valle es pr\u00e1cticamente un hecho y en los pr\u00f3ximos d\u00edas ser\u00e1 oficial.<\/p>\n<p id=\"m425-1-426\">Santiago Morales, gente de Independiente del Valle\u00a0<b>que participa del Sports Summit\u2013Sao Paulo 2023<\/b>, evento que re\u00fane a los representantes de Ligas como la italiana o espa\u00f1ola, adelant\u00f3 que Kendry P\u00e1ez ser\u00e1 jugador del Chelsea.<\/p>\n<p>Santiago Morales le dijo a MachDeportes que existe un \u00ab<b>principio de acuerdo\u00bb entre el Independiente del Valle<\/b>\u00a0y el Chelsea por Kendry P\u00e1ez, jugador que recientemente form\u00f3 parte de la selecci\u00f3n de Ecuador Sub-17 que clasific\u00f3 al Mundial de la categor\u00eda, en una sede a\u00fan por confirmar.<\/p>\n<p>La incorporaci\u00f3n de Kendry P\u00e1ez no ser\u00e1 inmediata, puesto que debe cumplir los 18 a\u00f1os para unirse oficialmente al Chelsea y ser parte de uno de las instituciones m\u00e1s exitosas del f\u00fatbol europeo del siglo XXI.<\/p>\n<p><b>El pr\u00f3ximo 4 de mayo el guayaquile\u00f1o cumplir\u00e1 16 a\u00f1os<\/b>, por lo que su viaje a Inglaterra ser\u00e1 reci\u00e9n a mediados de 2025.<br \/>\n\u200b<\/p>\n<h3 id=\"m431-2-432\">Carrera de Kendry P\u00e1ez<\/h3>\n<p id=\"m437-3-438\">Kendry P\u00e1ez naci\u00f3 el 4 de mayo de 2007 en Guayaquil. El pasado 25 de febrero de 2023\u00a0<b>con 15 a\u00f1os y 297 d\u00edas hizo su debut oficial en la Primera<\/b>\u00a0Divisi\u00f3n del F\u00fatbol de Ecuador de la mano de Independiente del Valle.<\/p>\n<p>Lo hizo ante Mushuc Runa en el estadio La Cocha de Latacunga por la primera fecha de la LigaPro. Pero eso no fue todo puesto que a los 70 minutos de partido puso el 3-1 definitivo en favor de Independiente del Valle.<\/p>\n<p>Con la selecci\u00f3n de Ecuador Sub-17 tuvo su primera experiencia y la\u00a0<b>cerr\u00f3 con la clasificaci\u00f3n de Ecuador al Mundial\u00a0<\/b>como el subcampe\u00f3n del Sudamericano Sub-17, solo por detr\u00e1s de Brasil.<\/p>\n<p>Kendry P\u00e1ez le anot\u00f3 a Argentina y Venezuela en las dos \u00faltimas jornadas del hexagonal final del Sudamericano en el estadio Ol\u00edmpico Atahualpa.<\/p>\n<p>Antes de jugar el Mundial Sub-17, Kendry P\u00e1ez tendr\u00e1<b>\u00a0por delante la LigaPro y la Copa Libertadores<\/b>, dos torneos que Independiente del Valle espera ganar al final de la presente temporada. <strong>Fuente: Bendito F\u00fatbol<\/strong><\/p>\n","protected":false},"excerpt":{"rendered":"<p>El traspaso de Kendry P\u00e1ez al Chelsea de Inglaterra desde Independiente del Valle es pr\u00e1cticamente un hecho y en los pr\u00f3ximos d\u00edas ser\u00e1 oficial. Santiago Morales, gente de Independiente del Valle\u00a0que participa del Sports Summit\u2013Sao Paulo 2023, evento que re\u00fane a los representantes de Ligas como la italiana o espa\u00f1ola, adelant\u00f3 que Kendry P\u00e1ez ser\u00e1 jugador del Chelsea. Santiago Morales le dijo a MachDeportes que existe un \u00abprincipio de acuerdo\u00bb entre el Independiente del Valle\u00a0y el Chelsea por Kendry P\u00e1ez, jugador que recientemente form\u00f3 parte de la selecci\u00f3n de Ecuador Sub-17 que clasific\u00f3 al Mundial de la categor\u00eda, en una sede a\u00fan por confirmar. La incorporaci\u00f3n de Kendry P\u00e1ez no ser\u00e1 inmediata, puesto que debe cumplir los 18 a\u00f1os para unirse oficialmente al Chelsea y ser parte de uno de las instituciones m\u00e1s exitosas del f\u00fatbol europeo del siglo XXI. El pr\u00f3ximo 4 de mayo el guayaquile\u00f1o cumplir\u00e1 16 a\u00f1os, por lo que su viaje a Inglaterra ser\u00e1 reci\u00e9n a mediados de 2025. \u200b Carrera de Kendry P\u00e1ez Kendry P\u00e1ez naci\u00f3 el 4 de mayo de 2007 en Guayaquil. El pasado 25 de febrero de 2023\u00a0con 15 a\u00f1os y 297 d\u00edas hizo su debut oficial en la Primera\u00a0Divisi\u00f3n del F\u00fatbol de Ecuador de la mano de Independiente del Valle. Lo hizo ante Mushuc Runa en el estadio La Cocha de Latacunga por la primera fecha de la LigaPro. Pero eso no fue todo puesto que a los 70 minutos de partido puso el 3-1 definitivo en favor de Independiente del Valle. Con la selecci\u00f3n de Ecuador Sub-17 tuvo su primera experiencia y la\u00a0cerr\u00f3 con la clasificaci\u00f3n de Ecuador al Mundial\u00a0como el subcampe\u00f3n del Sudamericano Sub-17, solo por detr\u00e1s de Brasil. Kendry P\u00e1ez le anot\u00f3 a Argentina y Venezuela en las dos \u00faltimas jornadas del hexagonal final del Sudamericano en el estadio Ol\u00edmpico Atahualpa. Antes de jugar el Mundial Sub-17, Kendry P\u00e1ez tendr\u00e1\u00a0por delante la LigaPro y la Copa Libertadores, dos torneos que Independiente del Valle espera ganar al final de la presente temporada. Fuente: Bendito F\u00fatbol<\/p>\n","protected":false},"author":1,"featured_media":9614,"comment_status":"open","ping_status":"open","sticky":false,"template":"","format":"standard","meta":{"footnotes":""},"categories":[6],"tags":[],"class_list":["post-9613","post","type-post","status-publish","format-standard","has-post-thumbnail","hentry","category-deportes"],"_links":{"self":[{"href":"https:\/\/www.elamazonico.com\/portal\/wp-json\/wp\/v2\/posts\/9613","targetHints":{"allow":["GET"]}}],"collection":[{"href":"https:\/\/www.elamazonico.com\/portal\/wp-json\/wp\/v2\/posts"}],"about":[{"href":"https:\/\/www.elamazonico.com\/portal\/wp-json\/wp\/v2\/types\/post"}],"author":[{"embeddable":true,"href":"https:\/\/www.elamazonico.com\/portal\/wp-json\/wp\/v2\/users\/1"}],"replies":[{"embeddable":true,"href":"https:\/\/www.elamazonico.com\/portal\/wp-json\/wp\/v2\/comments?post=9613"}],"version-history":[{"count":2,"href":"https:\/\/www.elamazonico.com\/portal\/wp-json\/wp\/v2\/posts\/9613\/revisions"}],"predecessor-version":[{"id":9616,"href":"https:\/\/www.elamazonico.com\/portal\/wp-json\/wp\/v2\/posts\/9613\/revisions\/9616"}],"wp:featuredmedia":[{"embeddable":true,"href":"https:\/\/www.elamazonico.com\/portal\/wp-json\/wp\/v2\/media\/9614"}],"wp:attachment":[{"href":"https:\/\/www.elamazonico.com\/portal\/wp-json\/wp\/v2\/media?parent=9613"}],"wp:term":[{"taxonomy":"category","embeddable":true,"href":"https:\/\/www.elamazonico.com\/portal\/wp-json\/wp\/v2\/categories?post=9613"},{"taxonomy":"post_tag","embeddable":true,"href":"https:\/\/www.elamazonico.com\/portal\/wp-json\/wp\/v2\/tags?post=9613"}],"curies":[{"name":"wp","href":"https:\/\/api.w.org\/{rel}","templated":true}]}}