{"id":9603,"date":"2023-04-26T12:13:37","date_gmt":"2023-04-26T17:13:37","guid":{"rendered":"https:\/\/www.elamazonico.com\/portal\/?p=9603"},"modified":"2023-04-26T12:13:37","modified_gmt":"2023-04-26T17:13:37","slug":"prendho-utpl-participa-del-primer-encuentro-nacional-de-ecosistemas-de-innovacion","status":"publish","type":"post","link":"https:\/\/www.elamazonico.com\/portal\/prendho-utpl-participa-del-primer-encuentro-nacional-de-ecosistemas-de-innovacion\/","title":{"rendered":"Prendho UTPL participa del primer encuentro nacional de ecosistemas de innovaci\u00f3n"},"content":{"rendered":"<p>M\u00e1s de 200 l\u00edderes de 8 ciudades del pa\u00eds se reunieron en Guayaquil para compartir experiencias y visibilizar algunas acciones en favor del desarrollo de la innovaci\u00f3n, la tecnolog\u00eda, el talento y el crecimiento sostenible de las ciudades.<\/p>\n<p>Las acciones y resultados del trabajo que realiza el Centro de Innovaci\u00f3n y Emprendimiento Prendho de la UTPL para fortalecer el ecosistema de innovaci\u00f3n local, fueron difundidos en el primer encuentro nacional de ecosistemas de innovaci\u00f3n. El evento se desarroll\u00f3, el 25 de abril, en Guayaquil, donde particip\u00f3 Marcos Vega, director de Prendho, junto a m\u00e1s de 200 l\u00edderes a nivel nacional.<\/p>\n<p>Marcos Vega, director de Prendho, particip\u00f3 con el panel \u201cEcosistemas locales, acciones estrat\u00e9gicas desde las ciudades. Resultados y oportunidades\u201d en el que participaron 4 ponentes de entidades como: Conquito, Espol y Senescyt.<\/p>\n<p>En este espacio, Vega comparti\u00f3 el rol de la UTPL y del Centro de Emprendimiento para fortalecer el ecosistema local de innovaci\u00f3n. Especialmente habl\u00f3 sobre el trabajo que realizan junto a la Mesa Provincial de Emprendimiento de Loja en beneficio de la poblaci\u00f3n que habita en los cantones y los retos a futuro para fortalecer este accionar.<\/p>\n<p><strong>\u00a0<\/strong><\/p>\n<p><strong>Accionar local<\/strong><\/p>\n<p>Prendho UTPL aporta al ecosistema de innovaci\u00f3n de la provincia por medio de sus programas de incubaci\u00f3n, donde forma a emprendedores din\u00e1micos, es decir que sean escalables y con componentes tecnol\u00f3gicos. En lo que va del 2023, 40 emprendimientos han participado de los programas que oferta Prendho.<\/p>\n<p>Adem\u00e1s, como integrante de la Mesa Provincial de Emprendimiento de Loja, hace algunos d\u00edas firm\u00f3 un acuerdo por una \u201cLoja productiva y competitiva\u201d para formar una red de trabajo con los gobiernos locales, con quienes trabajar\u00e1n en temas de sostenibilidad, gesti\u00f3n de recursos y la generaci\u00f3n de pol\u00edticas p\u00fablicas.<\/p>\n<p>&nbsp;<\/p>\n<p><strong>Sobre el evento <\/strong><\/p>\n<p>Por el mes la Creatividad y la Innovaci\u00f3n, la Empresa P\u00fablica Municipal para la Gesti\u00f3n de la Innovaci\u00f3n y la Competitividad, \u00c9PICO en alianza con la Universidad Tecnol\u00f3gica Empresarial de Guayaquil y el apoyo de Conquito, Prendho-UTPL Disrupt Challenge, Startup Grind y la Senescyt organizaron el Primer Encuentro Nacional de Ecosistemas de Innovaci\u00f3n.<\/p>\n","protected":false},"excerpt":{"rendered":"<p>M\u00e1s de 200 l\u00edderes de 8 ciudades del pa\u00eds se reunieron en Guayaquil para compartir experiencias y visibilizar algunas acciones en favor del desarrollo de la innovaci\u00f3n, la tecnolog\u00eda, el talento y el crecimiento sostenible de las ciudades. Las acciones y resultados del trabajo que realiza el Centro de Innovaci\u00f3n y Emprendimiento Prendho de la UTPL para fortalecer el ecosistema de innovaci\u00f3n local, fueron difundidos en el primer encuentro nacional de ecosistemas de innovaci\u00f3n. El evento se desarroll\u00f3, el 25 de abril, en Guayaquil, donde particip\u00f3 Marcos Vega, director de Prendho, junto a m\u00e1s de 200 l\u00edderes a nivel nacional. Marcos Vega, director de Prendho, particip\u00f3 con el panel \u201cEcosistemas locales, acciones estrat\u00e9gicas desde las ciudades. Resultados y oportunidades\u201d en el que participaron 4 ponentes de entidades como: Conquito, Espol y Senescyt. En este espacio, Vega comparti\u00f3 el rol de la UTPL y del Centro de Emprendimiento para fortalecer el ecosistema local de innovaci\u00f3n. Especialmente habl\u00f3 sobre el trabajo que realizan junto a la Mesa Provincial de Emprendimiento de Loja en beneficio de la poblaci\u00f3n que habita en los cantones y los retos a futuro para fortalecer este accionar. \u00a0 Accionar local Prendho UTPL aporta al ecosistema de innovaci\u00f3n de la provincia por medio de sus programas de incubaci\u00f3n, donde forma a emprendedores din\u00e1micos, es decir que sean escalables y con componentes tecnol\u00f3gicos. En lo que va del 2023, 40 emprendimientos han participado de los programas que oferta Prendho. Adem\u00e1s, como integrante de la Mesa Provincial de Emprendimiento de Loja, hace algunos d\u00edas firm\u00f3 un acuerdo por una \u201cLoja productiva y competitiva\u201d para formar una red de trabajo con los gobiernos locales, con quienes trabajar\u00e1n en temas de sostenibilidad, gesti\u00f3n de recursos y la generaci\u00f3n de pol\u00edticas p\u00fablicas. &nbsp; Sobre el evento Por el mes la Creatividad y la Innovaci\u00f3n, la Empresa P\u00fablica Municipal para la Gesti\u00f3n de la Innovaci\u00f3n y la Competitividad, \u00c9PICO en alianza con la Universidad Tecnol\u00f3gica Empresarial de Guayaquil y el apoyo de Conquito, Prendho-UTPL Disrupt Challenge, Startup Grind y la Senescyt organizaron el Primer Encuentro Nacional de Ecosistemas de Innovaci\u00f3n.<\/p>\n","protected":false},"author":1,"featured_media":9604,"comment_status":"open","ping_status":"open","sticky":false,"template":"","format":"standard","meta":{"footnotes":""},"categories":[284],"tags":[],"class_list":["post-9603","post","type-post","status-publish","format-standard","has-post-thumbnail","hentry","category-noticias-loja"],"_links":{"self":[{"href":"https:\/\/www.elamazonico.com\/portal\/wp-json\/wp\/v2\/posts\/9603","targetHints":{"allow":["GET"]}}],"collection":[{"href":"https:\/\/www.elamazonico.com\/portal\/wp-json\/wp\/v2\/posts"}],"about":[{"href":"https:\/\/www.elamazonico.com\/portal\/wp-json\/wp\/v2\/types\/post"}],"author":[{"embeddable":true,"href":"https:\/\/www.elamazonico.com\/portal\/wp-json\/wp\/v2\/users\/1"}],"replies":[{"embeddable":true,"href":"https:\/\/www.elamazonico.com\/portal\/wp-json\/wp\/v2\/comments?post=9603"}],"version-history":[{"count":1,"href":"https:\/\/www.elamazonico.com\/portal\/wp-json\/wp\/v2\/posts\/9603\/revisions"}],"predecessor-version":[{"id":9605,"href":"https:\/\/www.elamazonico.com\/portal\/wp-json\/wp\/v2\/posts\/9603\/revisions\/9605"}],"wp:featuredmedia":[{"embeddable":true,"href":"https:\/\/www.elamazonico.com\/portal\/wp-json\/wp\/v2\/media\/9604"}],"wp:attachment":[{"href":"https:\/\/www.elamazonico.com\/portal\/wp-json\/wp\/v2\/media?parent=9603"}],"wp:term":[{"taxonomy":"category","embeddable":true,"href":"https:\/\/www.elamazonico.com\/portal\/wp-json\/wp\/v2\/categories?post=9603"},{"taxonomy":"post_tag","embeddable":true,"href":"https:\/\/www.elamazonico.com\/portal\/wp-json\/wp\/v2\/tags?post=9603"}],"curies":[{"name":"wp","href":"https:\/\/api.w.org\/{rel}","templated":true}]}}