{"id":9558,"date":"2023-04-24T09:37:47","date_gmt":"2023-04-24T14:37:47","guid":{"rendered":"https:\/\/www.elamazonico.com\/portal\/?p=9558"},"modified":"2023-04-24T09:37:47","modified_gmt":"2023-04-24T14:37:47","slug":"se-interviene-av-santiago-de-las-montanas","status":"publish","type":"post","link":"https:\/\/www.elamazonico.com\/portal\/se-interviene-av-santiago-de-las-montanas\/","title":{"rendered":"Se interviene Av. Santiago de las Monta\u00f1as"},"content":{"rendered":"<p>Inician los trabajos en la Av. Santiago de las Monta\u00f1as, en donde se realizar\u00e1 el cambio total de las redes sanitarias y pavimentaci\u00f3n de la v\u00eda. La municipalidad lojana socializ\u00f3 con los moradores del sector la ejecuci\u00f3n de la obra.<\/p>\n<p>R\u00f3mulo Ch\u00e1vez, coordinador General, manifest\u00f3 que el Municipio de Loja invertir\u00e1 un mill\u00f3n 731 mil d\u00f3lares en la pavimentaci\u00f3n de v\u00eda, cuya infraestructura cumpli\u00f3 su vida \u00fatil y es necesario intervenirla, ya que es una arteria de alto tr\u00e1fico. A\u00f1ade que se coordina con la Unidad de Control Operativa de Tr\u00e1nsito, UCOT, para desviar el tr\u00e1fico por v\u00edas alternas.<\/p>\n<p>Los trabajos iniciaron con el frezado de la carpeta, desde la calle Guayaquil. Se colocar\u00e1 carpeta asf\u00e1ltica de diez cent\u00edmetros y se prev\u00e9 que las tareas duren ocho meses, sostiene el funcionario municipal. A\u00f1ade que los dise\u00f1os contemplan que la obra tenga una duraci\u00f3n entre 20 y 25 a\u00f1os.<\/p>\n","protected":false},"excerpt":{"rendered":"<p>Inician los trabajos en la Av. Santiago de las Monta\u00f1as, en donde se realizar\u00e1 el cambio total de las redes sanitarias y pavimentaci\u00f3n de la v\u00eda. La municipalidad lojana socializ\u00f3 con los moradores del sector la ejecuci\u00f3n de la obra. R\u00f3mulo Ch\u00e1vez, coordinador General, manifest\u00f3 que el Municipio de Loja invertir\u00e1 un mill\u00f3n 731 mil d\u00f3lares en la pavimentaci\u00f3n de v\u00eda, cuya infraestructura cumpli\u00f3 su vida \u00fatil y es necesario intervenirla, ya que es una arteria de alto tr\u00e1fico. A\u00f1ade que se coordina con la Unidad de Control Operativa de Tr\u00e1nsito, UCOT, para desviar el tr\u00e1fico por v\u00edas alternas. Los trabajos iniciaron con el frezado de la carpeta, desde la calle Guayaquil. Se colocar\u00e1 carpeta asf\u00e1ltica de diez cent\u00edmetros y se prev\u00e9 que las tareas duren ocho meses, sostiene el funcionario municipal. A\u00f1ade que los dise\u00f1os contemplan que la obra tenga una duraci\u00f3n entre 20 y 25 a\u00f1os.<\/p>\n","protected":false},"author":1,"featured_media":9561,"comment_status":"open","ping_status":"open","sticky":false,"template":"","format":"standard","meta":{"footnotes":""},"categories":[284],"tags":[],"class_list":["post-9558","post","type-post","status-publish","format-standard","has-post-thumbnail","hentry","category-noticias-loja"],"_links":{"self":[{"href":"https:\/\/www.elamazonico.com\/portal\/wp-json\/wp\/v2\/posts\/9558","targetHints":{"allow":["GET"]}}],"collection":[{"href":"https:\/\/www.elamazonico.com\/portal\/wp-json\/wp\/v2\/posts"}],"about":[{"href":"https:\/\/www.elamazonico.com\/portal\/wp-json\/wp\/v2\/types\/post"}],"author":[{"embeddable":true,"href":"https:\/\/www.elamazonico.com\/portal\/wp-json\/wp\/v2\/users\/1"}],"replies":[{"embeddable":true,"href":"https:\/\/www.elamazonico.com\/portal\/wp-json\/wp\/v2\/comments?post=9558"}],"version-history":[{"count":1,"href":"https:\/\/www.elamazonico.com\/portal\/wp-json\/wp\/v2\/posts\/9558\/revisions"}],"predecessor-version":[{"id":9562,"href":"https:\/\/www.elamazonico.com\/portal\/wp-json\/wp\/v2\/posts\/9558\/revisions\/9562"}],"wp:featuredmedia":[{"embeddable":true,"href":"https:\/\/www.elamazonico.com\/portal\/wp-json\/wp\/v2\/media\/9561"}],"wp:attachment":[{"href":"https:\/\/www.elamazonico.com\/portal\/wp-json\/wp\/v2\/media?parent=9558"}],"wp:term":[{"taxonomy":"category","embeddable":true,"href":"https:\/\/www.elamazonico.com\/portal\/wp-json\/wp\/v2\/categories?post=9558"},{"taxonomy":"post_tag","embeddable":true,"href":"https:\/\/www.elamazonico.com\/portal\/wp-json\/wp\/v2\/tags?post=9558"}],"curies":[{"name":"wp","href":"https:\/\/api.w.org\/{rel}","templated":true}]}}