{"id":9535,"date":"2023-04-21T11:02:40","date_gmt":"2023-04-21T16:02:40","guid":{"rendered":"https:\/\/www.elamazonico.com\/portal\/?p=9535"},"modified":"2023-04-21T11:02:40","modified_gmt":"2023-04-21T16:02:40","slug":"timbara-cumple-68-anos-de-vida-politica-con-su-nueva-soberana-2023","status":"publish","type":"post","link":"https:\/\/www.elamazonico.com\/portal\/timbara-cumple-68-anos-de-vida-politica-con-su-nueva-soberana-2023\/","title":{"rendered":"Timbara cumple 68 a\u00f1os de vida pol\u00edtica con su nueva soberana 2023"},"content":{"rendered":"<p>En el contexto de la celebraci\u00f3n de los 68 a\u00f1os de vida y emancipaci\u00f3n pol\u00edtica de la parroquia Timbara, Krupskaya Tapia Montero fue coronada como la nueva reina de la parroquia. Una joven de 22 a\u00f1os, recientemente egresada de la Universidad Nacional de Loja. Este evento cont\u00f3 con la presencia de autoridades parroquiales y cantonales como el alcalde de Zamora, Manuel Gonz\u00e1lez.<\/p>\n<p>Timbara es una de las seis parroquias rurales del cant\u00f3n Zamora, provincia de Zamora Chinchipe y se encuentra cumpliendo su sexag\u00e9simo octavo aniversario de parroquializaci\u00f3n y vida pol\u00edtica. Atravesada por el r\u00edo Zamora, mundialmente conocida como la \u201ctierra de la ca\u00f1a y la melcocha\u201d. Su poblaci\u00f3n es de m\u00e1s de 960 habitantes y con un \u00edndice de crecimiento poblacional anual es del 3,11% y 2,20%, seg\u00fan los \u00faltimos datos del Instituto Nacional de Estad\u00edsticas y Censos.<\/p>\n<p>El 25 de abril de 1955 se cre\u00f3 las parroquias de Timbara, Cumbaratza y Sabanilla. Entre las principales actividades productivas y econ\u00f3micas de Timbara se destaca la ganader\u00eda, agricultura y turismo. Pero la que sobresale es la siembra de la ca\u00f1a y de ello, se desprenden sus derivados como la panela, el guarapo y la melcocha, degustada por los turistas y visitantes.<\/p>\n<p>Es por ello, que la actual administraci\u00f3n 2019-2023, liderada por Segundo Puchaicela ha implementado una serie de actividades para la celebraci\u00f3n de estas festividades, que se desarrollan del 20 al 23 de abril.<\/p>\n<p>Las actividades se realizan de la siguiente manera:<\/p>\n<p>Jueves, 20 de abril:<\/p>\n<ul>\n<li>Minga de limpieza y embellecimiento de la parroquia en horas de la ma\u00f1ana.<\/li>\n<li>Misa de acci\u00f3n de gracias en la iglesia de la cabecera parroquial.<\/li>\n<li>Coronaci\u00f3n de la reina de la parroquia de las etnias saraguro y mestiza que cont\u00f3 con la presencia de artistas invitados.<\/li>\n<\/ul>\n<p>Viernes, 21 de abril:<\/p>\n<ul>\n<li>Exposiciones art\u00edsticas de pintura en los murales \u201cConservaci\u00f3n del medio ambiente\u201d en la escuela Ismael Apolo.<\/li>\n<li>Noche de integraci\u00f3n cultural: presentaci\u00f3n de danzas y artistas juveniles.<\/li>\n<\/ul>\n<p>S\u00e1bado, 22 de abril:<\/p>\n<ul>\n<li>Ciclo ruta \u201cLa Ca\u00f1a y la Melcocha\u201d Segunda Edici\u00f3n.<\/li>\n<li>XVII Feria agropecuaria, productiva, gastron\u00f3mica, artesanal y de emprendimientos Timbara 2023 en el Recinto ferial de la parroquia.<\/li>\n<\/ul>\n<p>Domingo, 23 de abril:<\/p>\n<ul>\n<li>Desfile c\u00edvico por las diferentes calles de la parroquia.<\/li>\n<li>Sesi\u00f3n solemne.<\/li>\n<li>Festival de la canci\u00f3n \u201cEl productor canta a Timbara\u201d<\/li>\n<li>Final del campeonato de fut-sala.<\/li>\n<li>Noche de integraci\u00f3n parroquial con la presentaci\u00f3n de artistas invitados y orquesta nacional.<\/li>\n<\/ul>\n<p>&nbsp;<\/p>\n","protected":false},"excerpt":{"rendered":"<p>En el contexto de la celebraci\u00f3n de los 68 a\u00f1os de vida y emancipaci\u00f3n pol\u00edtica de la parroquia Timbara, Krupskaya Tapia Montero fue coronada como la nueva reina de la parroquia. Una joven de 22 a\u00f1os, recientemente egresada de la Universidad Nacional de Loja. Este evento cont\u00f3 con la presencia de autoridades parroquiales y cantonales como el alcalde de Zamora, Manuel Gonz\u00e1lez. Timbara es una de las seis parroquias rurales del cant\u00f3n Zamora, provincia de Zamora Chinchipe y se encuentra cumpliendo su sexag\u00e9simo octavo aniversario de parroquializaci\u00f3n y vida pol\u00edtica. Atravesada por el r\u00edo Zamora, mundialmente conocida como la \u201ctierra de la ca\u00f1a y la melcocha\u201d. Su poblaci\u00f3n es de m\u00e1s de 960 habitantes y con un \u00edndice de crecimiento poblacional anual es del 3,11% y 2,20%, seg\u00fan los \u00faltimos datos del Instituto Nacional de Estad\u00edsticas y Censos. El 25 de abril de 1955 se cre\u00f3 las parroquias de Timbara, Cumbaratza y Sabanilla. Entre las principales actividades productivas y econ\u00f3micas de Timbara se destaca la ganader\u00eda, agricultura y turismo. Pero la que sobresale es la siembra de la ca\u00f1a y de ello, se desprenden sus derivados como la panela, el guarapo y la melcocha, degustada por los turistas y visitantes. Es por ello, que la actual administraci\u00f3n 2019-2023, liderada por Segundo Puchaicela ha implementado una serie de actividades para la celebraci\u00f3n de estas festividades, que se desarrollan del 20 al 23 de abril. Las actividades se realizan de la siguiente manera: Jueves, 20 de abril: Minga de limpieza y embellecimiento de la parroquia en horas de la ma\u00f1ana. Misa de acci\u00f3n de gracias en la iglesia de la cabecera parroquial. Coronaci\u00f3n de la reina de la parroquia de las etnias saraguro y mestiza que cont\u00f3 con la presencia de artistas invitados. Viernes, 21 de abril: Exposiciones art\u00edsticas de pintura en los murales \u201cConservaci\u00f3n del medio ambiente\u201d en la escuela Ismael Apolo. Noche de integraci\u00f3n cultural: presentaci\u00f3n de danzas y artistas juveniles. S\u00e1bado, 22 de abril: Ciclo ruta \u201cLa Ca\u00f1a y la Melcocha\u201d Segunda Edici\u00f3n. XVII Feria agropecuaria, productiva, gastron\u00f3mica, artesanal y de emprendimientos Timbara 2023 en el Recinto ferial de la parroquia. Domingo, 23 de abril: Desfile c\u00edvico por las diferentes calles de la parroquia. Sesi\u00f3n solemne. Festival de la canci\u00f3n \u201cEl productor canta a Timbara\u201d Final del campeonato de fut-sala. Noche de integraci\u00f3n parroquial con la presentaci\u00f3n de artistas invitados y orquesta nacional. &nbsp;<\/p>\n","protected":false},"author":1,"featured_media":9536,"comment_status":"open","ping_status":"open","sticky":false,"template":"","format":"standard","meta":{"footnotes":""},"categories":[243],"tags":[],"class_list":["post-9535","post","type-post","status-publish","format-standard","has-post-thumbnail","hentry","category-noticias-zamora"],"_links":{"self":[{"href":"https:\/\/www.elamazonico.com\/portal\/wp-json\/wp\/v2\/posts\/9535","targetHints":{"allow":["GET"]}}],"collection":[{"href":"https:\/\/www.elamazonico.com\/portal\/wp-json\/wp\/v2\/posts"}],"about":[{"href":"https:\/\/www.elamazonico.com\/portal\/wp-json\/wp\/v2\/types\/post"}],"author":[{"embeddable":true,"href":"https:\/\/www.elamazonico.com\/portal\/wp-json\/wp\/v2\/users\/1"}],"replies":[{"embeddable":true,"href":"https:\/\/www.elamazonico.com\/portal\/wp-json\/wp\/v2\/comments?post=9535"}],"version-history":[{"count":1,"href":"https:\/\/www.elamazonico.com\/portal\/wp-json\/wp\/v2\/posts\/9535\/revisions"}],"predecessor-version":[{"id":9537,"href":"https:\/\/www.elamazonico.com\/portal\/wp-json\/wp\/v2\/posts\/9535\/revisions\/9537"}],"wp:featuredmedia":[{"embeddable":true,"href":"https:\/\/www.elamazonico.com\/portal\/wp-json\/wp\/v2\/media\/9536"}],"wp:attachment":[{"href":"https:\/\/www.elamazonico.com\/portal\/wp-json\/wp\/v2\/media?parent=9535"}],"wp:term":[{"taxonomy":"category","embeddable":true,"href":"https:\/\/www.elamazonico.com\/portal\/wp-json\/wp\/v2\/categories?post=9535"},{"taxonomy":"post_tag","embeddable":true,"href":"https:\/\/www.elamazonico.com\/portal\/wp-json\/wp\/v2\/tags?post=9535"}],"curies":[{"name":"wp","href":"https:\/\/api.w.org\/{rel}","templated":true}]}}