{"id":9515,"date":"2023-04-20T07:55:38","date_gmt":"2023-04-20T12:55:38","guid":{"rendered":"https:\/\/www.elamazonico.com\/portal\/?p=9515"},"modified":"2023-04-20T07:55:38","modified_gmt":"2023-04-20T12:55:38","slug":"la-via-de-cuatro-carriles-loja-catamayo-esta-en-concesion","status":"publish","type":"post","link":"https:\/\/www.elamazonico.com\/portal\/la-via-de-cuatro-carriles-loja-catamayo-esta-en-concesion\/","title":{"rendered":"La v\u00eda de cuatro carriles  Loja-Catamayo est\u00e1 en concesi\u00f3n"},"content":{"rendered":"<p>El estudio de prefactibilidad debe determinar el n\u00famero de veh\u00edculos que transitan diariamente, con el objetivo de que las personas que se encuentran en el proceso de concesi\u00f3n lo conozcan. Cabe recalcar que el estado ser\u00eda parte de ello, esto, con la finalidad de que el costo del peaje sea menor.<\/p>\n<p>En este sentido el gobernador de la provincia de Loja, Fredy Bravo aduce tener respuesta directa desde el Primer Mandatario. \u201cEn este instante para Loja, tenemos 55 millones de d\u00f3lares para la emergencia; se est\u00e1n subiendo los procesos\u201d, expuso. Adem\u00e1s, los organismos multilaterales de cr\u00e9dito, buscan la legitimidad y origen de los recursos que se destinar\u00e1n en este proyecto desde la concesi\u00f3n para darle a Loja esta v\u00eda que descongestionar\u00eda la \u00fanica v\u00eda con destino a la costa.<\/p>\n<p>Pero, antes de ello, ser\u00eda necesario la firma de convenio con el Ministerio de Transporte y Obras P\u00fablicas para solucionar los puntos cr\u00edticos de la v\u00eda antigua a Catamayo, Malacatos-El Tambo y dem\u00e1s con la finalidad de habilitar el transito en estas v\u00edas alternas, mientras se ejecuta la v\u00eda de cuatro carriles. \u201cEst\u00e1n listos los recursos y no es posible que nos durmamos. Y por ello que reclamamos\u201d, dijo Bravo quien tambi\u00e9n resalta que se debe tomar en cuenta un porcentaje para los mantenimientos permanentes.<\/p>\n<p>El gobernador en una entrevista para Diario El Amaz\u00f3nico dio a conocer que ha realizado di\u00e1logos concernientes a varios temas de vialidad con el prefecto electo, Mario Mancino. Uno de ellos trata de los recursos destinados al Paso Lateral de la ciudad de Loja para solucionar puntos cr\u00edticos que abarca una inversi\u00f3n USD 3\u2019200.000.<\/p>\n<p><strong>Visita de la viceministra a Loja <\/strong><\/p>\n<p>El representante del gobierno en la provincia de Loja, destac\u00f3 que recibieron la visita de la viceministra de Atenci\u00f3n Integral del Ministerio de Salud P\u00fablica, Carmen Guerrero a algunos hospitales y centros de salud, en los cuales estuvo presente. Por su experiencia vivida, el Ministerio de Salud p\u00fablica estar\u00eda empe\u00f1ado en recuperar el tiempo perdido. \u201cNo es posible llegar a un hospital y que no haya jab\u00f3n; que haya goteras en un hospital, eso es inaceptable\u201d, expuso Bravo.<\/p>\n<p>Adem\u00e1s, da a conocer que el ministro de Salud P\u00fablica, Jos\u00e9 Ruales, conoce esto, por lo que decidi\u00f3 que un equipo del Ministerio se contacte con sus pares y de esa forma identificar las problem\u00e1ticas.<\/p>\n<p><strong>Renuncia de la coordinadora zonal 7 de salud. <\/strong><\/p>\n<p>Bravo asegura que lo del tema de la renuncia de la coordinadora zonal, solo son rumores y en los pr\u00f3ximos d\u00edas y horas se dar\u00e1 a conocer m\u00e1s acerca de su renuncia o si contin\u00faa al frente de esta entidad. Lo considera como secundario en lo que concierne a salud.<\/p>\n<p>Y dice que la visita de la ministra no ser\u00e1 una m\u00e1s, porque es testigo de lo que los funcionarios destacaban los problemas y se ver\u00e1 un antes y un despu\u00e9s en las deficiencias que la viceministra se encontr\u00f3 en los centros de salud, en la provincia de Loja. Dice que hay mucha diferencia entre los informes que se emiten, con relaci\u00f3n a las evidencias, donde no significa lo mismo. Y eso es lo que vio la viceministra.<\/p>\n<p>La administraci\u00f3n es zonal, pero cada provincia tiene su propia realidad y el manejo administrativo debe ser de forma horizontal. Acompa\u00f1ado de los medios de comunicaci\u00f3n como testigos de la situaci\u00f3n que se vive en los hospitales y centros de salud.<\/p>\n<p>Dice que esta visita se planific\u00f3 desde febrero y se retras\u00f3 por el terremoto en Machala. Conoc\u00eda que esta acci\u00f3n podr\u00eda marcar un antes y un despu\u00e9s. No coment\u00f3 acerca del d\u00eda de la llegada de la viceministra porque lo conoci\u00f3 con 48 horas de anticipaci\u00f3n.<\/p>\n<p><strong>Seguridad en Loja<\/strong><\/p>\n<p>El gobernador indica que, como provincia no se han presentado grandes novedades y habla por cantones como: Gonzanam\u00e1, Quilanga, Sozoranga, donde no se reporta ninguna novedad Mientras que en otros cantones son absolutamente focalizadas en el aspecto de inseguridad.<\/p>\n<p>Habla del intento de sicariato al interior de una familia, hecho suscitado en la ciudad de Loja, donde un hermano atenta en contra de la vida de su hermana. Justamente elementos de la polic\u00eda, transitaban por el sector de la UTPL, quienes iban rumbo a Zamora para otro operativo. Uno de ellos decide enfrentar al delincuente y este le proporciona dos disparos, pero que afortunadamente no afectaron su humanidad.<\/p>\n<p>De ah\u00ed al segundo implicado quien estaba huyendo hacia la Costa fue interceptado en Chaguarpamba, siendo detenido.<\/p>\n<p>En otro caso, dice que en su despacho recibi\u00f3 la visita de una persona advirtiendo el peligro que corr\u00eda una persona privada de la libertad en la c\u00e1rcel de Loja. Pero, manifiesta que el Sistema Nacional de Atenci\u00f3n a Personas Privadas de la Libertad (SNAI) y tiene una autonom\u00eda y no puede intervenir en ese tema. La v\u00edctima mortal seg\u00fan comenta el gobernador fue aislada para su protecci\u00f3n, pero los victimarios hicieron un orificio en la pared y ah\u00ed lo asesinaron frente a sus hijas. Ha habido hechos puntuales y con respecto a ello, la Polic\u00eda Nacional y el Ej\u00e9rcito Ecuatoriano han actuado con firmeza, concluy\u00f3 Bravo.<\/p>\n","protected":false},"excerpt":{"rendered":"<p>El estudio de prefactibilidad debe determinar el n\u00famero de veh\u00edculos que transitan diariamente, con el objetivo de que las personas que se encuentran en el proceso de concesi\u00f3n lo conozcan. Cabe recalcar que el estado ser\u00eda parte de ello, esto, con la finalidad de que el costo del peaje sea menor. En este sentido el gobernador de la provincia de Loja, Fredy Bravo aduce tener respuesta directa desde el Primer Mandatario. \u201cEn este instante para Loja, tenemos 55 millones de d\u00f3lares para la emergencia; se est\u00e1n subiendo los procesos\u201d, expuso. Adem\u00e1s, los organismos multilaterales de cr\u00e9dito, buscan la legitimidad y origen de los recursos que se destinar\u00e1n en este proyecto desde la concesi\u00f3n para darle a Loja esta v\u00eda que descongestionar\u00eda la \u00fanica v\u00eda con destino a la costa. Pero, antes de ello, ser\u00eda necesario la firma de convenio con el Ministerio de Transporte y Obras P\u00fablicas para solucionar los puntos cr\u00edticos de la v\u00eda antigua a Catamayo, Malacatos-El Tambo y dem\u00e1s con la finalidad de habilitar el transito en estas v\u00edas alternas, mientras se ejecuta la v\u00eda de cuatro carriles. \u201cEst\u00e1n listos los recursos y no es posible que nos durmamos. Y por ello que reclamamos\u201d, dijo Bravo quien tambi\u00e9n resalta que se debe tomar en cuenta un porcentaje para los mantenimientos permanentes. El gobernador en una entrevista para Diario El Amaz\u00f3nico dio a conocer que ha realizado di\u00e1logos concernientes a varios temas de vialidad con el prefecto electo, Mario Mancino. Uno de ellos trata de los recursos destinados al Paso Lateral de la ciudad de Loja para solucionar puntos cr\u00edticos que abarca una inversi\u00f3n USD 3\u2019200.000. Visita de la viceministra a Loja El representante del gobierno en la provincia de Loja, destac\u00f3 que recibieron la visita de la viceministra de Atenci\u00f3n Integral del Ministerio de Salud P\u00fablica, Carmen Guerrero a algunos hospitales y centros de salud, en los cuales estuvo presente. Por su experiencia vivida, el Ministerio de Salud p\u00fablica estar\u00eda empe\u00f1ado en recuperar el tiempo perdido. \u201cNo es posible llegar a un hospital y que no haya jab\u00f3n; que haya goteras en un hospital, eso es inaceptable\u201d, expuso Bravo. Adem\u00e1s, da a conocer que el ministro de Salud P\u00fablica, Jos\u00e9 Ruales, conoce esto, por lo que decidi\u00f3 que un equipo del Ministerio se contacte con sus pares y de esa forma identificar las problem\u00e1ticas. Renuncia de la coordinadora zonal 7 de salud. Bravo asegura que lo del tema de la renuncia de la coordinadora zonal, solo son rumores y en los pr\u00f3ximos d\u00edas y horas se dar\u00e1 a conocer m\u00e1s acerca de su renuncia o si contin\u00faa al frente de esta entidad. Lo considera como secundario en lo que concierne a salud. Y dice que la visita de la ministra no ser\u00e1 una m\u00e1s, porque es testigo de lo que los funcionarios destacaban los problemas y se ver\u00e1 un antes y un despu\u00e9s en las deficiencias que la viceministra se encontr\u00f3 en los centros de salud, en la provincia de Loja. Dice que hay mucha diferencia entre los informes que se emiten, con relaci\u00f3n a las evidencias, donde no significa lo mismo. Y eso es lo que vio la viceministra. La administraci\u00f3n es zonal, pero cada provincia tiene su propia realidad y el manejo administrativo debe ser de forma horizontal. Acompa\u00f1ado de los medios de comunicaci\u00f3n como testigos de la situaci\u00f3n que se vive en los hospitales y centros de salud. Dice que esta visita se planific\u00f3 desde febrero y se retras\u00f3 por el terremoto en Machala. Conoc\u00eda que esta acci\u00f3n podr\u00eda marcar un antes y un despu\u00e9s. No coment\u00f3 acerca del d\u00eda de la llegada de la viceministra porque lo conoci\u00f3 con 48 horas de anticipaci\u00f3n. Seguridad en Loja El gobernador indica que, como provincia no se han presentado grandes novedades y habla por cantones como: Gonzanam\u00e1, Quilanga, Sozoranga, donde no se reporta ninguna novedad Mientras que en otros cantones son absolutamente focalizadas en el aspecto de inseguridad. Habla del intento de sicariato al interior de una familia, hecho suscitado en la ciudad de Loja, donde un hermano atenta en contra de la vida de su hermana. Justamente elementos de la polic\u00eda, transitaban por el sector de la UTPL, quienes iban rumbo a Zamora para otro operativo. Uno de ellos decide enfrentar al delincuente y este le proporciona dos disparos, pero que afortunadamente no afectaron su humanidad. De ah\u00ed al segundo implicado quien estaba huyendo hacia la Costa fue interceptado en Chaguarpamba, siendo detenido. En otro caso, dice que en su despacho recibi\u00f3 la visita de una persona advirtiendo el peligro que corr\u00eda una persona privada de la libertad en la c\u00e1rcel de Loja. Pero, manifiesta que el Sistema Nacional de Atenci\u00f3n a Personas Privadas de la Libertad (SNAI) y tiene una autonom\u00eda y no puede intervenir en ese tema. La v\u00edctima mortal seg\u00fan comenta el gobernador fue aislada para su protecci\u00f3n, pero los victimarios hicieron un orificio en la pared y ah\u00ed lo asesinaron frente a sus hijas. Ha habido hechos puntuales y con respecto a ello, la Polic\u00eda Nacional y el Ej\u00e9rcito Ecuatoriano han actuado con firmeza, concluy\u00f3 Bravo.<\/p>\n","protected":false},"author":1,"featured_media":9516,"comment_status":"open","ping_status":"open","sticky":false,"template":"","format":"standard","meta":{"footnotes":""},"categories":[285,284,243],"tags":[],"class_list":["post-9515","post","type-post","status-publish","format-standard","has-post-thumbnail","hentry","category-noticias-amazonia","category-noticias-loja","category-noticias-zamora"],"_links":{"self":[{"href":"https:\/\/www.elamazonico.com\/portal\/wp-json\/wp\/v2\/posts\/9515","targetHints":{"allow":["GET"]}}],"collection":[{"href":"https:\/\/www.elamazonico.com\/portal\/wp-json\/wp\/v2\/posts"}],"about":[{"href":"https:\/\/www.elamazonico.com\/portal\/wp-json\/wp\/v2\/types\/post"}],"author":[{"embeddable":true,"href":"https:\/\/www.elamazonico.com\/portal\/wp-json\/wp\/v2\/users\/1"}],"replies":[{"embeddable":true,"href":"https:\/\/www.elamazonico.com\/portal\/wp-json\/wp\/v2\/comments?post=9515"}],"version-history":[{"count":1,"href":"https:\/\/www.elamazonico.com\/portal\/wp-json\/wp\/v2\/posts\/9515\/revisions"}],"predecessor-version":[{"id":9517,"href":"https:\/\/www.elamazonico.com\/portal\/wp-json\/wp\/v2\/posts\/9515\/revisions\/9517"}],"wp:featuredmedia":[{"embeddable":true,"href":"https:\/\/www.elamazonico.com\/portal\/wp-json\/wp\/v2\/media\/9516"}],"wp:attachment":[{"href":"https:\/\/www.elamazonico.com\/portal\/wp-json\/wp\/v2\/media?parent=9515"}],"wp:term":[{"taxonomy":"category","embeddable":true,"href":"https:\/\/www.elamazonico.com\/portal\/wp-json\/wp\/v2\/categories?post=9515"},{"taxonomy":"post_tag","embeddable":true,"href":"https:\/\/www.elamazonico.com\/portal\/wp-json\/wp\/v2\/tags?post=9515"}],"curies":[{"name":"wp","href":"https:\/\/api.w.org\/{rel}","templated":true}]}}