{"id":9490,"date":"2023-04-18T11:43:37","date_gmt":"2023-04-18T16:43:37","guid":{"rendered":"https:\/\/www.elamazonico.com\/portal\/?p=9490"},"modified":"2023-04-18T11:43:37","modified_gmt":"2023-04-18T16:43:37","slug":"guillermo-lasso-habla-de-disolucion-de-la-asamblea-ante-eventual-destitucion","status":"publish","type":"post","link":"https:\/\/www.elamazonico.com\/portal\/guillermo-lasso-habla-de-disolucion-de-la-asamblea-ante-eventual-destitucion\/","title":{"rendered":"Guillermo Lasso habla de disoluci\u00f3n de la Asamblea ante eventual destituci\u00f3n"},"content":{"rendered":"<p>Una eventual disoluci\u00f3n de la\u00a0<strong>Asamblea Nacional<\/strong>\u00a0se avizora en el panorama pol\u00edtico de Ecuador. El presidente\u00a0<strong>Guillermo Lasso<\/strong>\u00a0lo se\u00f1al\u00f3 en una entrevista con\u00a0<strong>Financial Times<\/strong>\u00a0el 11 de abril de 2023.<\/p>\n<p>El Jefe de Estado dijo en el medio de comunicaci\u00f3n internacional que\u00a0<strong>disolver\u00e1 la Asamblea Nacional<\/strong>\u00a0y convocar\u00e1 a elecciones anticipadas si no re\u00fane suficiente apoyo entre los legisladores antes de una posible audiencia de destituci\u00f3n.<\/p>\n<p>Las declaraciones del Primer Mandatario se conocer un d\u00eda despu\u00e9s de que sus abogados pidieron a los legisladores que declaren inadmisible el juicio pol\u00edtico, al negar las acusaciones de supuesta malversaci\u00f3n de fondos.<\/p>\n<p>\u00ab<strong>Correcto, correcto. Eso es lo que declaro<\/strong>\u00ab, cit\u00f3 el peri\u00f3dico a Lasso en respuesta a una pregunta sobre si invocar\u00eda una cl\u00e1usula constitucional conocida como\u00a0<strong>muerte cruzada<\/strong>\u00a0para forzar elecciones tanto para su propio cargo como para una nueva Asamblea.<\/p>\n<p>La\u00a0<strong>Constituci\u00f3n<\/strong>\u00a0de Ecuador determina esa posibilidad en el<strong>\u00a0art\u00edculo 148<\/strong>. Indica que la Presidenta o Presidente de la Rep\u00fablica podr\u00e1\u00a0<strong>disolver la Asamblea Nacional<\/strong>\u00a0cuando, a su juicio, \u00e9sta se hubiera arrogado funciones que no le competan constitucionalmente, previo dictamen favorable de la Corte Constitucional; o si de forma reiterada e injustificada obstruye la ejecuci\u00f3n del Plan Nacional de Desarrollo, o por grave crisis pol\u00edtica y conmoci\u00f3n interna.<\/p>\n<p>La posici\u00f3n de Lasso se revela despu\u00e9s de que el 17 de abril, en otro medio internacional, dijo que la\u00a0<strong>oposici\u00f3n no tiene los votos necesarios para su destituci\u00f3n<\/strong>, y en medio de cr\u00edticas por un audio filtrado en el que una dirigente de Pachakutik habla de un supuesto pedido de un \u201c<strong>ministerio completo<\/strong>\u201d.<\/p>\n<h2 id=\"h-juicio-politico-en-segunda-etapa\">Juicio pol\u00edtico en segunda etapa<\/h2>\n<p>El proceso de enjuiciamiento pol\u00edtico contin\u00faa en la\u00a0<strong>Comisi\u00f3n de Fiscalizaci\u00f3n<\/strong>\u00a0luego de que la Corte Constitucional lo autoriz\u00f3 a trav\u00e9s de su\u00a0<strong>dictamen de admisibilidad<\/strong>, solo para uno de\u00a0<strong>tres supuestos delitos<\/strong>.<\/p>\n<p>Los asamble\u00edstas de la oposici\u00f3n necesitan\u00a0<strong>92 votos de los 137 miembros de la Asamblea<\/strong>\u00a0para declarar culpable a Lasso si el proceso llega a la fase final. El ministro de Gobierno,\u00a0<strong>Henry Cucal\u00f3n<\/strong>, se\u00f1al\u00f3 que el Jefe de Estado acudir\u00e1 a defenderse en el Pleno.<\/p>\n<p>El<strong>\u00a0presunto peculado<\/strong>\u00a0del que se acusa a Guillermo Lasso se relaciona a un contrato de transporte de crudo entre la empresa p\u00fablica\u00a0<strong>Flopec\u00a0<\/strong>y la empresa privada\u00a0<strong>Amazonas Tanker Pool<\/strong>.<\/p>\n<p>La\u00a0<strong>Comisi\u00f3n de Fiscalizaci\u00f3n<\/strong>\u00a0se inicia este 18 de abril, desde las 15:30, con las primeras cuatro\u00a0<strong>comparecencias<\/strong>\u00a0para el juicio pol\u00edtico.<\/p>\n<p>Se trata de Luis Verdesoto, exsecretario Anticorrupci\u00f3n; Hugo Aguiar, exgerente de Petroecuador; Andersson Bosc\u00e1n, periodista de La Posta, que no asistir\u00e1; y Fabi\u00e1n Pozo, exsecretario jur\u00eddico de la Presidencia. <strong>Fuente: El Comercio<\/strong><\/p>\n","protected":false},"excerpt":{"rendered":"<p>Una eventual disoluci\u00f3n de la\u00a0Asamblea Nacional\u00a0se avizora en el panorama pol\u00edtico de Ecuador. El presidente\u00a0Guillermo Lasso\u00a0lo se\u00f1al\u00f3 en una entrevista con\u00a0Financial Times\u00a0el 11 de abril de 2023. El Jefe de Estado dijo en el medio de comunicaci\u00f3n internacional que\u00a0disolver\u00e1 la Asamblea Nacional\u00a0y convocar\u00e1 a elecciones anticipadas si no re\u00fane suficiente apoyo entre los legisladores antes de una posible audiencia de destituci\u00f3n. Las declaraciones del Primer Mandatario se conocer un d\u00eda despu\u00e9s de que sus abogados pidieron a los legisladores que declaren inadmisible el juicio pol\u00edtico, al negar las acusaciones de supuesta malversaci\u00f3n de fondos. \u00abCorrecto, correcto. Eso es lo que declaro\u00ab, cit\u00f3 el peri\u00f3dico a Lasso en respuesta a una pregunta sobre si invocar\u00eda una cl\u00e1usula constitucional conocida como\u00a0muerte cruzada\u00a0para forzar elecciones tanto para su propio cargo como para una nueva Asamblea. La\u00a0Constituci\u00f3n\u00a0de Ecuador determina esa posibilidad en el\u00a0art\u00edculo 148. Indica que la Presidenta o Presidente de la Rep\u00fablica podr\u00e1\u00a0disolver la Asamblea Nacional\u00a0cuando, a su juicio, \u00e9sta se hubiera arrogado funciones que no le competan constitucionalmente, previo dictamen favorable de la Corte Constitucional; o si de forma reiterada e injustificada obstruye la ejecuci\u00f3n del Plan Nacional de Desarrollo, o por grave crisis pol\u00edtica y conmoci\u00f3n interna. La posici\u00f3n de Lasso se revela despu\u00e9s de que el 17 de abril, en otro medio internacional, dijo que la\u00a0oposici\u00f3n no tiene los votos necesarios para su destituci\u00f3n, y en medio de cr\u00edticas por un audio filtrado en el que una dirigente de Pachakutik habla de un supuesto pedido de un \u201cministerio completo\u201d. Juicio pol\u00edtico en segunda etapa El proceso de enjuiciamiento pol\u00edtico contin\u00faa en la\u00a0Comisi\u00f3n de Fiscalizaci\u00f3n\u00a0luego de que la Corte Constitucional lo autoriz\u00f3 a trav\u00e9s de su\u00a0dictamen de admisibilidad, solo para uno de\u00a0tres supuestos delitos. Los asamble\u00edstas de la oposici\u00f3n necesitan\u00a092 votos de los 137 miembros de la Asamblea\u00a0para declarar culpable a Lasso si el proceso llega a la fase final. El ministro de Gobierno,\u00a0Henry Cucal\u00f3n, se\u00f1al\u00f3 que el Jefe de Estado acudir\u00e1 a defenderse en el Pleno. El\u00a0presunto peculado\u00a0del que se acusa a Guillermo Lasso se relaciona a un contrato de transporte de crudo entre la empresa p\u00fablica\u00a0Flopec\u00a0y la empresa privada\u00a0Amazonas Tanker Pool. La\u00a0Comisi\u00f3n de Fiscalizaci\u00f3n\u00a0se inicia este 18 de abril, desde las 15:30, con las primeras cuatro\u00a0comparecencias\u00a0para el juicio pol\u00edtico. Se trata de Luis Verdesoto, exsecretario Anticorrupci\u00f3n; Hugo Aguiar, exgerente de Petroecuador; Andersson Bosc\u00e1n, periodista de La Posta, que no asistir\u00e1; y Fabi\u00e1n Pozo, exsecretario jur\u00eddico de la Presidencia. Fuente: El Comercio<\/p>\n","protected":false},"author":1,"featured_media":9491,"comment_status":"open","ping_status":"open","sticky":false,"template":"","format":"standard","meta":{"footnotes":""},"categories":[268],"tags":[],"class_list":["post-9490","post","type-post","status-publish","format-standard","has-post-thumbnail","hentry","category-nacionales"],"_links":{"self":[{"href":"https:\/\/www.elamazonico.com\/portal\/wp-json\/wp\/v2\/posts\/9490","targetHints":{"allow":["GET"]}}],"collection":[{"href":"https:\/\/www.elamazonico.com\/portal\/wp-json\/wp\/v2\/posts"}],"about":[{"href":"https:\/\/www.elamazonico.com\/portal\/wp-json\/wp\/v2\/types\/post"}],"author":[{"embeddable":true,"href":"https:\/\/www.elamazonico.com\/portal\/wp-json\/wp\/v2\/users\/1"}],"replies":[{"embeddable":true,"href":"https:\/\/www.elamazonico.com\/portal\/wp-json\/wp\/v2\/comments?post=9490"}],"version-history":[{"count":1,"href":"https:\/\/www.elamazonico.com\/portal\/wp-json\/wp\/v2\/posts\/9490\/revisions"}],"predecessor-version":[{"id":9492,"href":"https:\/\/www.elamazonico.com\/portal\/wp-json\/wp\/v2\/posts\/9490\/revisions\/9492"}],"wp:featuredmedia":[{"embeddable":true,"href":"https:\/\/www.elamazonico.com\/portal\/wp-json\/wp\/v2\/media\/9491"}],"wp:attachment":[{"href":"https:\/\/www.elamazonico.com\/portal\/wp-json\/wp\/v2\/media?parent=9490"}],"wp:term":[{"taxonomy":"category","embeddable":true,"href":"https:\/\/www.elamazonico.com\/portal\/wp-json\/wp\/v2\/categories?post=9490"},{"taxonomy":"post_tag","embeddable":true,"href":"https:\/\/www.elamazonico.com\/portal\/wp-json\/wp\/v2\/tags?post=9490"}],"curies":[{"name":"wp","href":"https:\/\/api.w.org\/{rel}","templated":true}]}}