{"id":9484,"date":"2023-04-18T10:44:46","date_gmt":"2023-04-18T15:44:46","guid":{"rendered":"https:\/\/www.elamazonico.com\/portal\/?p=9484"},"modified":"2023-04-18T10:44:46","modified_gmt":"2023-04-18T15:44:46","slug":"cecilia-velasque-se-defiende-ante-pedido-de-separacion-de-conaie","status":"publish","type":"post","link":"https:\/\/www.elamazonico.com\/portal\/cecilia-velasque-se-defiende-ante-pedido-de-separacion-de-conaie\/","title":{"rendered":"Cecilia Velasque se defiende ante pedido de separaci\u00f3n de Conaie"},"content":{"rendered":"<p>La\u00a0<strong>Confederaci\u00f3n de Nacionalidades Ind\u00edgenas del Ecuador\u00a0<\/strong>(Conaie) reaccion\u00f3 al audio que involucra a la subcoordinadora del movimiento pol\u00edtico Pachakutik (PK),<strong>\u00a0Cecilia Velasque<\/strong>, en una supuesta negociaci\u00f3n con el Gobierno. Aunque la dirigente dijo que se trata de una difamaci\u00f3n, la organizaci\u00f3n social exige su\u00a0<strong>separaci\u00f3n<\/strong>.<\/p>\n<p>Velasque es candidata al puesto de la\u00a0<strong>Coordinaci\u00f3n Nacional\u00a0<\/strong>de PK. Este 17 de abril del 2023, el medio digital La Posta revel\u00f3 un\u00a0<strong>audio\u00a0<\/strong>donde se escucha una voz que dice: \u00abA m\u00ed no me van a venir a ofrecer de pasa caf\u00e9s, a m\u00ed me dan\u00a0<strong>ministerio completo\u00a0<\/strong>o nada\u00bb.<\/p>\n<p>La subcoordinadora en entrevista para ese mismo medio explic\u00f3 que habl\u00f3 en\u00a0<strong>sentido figurativo<\/strong>\u00a0durante una reuni\u00f3n de evaluaci\u00f3n en el\u00a0<strong>quinto piso<\/strong>\u00a0de la Asamblea Nacional. Asegur\u00f3 que fue invitada por los legisladores de la bancada hace poco m\u00e1s de un mes y que no se trat\u00f3 de una negociaci\u00f3n.<\/p>\n<p>La situaci\u00f3n se conoce despu\u00e9s de que el presidente Guillermo Lasso proporcion\u00f3 una entrevista a un medio internacional, que se grab\u00f3 el 11 de abril y se public\u00f3 la noche del 16. Mencion\u00f3 que los opositores<strong>\u00a0no tienen los voto<\/strong>s \u201cahora\u201d para enjuiciarlo.<\/p>\n<h2 id=\"h-justificacion-de-cecilia-velasque\"><strong>Justificaci\u00f3n de Cecilia Velasque<\/strong><\/h2>\n<p>En un comunicado,\u00a0<strong>Velasque<\/strong>\u00a0argument\u00f3 que el movimiento PK ha actuado con transparencia y honestidad en todas sus acciones. Neg\u00f3 que PK haya pedido alg\u00fan tipo de favor o beneficio al actual Gobierno.<\/p>\n<p>En esta ocasi\u00f3n dijo que el<strong>\u00a0audio\u00a0<\/strong>fue editado y son \u201cintentos de<strong>\u00a0difamaci\u00f3n<\/strong>\u201d que obedecen a pretensiones de defender a Lasso. Ratific\u00f3 que los legisladores de PK se mantienen firmes en votar<strong>\u00a0a favor del\u00a0<a title=\"56 testimonios se requerir\u00e1n por juicio pol\u00edtico contra Guillermo Lasso\" href=\"https:\/\/www.elcomercio.com\/actualidad\/politica\/testimonios-juicio-politico-contra-guillermo-lasso.html\" target=\"_blank\" rel=\"noreferrer noopener\" data-type=\"post\" data-id=\"1234027\">juicio pol\u00edtico<\/a><\/strong>\u00a0y la destituci\u00f3n del Mandatario.<\/p>\n<p>Manifest\u00f3 que la edici\u00f3n del audio se produce cuando PK se prepara para celebrar\u00a0<strong>elecciones internas<\/strong>. \u201cEs indiscutible que esta difamaci\u00f3n pretende perjudicar mi imagen como la \u00fanica lideresa con serias posibilidades de llegar a la Coordinaci\u00f3n Nacional\u201d, justific\u00f3.<\/p>\n<p>\u201c<strong>Rechazamos<\/strong>\u00a0las declaraciones de la se\u00f1ora Cecilia Velasque (\u2026). No toleramos que las luchas sociales hist\u00f3ricas sean traicionadas por algunos dirigentes y peor que se negocie sobre la sangre de nuestros compa\u00f1eros\/as\u201d, afirm\u00f3 la Conaie en un comunicado.<\/p>\n<p>Para la organizaci\u00f3n, con el audio \u201cse reconoce la negociaci\u00f3n con el Gobierno de Guillermo Lasso y sus ministros en pleno proceso de juicio pol\u00edtico contra el Presidente de la Rep\u00fablica y en un momento tan cr\u00edtico en el pa\u00eds\u201d. Negociar con Lasso es \u201c<strong>traicionar\u00a0<\/strong>de frente al pueblo ecuatoriano\u201d, cuestion\u00f3.<\/p>\n<h2 id=\"h-exigencias-de-la-conaie\"><strong>Exigencias de la Conaie<\/strong><\/h2>\n<p>La Conaie exige a Pachakutik realizar las<strong>\u00a0acciones inmediatas\u00a0<\/strong>para\u00a0<strong>separar<\/strong>\u00a0de sus filas a Velasque y a otros actores. Se\u00f1al\u00f3 a los asamble\u00edstas<strong>\u00a0Ricardo Vanegas<\/strong>\u00a0y\u00a0<strong>Gissela Molina<\/strong>\u00a0porque supuestamente mantienen un \u00abdudoso v\u00ednculo\u00bb para salvar a Lasso del juicio pol\u00edtico.<\/p>\n<p>La organizaci\u00f3n social tambi\u00e9n pide que se\u00a0<strong>investigue<\/strong>\u00a0a cada uno de los asamble\u00edstas de PK sobre posibles\u00a0<strong>negociaciones<\/strong>\u00a0y acuerdos por cargos p\u00fablicos con el Gobierno.<\/p>\n<p>Rechaz\u00f3 que por criticar a Lasso y su Gobierno se los asocie como \u201ccorre\u00edstas\u201d o de otros grupos. Defiende que su lucha es por un proyecto plurinacional \u201cdonde la corrupci\u00f3n no cabe\u201d.<\/p>\n<p>La Conaie llam\u00f3 a su militancia y coordinadores provinciales de PK para que rechacen a Velasque como posible Coordinadora Nacional.<\/p>\n<p>Espera que la Asamblea Nacional investigue las supuestas negociaciones realizadas en las \u00faltimas semanas en el quinto y s\u00e9ptimo piso del Palacio Legislativo. Y que la Fiscal\u00eda General del Estado, la Contralor\u00eda y la Unidad de An\u00e1lisis Financiero y Econ\u00f3mico indaguen las\u00a0<strong>cuentas bancarias\u00a0<\/strong>y<strong>\u00a0patrimonio<\/strong>\u00a0de los asamble\u00edstas de PK y dem\u00e1s bancadas.<\/p>\n","protected":false},"excerpt":{"rendered":"<p>La\u00a0Confederaci\u00f3n de Nacionalidades Ind\u00edgenas del Ecuador\u00a0(Conaie) reaccion\u00f3 al audio que involucra a la subcoordinadora del movimiento pol\u00edtico Pachakutik (PK),\u00a0Cecilia Velasque, en una supuesta negociaci\u00f3n con el Gobierno. Aunque la dirigente dijo que se trata de una difamaci\u00f3n, la organizaci\u00f3n social exige su\u00a0separaci\u00f3n. Velasque es candidata al puesto de la\u00a0Coordinaci\u00f3n Nacional\u00a0de PK. Este 17 de abril del 2023, el medio digital La Posta revel\u00f3 un\u00a0audio\u00a0donde se escucha una voz que dice: \u00abA m\u00ed no me van a venir a ofrecer de pasa caf\u00e9s, a m\u00ed me dan\u00a0ministerio completo\u00a0o nada\u00bb. La subcoordinadora en entrevista para ese mismo medio explic\u00f3 que habl\u00f3 en\u00a0sentido figurativo\u00a0durante una reuni\u00f3n de evaluaci\u00f3n en el\u00a0quinto piso\u00a0de la Asamblea Nacional. Asegur\u00f3 que fue invitada por los legisladores de la bancada hace poco m\u00e1s de un mes y que no se trat\u00f3 de una negociaci\u00f3n. La situaci\u00f3n se conoce despu\u00e9s de que el presidente Guillermo Lasso proporcion\u00f3 una entrevista a un medio internacional, que se grab\u00f3 el 11 de abril y se public\u00f3 la noche del 16. Mencion\u00f3 que los opositores\u00a0no tienen los votos \u201cahora\u201d para enjuiciarlo. Justificaci\u00f3n de Cecilia Velasque En un comunicado,\u00a0Velasque\u00a0argument\u00f3 que el movimiento PK ha actuado con transparencia y honestidad en todas sus acciones. Neg\u00f3 que PK haya pedido alg\u00fan tipo de favor o beneficio al actual Gobierno. En esta ocasi\u00f3n dijo que el\u00a0audio\u00a0fue editado y son \u201cintentos de\u00a0difamaci\u00f3n\u201d que obedecen a pretensiones de defender a Lasso. Ratific\u00f3 que los legisladores de PK se mantienen firmes en votar\u00a0a favor del\u00a0juicio pol\u00edtico\u00a0y la destituci\u00f3n del Mandatario. Manifest\u00f3 que la edici\u00f3n del audio se produce cuando PK se prepara para celebrar\u00a0elecciones internas. \u201cEs indiscutible que esta difamaci\u00f3n pretende perjudicar mi imagen como la \u00fanica lideresa con serias posibilidades de llegar a la Coordinaci\u00f3n Nacional\u201d, justific\u00f3. \u201cRechazamos\u00a0las declaraciones de la se\u00f1ora Cecilia Velasque (\u2026). No toleramos que las luchas sociales hist\u00f3ricas sean traicionadas por algunos dirigentes y peor que se negocie sobre la sangre de nuestros compa\u00f1eros\/as\u201d, afirm\u00f3 la Conaie en un comunicado. Para la organizaci\u00f3n, con el audio \u201cse reconoce la negociaci\u00f3n con el Gobierno de Guillermo Lasso y sus ministros en pleno proceso de juicio pol\u00edtico contra el Presidente de la Rep\u00fablica y en un momento tan cr\u00edtico en el pa\u00eds\u201d. Negociar con Lasso es \u201ctraicionar\u00a0de frente al pueblo ecuatoriano\u201d, cuestion\u00f3. Exigencias de la Conaie La Conaie exige a Pachakutik realizar las\u00a0acciones inmediatas\u00a0para\u00a0separar\u00a0de sus filas a Velasque y a otros actores. Se\u00f1al\u00f3 a los asamble\u00edstas\u00a0Ricardo Vanegas\u00a0y\u00a0Gissela Molina\u00a0porque supuestamente mantienen un \u00abdudoso v\u00ednculo\u00bb para salvar a Lasso del juicio pol\u00edtico. La organizaci\u00f3n social tambi\u00e9n pide que se\u00a0investigue\u00a0a cada uno de los asamble\u00edstas de PK sobre posibles\u00a0negociaciones\u00a0y acuerdos por cargos p\u00fablicos con el Gobierno. Rechaz\u00f3 que por criticar a Lasso y su Gobierno se los asocie como \u201ccorre\u00edstas\u201d o de otros grupos. Defiende que su lucha es por un proyecto plurinacional \u201cdonde la corrupci\u00f3n no cabe\u201d. La Conaie llam\u00f3 a su militancia y coordinadores provinciales de PK para que rechacen a Velasque como posible Coordinadora Nacional. Espera que la Asamblea Nacional investigue las supuestas negociaciones realizadas en las \u00faltimas semanas en el quinto y s\u00e9ptimo piso del Palacio Legislativo. Y que la Fiscal\u00eda General del Estado, la Contralor\u00eda y la Unidad de An\u00e1lisis Financiero y Econ\u00f3mico indaguen las\u00a0cuentas bancarias\u00a0y\u00a0patrimonio\u00a0de los asamble\u00edstas de PK y dem\u00e1s bancadas.<\/p>\n","protected":false},"author":1,"featured_media":9485,"comment_status":"open","ping_status":"open","sticky":false,"template":"","format":"standard","meta":{"footnotes":""},"categories":[268],"tags":[],"class_list":["post-9484","post","type-post","status-publish","format-standard","has-post-thumbnail","hentry","category-nacionales"],"_links":{"self":[{"href":"https:\/\/www.elamazonico.com\/portal\/wp-json\/wp\/v2\/posts\/9484","targetHints":{"allow":["GET"]}}],"collection":[{"href":"https:\/\/www.elamazonico.com\/portal\/wp-json\/wp\/v2\/posts"}],"about":[{"href":"https:\/\/www.elamazonico.com\/portal\/wp-json\/wp\/v2\/types\/post"}],"author":[{"embeddable":true,"href":"https:\/\/www.elamazonico.com\/portal\/wp-json\/wp\/v2\/users\/1"}],"replies":[{"embeddable":true,"href":"https:\/\/www.elamazonico.com\/portal\/wp-json\/wp\/v2\/comments?post=9484"}],"version-history":[{"count":1,"href":"https:\/\/www.elamazonico.com\/portal\/wp-json\/wp\/v2\/posts\/9484\/revisions"}],"predecessor-version":[{"id":9486,"href":"https:\/\/www.elamazonico.com\/portal\/wp-json\/wp\/v2\/posts\/9484\/revisions\/9486"}],"wp:featuredmedia":[{"embeddable":true,"href":"https:\/\/www.elamazonico.com\/portal\/wp-json\/wp\/v2\/media\/9485"}],"wp:attachment":[{"href":"https:\/\/www.elamazonico.com\/portal\/wp-json\/wp\/v2\/media?parent=9484"}],"wp:term":[{"taxonomy":"category","embeddable":true,"href":"https:\/\/www.elamazonico.com\/portal\/wp-json\/wp\/v2\/categories?post=9484"},{"taxonomy":"post_tag","embeddable":true,"href":"https:\/\/www.elamazonico.com\/portal\/wp-json\/wp\/v2\/tags?post=9484"}],"curies":[{"name":"wp","href":"https:\/\/api.w.org\/{rel}","templated":true}]}}