{"id":9481,"date":"2023-04-18T10:41:38","date_gmt":"2023-04-18T15:41:38","guid":{"rendered":"https:\/\/www.elamazonico.com\/portal\/?p=9481"},"modified":"2023-04-18T10:42:18","modified_gmt":"2023-04-18T15:42:18","slug":"los-operativos-de-control-de-armas-de-fuego-se-intensificaron-en-ecuador","status":"publish","type":"post","link":"https:\/\/www.elamazonico.com\/portal\/los-operativos-de-control-de-armas-de-fuego-se-intensificaron-en-ecuador\/","title":{"rendered":"Los operativos de control de armas de fuego se intensificaron en Ecuador"},"content":{"rendered":"<p>Las\u00a0<strong>Fuerzas Armadas (FF.AA.)<\/strong>\u00a0decidieron\u00a0<strong>incrementar los controles de armas, municiones y explosivos a escala nacional.\u00a0<\/strong>Estas operaciones se conocen como Camex.<\/p>\n<p>A partir del fin de semana del 15 y 16 de abril del 2023,\u00a0<strong>un\u00a0mayor n\u00famero de militares se despleg\u00f3 en\u00a0las calles para realizar estas intervenciones.\u00a0<\/strong>\u201cAl haber m\u00e1s soldados, hubo la posibilidad de aumentar el n\u00famero de operaciones y la periodicidad\u201d, indic\u00f3 personal de la entidad castrense.<\/p>\n<p>La disposici\u00f3n de Fuerzas Armadas de\u00a0incrementar estos controles obedece a dos causas. La primera es\u00a0<strong>la creciente ola de violenta e inseguridad en pa\u00eds.\u00a0<\/strong><\/p>\n<p>Y la segunda raz\u00f3n es para\u00a0<strong>verificar que las personas no tengan ni porten armas sin autorizaci\u00f3n,<\/strong>\u00a0pues el pasado 1 de abril,\u00a0<strong>el presidente Guillermo Lasso\u00a0<\/strong>autoriz\u00f3 el porte de armas de fuego a civiles para defensa personal.<\/p>\n<h2 id=\"h-detalles-sobre-las-operaciones-de-control-de-armas\"><strong>Detalles sobre las operaciones de control de armas\u00a0<\/strong><\/h2>\n<p>La tarea de los militares es ubicarse en lugares espec\u00edficos de las ciudades, es decir establecer puntos de control. All\u00ed\u00a0<strong>se revisan autos, motos y transe\u00fantes. \u00a0<\/strong><\/p>\n<p>Si los soldados encuentran armas en los veh\u00edculos o ropa de las personas, se les pedir\u00e1 que presenten la\u00a0autorizaci\u00f3n respectiva para portar el arma.\u00a0<strong>Si no cuentan con un permiso,\u00a0esas personas ser\u00e1n retenidas y puestas a \u00f3rdenes de las autoridades competentes.\u00a0<\/strong><\/p>\n<h2 id=\"h-de-que-manera-se-incrementaran-las-operaciones-de-control-de-armas\"><strong>\u00bfDe qu\u00e9 manera se incrementar\u00e1n las operaciones de control de armas?\u00a0<\/strong><\/h2>\n<p>Adatty indic\u00f3 que antes de recibir la disposici\u00f3n de intensificar esas operaciones militares,\u00a0<strong>en Quito se realizaban aproximadamente cuatro\u00a0controles de armas\u00a0diarios\u00a0<\/strong>y participaban alrededor\u00a0de 80 uniformados.<\/p>\n<p>Seg\u00fan el jefe militar, ahora ese\u00a0n\u00famero de operaciones\u00a0<strong>\u201cse incrementar\u00e1 dr\u00e1sticamente\u201d.<\/strong>\u00a0Adatty asegur\u00f3 que\u00a0<strong>\u201cla cantidad de controles\u00a0por lo menos se triplicar\u00e1 y tambi\u00e9n el n\u00famero de militares\u201d. \u00a0<\/strong><\/p>\n<p>\u201cEsas operaciones se hac\u00edan solo en la ma\u00f1ana y en la noche, con intervalos de tiempo.\u00a0<strong>Ahora se realizar\u00e1n durante las 24 horas del d\u00eda\u201d,<\/strong> a\u00f1adi\u00f3.\u00a0 \u00a0<strong>Fuente: El Comercio<\/strong><\/p>\n","protected":false},"excerpt":{"rendered":"<p>Las\u00a0Fuerzas Armadas (FF.AA.)\u00a0decidieron\u00a0incrementar los controles de armas, municiones y explosivos a escala nacional.\u00a0Estas operaciones se conocen como Camex. A partir del fin de semana del 15 y 16 de abril del 2023,\u00a0un\u00a0mayor n\u00famero de militares se despleg\u00f3 en\u00a0las calles para realizar estas intervenciones.\u00a0\u201cAl haber m\u00e1s soldados, hubo la posibilidad de aumentar el n\u00famero de operaciones y la periodicidad\u201d, indic\u00f3 personal de la entidad castrense. La disposici\u00f3n de Fuerzas Armadas de\u00a0incrementar estos controles obedece a dos causas. La primera es\u00a0la creciente ola de violenta e inseguridad en pa\u00eds.\u00a0 Y la segunda raz\u00f3n es para\u00a0verificar que las personas no tengan ni porten armas sin autorizaci\u00f3n,\u00a0pues el pasado 1 de abril,\u00a0el presidente Guillermo Lasso\u00a0autoriz\u00f3 el porte de armas de fuego a civiles para defensa personal. Detalles sobre las operaciones de control de armas\u00a0 La tarea de los militares es ubicarse en lugares espec\u00edficos de las ciudades, es decir establecer puntos de control. All\u00ed\u00a0se revisan autos, motos y transe\u00fantes. \u00a0 Si los soldados encuentran armas en los veh\u00edculos o ropa de las personas, se les pedir\u00e1 que presenten la\u00a0autorizaci\u00f3n respectiva para portar el arma.\u00a0Si no cuentan con un permiso,\u00a0esas personas ser\u00e1n retenidas y puestas a \u00f3rdenes de las autoridades competentes.\u00a0 \u00bfDe qu\u00e9 manera se incrementar\u00e1n las operaciones de control de armas?\u00a0 Adatty indic\u00f3 que antes de recibir la disposici\u00f3n de intensificar esas operaciones militares,\u00a0en Quito se realizaban aproximadamente cuatro\u00a0controles de armas\u00a0diarios\u00a0y participaban alrededor\u00a0de 80 uniformados. Seg\u00fan el jefe militar, ahora ese\u00a0n\u00famero de operaciones\u00a0\u201cse incrementar\u00e1 dr\u00e1sticamente\u201d.\u00a0Adatty asegur\u00f3 que\u00a0\u201cla cantidad de controles\u00a0por lo menos se triplicar\u00e1 y tambi\u00e9n el n\u00famero de militares\u201d. \u00a0 \u201cEsas operaciones se hac\u00edan solo en la ma\u00f1ana y en la noche, con intervalos de tiempo.\u00a0Ahora se realizar\u00e1n durante las 24 horas del d\u00eda\u201d, a\u00f1adi\u00f3.\u00a0 \u00a0Fuente: El Comercio<\/p>\n","protected":false},"author":1,"featured_media":9482,"comment_status":"open","ping_status":"open","sticky":false,"template":"","format":"standard","meta":{"footnotes":""},"categories":[268],"tags":[],"class_list":["post-9481","post","type-post","status-publish","format-standard","has-post-thumbnail","hentry","category-nacionales"],"_links":{"self":[{"href":"https:\/\/www.elamazonico.com\/portal\/wp-json\/wp\/v2\/posts\/9481","targetHints":{"allow":["GET"]}}],"collection":[{"href":"https:\/\/www.elamazonico.com\/portal\/wp-json\/wp\/v2\/posts"}],"about":[{"href":"https:\/\/www.elamazonico.com\/portal\/wp-json\/wp\/v2\/types\/post"}],"author":[{"embeddable":true,"href":"https:\/\/www.elamazonico.com\/portal\/wp-json\/wp\/v2\/users\/1"}],"replies":[{"embeddable":true,"href":"https:\/\/www.elamazonico.com\/portal\/wp-json\/wp\/v2\/comments?post=9481"}],"version-history":[{"count":1,"href":"https:\/\/www.elamazonico.com\/portal\/wp-json\/wp\/v2\/posts\/9481\/revisions"}],"predecessor-version":[{"id":9483,"href":"https:\/\/www.elamazonico.com\/portal\/wp-json\/wp\/v2\/posts\/9481\/revisions\/9483"}],"wp:featuredmedia":[{"embeddable":true,"href":"https:\/\/www.elamazonico.com\/portal\/wp-json\/wp\/v2\/media\/9482"}],"wp:attachment":[{"href":"https:\/\/www.elamazonico.com\/portal\/wp-json\/wp\/v2\/media?parent=9481"}],"wp:term":[{"taxonomy":"category","embeddable":true,"href":"https:\/\/www.elamazonico.com\/portal\/wp-json\/wp\/v2\/categories?post=9481"},{"taxonomy":"post_tag","embeddable":true,"href":"https:\/\/www.elamazonico.com\/portal\/wp-json\/wp\/v2\/tags?post=9481"}],"curies":[{"name":"wp","href":"https:\/\/api.w.org\/{rel}","templated":true}]}}