{"id":9470,"date":"2023-04-18T10:13:14","date_gmt":"2023-04-18T15:13:14","guid":{"rendered":"https:\/\/www.elamazonico.com\/portal\/?p=9470"},"modified":"2023-04-18T10:13:14","modified_gmt":"2023-04-18T15:13:14","slug":"ligapro-emelec-perdio-en-su-casa-ante-el-nacional","status":"publish","type":"post","link":"https:\/\/www.elamazonico.com\/portal\/ligapro-emelec-perdio-en-su-casa-ante-el-nacional\/","title":{"rendered":"LigaPro: Emelec perdi\u00f3 en su casa ante El Nacional"},"content":{"rendered":"<p>Emelec perdi\u00f3 1-2 en su casa ante El Nacional, este lunes 17 de abril de 2023, en partido v\u00e1lido por la sexta fecha de LigaPro.<\/p>\n<p>El millonario no encuentra el norte. Es la cuarta derrota consecutiva (tres en LigaPro y una por Copa Sudamericana). Por ello, empieza a despedirse de la pelea por la primera etapa de LigaPro.<\/p>\n<p>El conjunto el\u00e9ctrico abri\u00f3 pronto el marcador. A los nueve minutos se puso en ventaja con el tanto de Jos\u00e9 Francisco Cevallos. El mediocampista ofensivo desvi\u00f3 un remate previo de Alejandro Cabeza.<\/p>\n<p>Pero, el empuje dur\u00f3 poco, ya que el cuadro militar mejor\u00f3 con el paso del tiempo y lleg\u00f3 al empate con el gol de Marco Sol\u00eds, a los 26 minutos.<\/p>\n<p>El Bombillo tuvo la gran oportunidad de ponerse en ventaja el primer tiempo, cuando le concedieron un tiro penal. Sin embargo, Cevallos la desperdici\u00f3 a los 36 minutos.<\/p>\n<p>En el segundo tiempo, la ambici\u00f3n por desequilibrar provoc\u00f3 que Emelec deje muchos espacios en su cancha. De ello se aprovech\u00f3 la visita para pegar: en una r\u00e1pida salida, Ronnie Carrillo \u00a0puso un nuevo gol militar. <strong>Fuente: El Tel\u00e9grafo<\/strong><\/p>\n","protected":false},"excerpt":{"rendered":"<p>Emelec perdi\u00f3 1-2 en su casa ante El Nacional, este lunes 17 de abril de 2023, en partido v\u00e1lido por la sexta fecha de LigaPro. El millonario no encuentra el norte. Es la cuarta derrota consecutiva (tres en LigaPro y una por Copa Sudamericana). Por ello, empieza a despedirse de la pelea por la primera etapa de LigaPro. El conjunto el\u00e9ctrico abri\u00f3 pronto el marcador. A los nueve minutos se puso en ventaja con el tanto de Jos\u00e9 Francisco Cevallos. El mediocampista ofensivo desvi\u00f3 un remate previo de Alejandro Cabeza. Pero, el empuje dur\u00f3 poco, ya que el cuadro militar mejor\u00f3 con el paso del tiempo y lleg\u00f3 al empate con el gol de Marco Sol\u00eds, a los 26 minutos. El Bombillo tuvo la gran oportunidad de ponerse en ventaja el primer tiempo, cuando le concedieron un tiro penal. Sin embargo, Cevallos la desperdici\u00f3 a los 36 minutos. En el segundo tiempo, la ambici\u00f3n por desequilibrar provoc\u00f3 que Emelec deje muchos espacios en su cancha. De ello se aprovech\u00f3 la visita para pegar: en una r\u00e1pida salida, Ronnie Carrillo \u00a0puso un nuevo gol militar. Fuente: El Tel\u00e9grafo<\/p>\n","protected":false},"author":1,"featured_media":9471,"comment_status":"open","ping_status":"open","sticky":false,"template":"","format":"standard","meta":{"footnotes":""},"categories":[6],"tags":[],"class_list":["post-9470","post","type-post","status-publish","format-standard","has-post-thumbnail","hentry","category-deportes"],"_links":{"self":[{"href":"https:\/\/www.elamazonico.com\/portal\/wp-json\/wp\/v2\/posts\/9470","targetHints":{"allow":["GET"]}}],"collection":[{"href":"https:\/\/www.elamazonico.com\/portal\/wp-json\/wp\/v2\/posts"}],"about":[{"href":"https:\/\/www.elamazonico.com\/portal\/wp-json\/wp\/v2\/types\/post"}],"author":[{"embeddable":true,"href":"https:\/\/www.elamazonico.com\/portal\/wp-json\/wp\/v2\/users\/1"}],"replies":[{"embeddable":true,"href":"https:\/\/www.elamazonico.com\/portal\/wp-json\/wp\/v2\/comments?post=9470"}],"version-history":[{"count":1,"href":"https:\/\/www.elamazonico.com\/portal\/wp-json\/wp\/v2\/posts\/9470\/revisions"}],"predecessor-version":[{"id":9472,"href":"https:\/\/www.elamazonico.com\/portal\/wp-json\/wp\/v2\/posts\/9470\/revisions\/9472"}],"wp:featuredmedia":[{"embeddable":true,"href":"https:\/\/www.elamazonico.com\/portal\/wp-json\/wp\/v2\/media\/9471"}],"wp:attachment":[{"href":"https:\/\/www.elamazonico.com\/portal\/wp-json\/wp\/v2\/media?parent=9470"}],"wp:term":[{"taxonomy":"category","embeddable":true,"href":"https:\/\/www.elamazonico.com\/portal\/wp-json\/wp\/v2\/categories?post=9470"},{"taxonomy":"post_tag","embeddable":true,"href":"https:\/\/www.elamazonico.com\/portal\/wp-json\/wp\/v2\/tags?post=9470"}],"curies":[{"name":"wp","href":"https:\/\/api.w.org\/{rel}","templated":true}]}}