{"id":9456,"date":"2023-04-17T18:03:04","date_gmt":"2023-04-17T23:03:04","guid":{"rendered":"https:\/\/www.elamazonico.com\/portal\/?p=9456"},"modified":"2023-04-17T18:03:04","modified_gmt":"2023-04-17T23:03:04","slug":"se-amplia-el-plazo-para-la-declaracion-y-pago-de-las-obligaciones-tributarias-de-los-contribuyentes-excluidos-del-rimpe","status":"publish","type":"post","link":"https:\/\/www.elamazonico.com\/portal\/se-amplia-el-plazo-para-la-declaracion-y-pago-de-las-obligaciones-tributarias-de-los-contribuyentes-excluidos-del-rimpe\/","title":{"rendered":"Se ampl\u00eda el plazo para la declaraci\u00f3n y pago de las obligaciones tributarias de los contribuyentes excluidos del RIMPE"},"content":{"rendered":"<p style=\"font-weight: 400;\">Mediante Resoluci\u00f3n Nro. NAC-DGERCGC23-00000012, emitida el 6 de abril de 2023, se ampl\u00eda el plazo para la presentaci\u00f3n y pago de las declaraciones del Impuesto al Valor Agregado (IVA), Retenciones en la Fuente y Anexo Transaccional Simplificado (ATS) de los per\u00edodos de enero, febrero y marzo de 2023, para los contribuyentes que hayan sido excluidos del r\u00e9gimen RIMPE por dedicarse a las actividades listadas en la Resoluci\u00f3n No. NAC-DGERCGC23-00000004, mismas que se encuentran expresamente excluidas del referido r\u00e9gimen de conformidad con la Ley de R\u00e9gimen Tributario Interno.<\/p>\n<p style=\"font-weight: 400;\">Este grupo de contribuyentes podr\u00e1 presentar las declaraciones y pagar las obligaciones tributarias detalladas anteriormente hasta el mes de mayo de 2023, sin que se generen intereses ni multas, de acuerdo con el noveno d\u00edgito del RUC conforme se detalla a continuaci\u00f3n:<strong>\u00a0<\/strong><\/p>\n<table width=\"587\">\n<tbody>\n<tr>\n<td width=\"128\"><strong><em>C\u00d3DIGO ACTIVIDAD<\/em><\/strong><\/td>\n<td width=\"459\"><strong><em>DESCRIPCI\u00d3N ACTIVIDAD<\/em><\/strong><\/td>\n<\/tr>\n<tr>\n<td width=\"128\"><em>G47990201<\/em><\/td>\n<td width=\"459\"><em>VENTA AL POR MENOR POR COMISIONISTAS (NO<\/em><\/p>\n<p><em>DEPENDIENTES DE COMERCIOS); INCLUYE ACTIVIDADES DE CASAS DE SUBASTAS (AL POR MENOR).<\/em><\/td>\n<\/tr>\n<tr>\n<td width=\"128\"><em>G46100901<\/em><\/td>\n<td width=\"459\"><em>INTERMEDIARIOS DEL COMERCIO DE PRODUCTOS DIVERSOS.<\/em><\/td>\n<\/tr>\n<tr>\n<td width=\"128\"><em>G46100201<\/em><\/td>\n<td width=\"459\"><em>INTERMEDIARIOS DEL COMERCIO DE COMBUSTIBLES, MINERALES, METALES, Y PRODUCTOS QU\u00cdMICOS INDUSTRIALES, INCLUIDOS ABONOS.<\/em><\/td>\n<\/tr>\n<tr>\n<td width=\"128\"><em>G46100301 \u00a0<\/em><\/td>\n<td width=\"459\"><em>INTERMEDIARIOS DEL COMERCIO DE LA MADERA Y MATERIALES DE CONSTRUCCI\u00d3N.<\/em><\/td>\n<\/tr>\n<tr>\n<td width=\"128\"><em>G46100401<\/em><\/td>\n<td width=\"459\"><em>INTERMEDIARIOS DEL COMERCIO DE MAQUINARIA, EQUIPO INDUSTRIAL, EMBARCACIONES Y AERONAVES.<\/em><\/td>\n<\/tr>\n<tr>\n<td width=\"128\"><em>G46100501<\/em><\/td>\n<td width=\"459\"><em>INTERMEDIARIOS DEL COMERCIO DE MUEBLES, ART\u00cdCULOS PARA EL HOGAR Y FERRETER\u00cdA.<\/em><\/td>\n<\/tr>\n<tr>\n<td width=\"128\"><em>G46100601<\/em><\/td>\n<td width=\"459\"><em>INTERMEDIARIOS DEL COMERCIO DE TEXTILES, PRENDAS DE VESTIR, PELETER\u00cdA, CALZADO Y ART\u00cdCULOS DE CUERO.<\/em><\/td>\n<\/tr>\n<tr>\n<td width=\"128\"><em>G46100701<\/em><\/td>\n<td width=\"459\"><em>INTERMEDIARIOS DEL COMERCIO DE PRODUCTOS ALIMENTICIOS, BEBIDAS Y TABACO.<\/em><\/td>\n<\/tr>\n<tr>\n<td width=\"128\"><em>G46100101 \u00a0<\/em><\/td>\n<td width=\"459\"><em>INTERMEDIARIOS DEL COMERCIO DE MATERIAS PRIMAS AGRARIAS, ANIMALES VIVOS, MATERIAS PRIMAS TEXTILES Y PRODUCTOS SEMIELABORADOS.<\/em><\/td>\n<\/tr>\n<\/tbody>\n<\/table>\n<p style=\"font-weight: 400;\"><strong>\u00a0<\/strong><\/p>\n<p style=\"font-weight: 400;\"><strong>\u00a0<\/strong><\/p>\n<table width=\"309\">\n<tbody>\n<tr>\n<td width=\"115\"><strong><em>Si el noveno d\u00edgito es<\/em><\/strong><\/td>\n<td width=\"194\"><strong><em>Fecha de vencimiento (hasta el d\u00eda)<\/em><\/strong><\/td>\n<\/tr>\n<tr>\n<td width=\"115\">1<\/td>\n<td width=\"194\">10 de mayo<\/td>\n<\/tr>\n<tr>\n<td width=\"115\">2<\/td>\n<td width=\"194\">12 de mayo<\/td>\n<\/tr>\n<tr>\n<td width=\"115\">3<\/td>\n<td width=\"194\">14 de mayo<\/td>\n<\/tr>\n<tr>\n<td width=\"115\">4<\/td>\n<td width=\"194\">16 de mayo<\/td>\n<\/tr>\n<tr>\n<td width=\"115\">5<\/td>\n<td width=\"194\">18 de mayo<\/td>\n<\/tr>\n<tr>\n<td width=\"115\">6<\/td>\n<td width=\"194\">20 de mayo<\/td>\n<\/tr>\n<tr>\n<td width=\"115\">7<\/td>\n<td width=\"194\">22 de mayo<\/td>\n<\/tr>\n<tr>\n<td width=\"115\">8<\/td>\n<td width=\"194\">24 de mayo<\/td>\n<\/tr>\n<tr>\n<td width=\"115\">9<\/td>\n<td width=\"194\">26 de mayo<\/td>\n<\/tr>\n<tr>\n<td width=\"115\">0<\/td>\n<td width=\"194\">28 de mayo<\/td>\n<\/tr>\n<\/tbody>\n<\/table>\n<p style=\"font-weight: 400;\"><strong>\u00a0<\/strong><\/p>\n<p style=\"font-weight: 400;\">Adem\u00e1s, se ampl\u00eda el plazo de presentaci\u00f3n y pago de las declaraciones de IVA, Retenciones en la Fuente y ATS de los periodos de enero, febrero y marzo de 2023 hasta el mes de mayo de 2023 para los contribuyentes que hayan sido excluidos de oficio del r\u00e9gimen RIMPE durante el mes marzo de 2023 y que tengan registradas las actividades contenidas en el Anexo I de la Resoluci\u00f3n No. NAC-DGERCGC23-000000012.<\/p>\n","protected":false},"excerpt":{"rendered":"<p>Mediante Resoluci\u00f3n Nro. NAC-DGERCGC23-00000012, emitida el 6 de abril de 2023, se ampl\u00eda el plazo para la presentaci\u00f3n y pago de las declaraciones del Impuesto al Valor Agregado (IVA), Retenciones en la Fuente y Anexo Transaccional Simplificado (ATS) de los per\u00edodos de enero, febrero y marzo de 2023, para los contribuyentes que hayan sido excluidos del r\u00e9gimen RIMPE por dedicarse a las actividades listadas en la Resoluci\u00f3n No. NAC-DGERCGC23-00000004, mismas que se encuentran expresamente excluidas del referido r\u00e9gimen de conformidad con la Ley de R\u00e9gimen Tributario Interno. Este grupo de contribuyentes podr\u00e1 presentar las declaraciones y pagar las obligaciones tributarias detalladas anteriormente hasta el mes de mayo de 2023, sin que se generen intereses ni multas, de acuerdo con el noveno d\u00edgito del RUC conforme se detalla a continuaci\u00f3n:\u00a0 C\u00d3DIGO ACTIVIDAD DESCRIPCI\u00d3N ACTIVIDAD G47990201 VENTA AL POR MENOR POR COMISIONISTAS (NO DEPENDIENTES DE COMERCIOS); INCLUYE ACTIVIDADES DE CASAS DE SUBASTAS (AL POR MENOR). G46100901 INTERMEDIARIOS DEL COMERCIO DE PRODUCTOS DIVERSOS. G46100201 INTERMEDIARIOS DEL COMERCIO DE COMBUSTIBLES, MINERALES, METALES, Y PRODUCTOS QU\u00cdMICOS INDUSTRIALES, INCLUIDOS ABONOS. G46100301 \u00a0 INTERMEDIARIOS DEL COMERCIO DE LA MADERA Y MATERIALES DE CONSTRUCCI\u00d3N. G46100401 INTERMEDIARIOS DEL COMERCIO DE MAQUINARIA, EQUIPO INDUSTRIAL, EMBARCACIONES Y AERONAVES. G46100501 INTERMEDIARIOS DEL COMERCIO DE MUEBLES, ART\u00cdCULOS PARA EL HOGAR Y FERRETER\u00cdA. G46100601 INTERMEDIARIOS DEL COMERCIO DE TEXTILES, PRENDAS DE VESTIR, PELETER\u00cdA, CALZADO Y ART\u00cdCULOS DE CUERO. G46100701 INTERMEDIARIOS DEL COMERCIO DE PRODUCTOS ALIMENTICIOS, BEBIDAS Y TABACO. G46100101 \u00a0 INTERMEDIARIOS DEL COMERCIO DE MATERIAS PRIMAS AGRARIAS, ANIMALES VIVOS, MATERIAS PRIMAS TEXTILES Y PRODUCTOS SEMIELABORADOS. \u00a0 \u00a0 Si el noveno d\u00edgito es Fecha de vencimiento (hasta el d\u00eda) 1 10 de mayo 2 12 de mayo 3 14 de mayo 4 16 de mayo 5 18 de mayo 6 20 de mayo 7 22 de mayo 8 24 de mayo 9 26 de mayo 0 28 de mayo \u00a0 Adem\u00e1s, se ampl\u00eda el plazo de presentaci\u00f3n y pago de las declaraciones de IVA, Retenciones en la Fuente y ATS de los periodos de enero, febrero y marzo de 2023 hasta el mes de mayo de 2023 para los contribuyentes que hayan sido excluidos de oficio del r\u00e9gimen RIMPE durante el mes marzo de 2023 y que tengan registradas las actividades contenidas en el Anexo I de la Resoluci\u00f3n No. NAC-DGERCGC23-000000012.<\/p>\n","protected":false},"author":1,"featured_media":9458,"comment_status":"open","ping_status":"open","sticky":false,"template":"","format":"standard","meta":{"footnotes":""},"categories":[268],"tags":[],"class_list":["post-9456","post","type-post","status-publish","format-standard","has-post-thumbnail","hentry","category-nacionales"],"_links":{"self":[{"href":"https:\/\/www.elamazonico.com\/portal\/wp-json\/wp\/v2\/posts\/9456","targetHints":{"allow":["GET"]}}],"collection":[{"href":"https:\/\/www.elamazonico.com\/portal\/wp-json\/wp\/v2\/posts"}],"about":[{"href":"https:\/\/www.elamazonico.com\/portal\/wp-json\/wp\/v2\/types\/post"}],"author":[{"embeddable":true,"href":"https:\/\/www.elamazonico.com\/portal\/wp-json\/wp\/v2\/users\/1"}],"replies":[{"embeddable":true,"href":"https:\/\/www.elamazonico.com\/portal\/wp-json\/wp\/v2\/comments?post=9456"}],"version-history":[{"count":1,"href":"https:\/\/www.elamazonico.com\/portal\/wp-json\/wp\/v2\/posts\/9456\/revisions"}],"predecessor-version":[{"id":9459,"href":"https:\/\/www.elamazonico.com\/portal\/wp-json\/wp\/v2\/posts\/9456\/revisions\/9459"}],"wp:featuredmedia":[{"embeddable":true,"href":"https:\/\/www.elamazonico.com\/portal\/wp-json\/wp\/v2\/media\/9458"}],"wp:attachment":[{"href":"https:\/\/www.elamazonico.com\/portal\/wp-json\/wp\/v2\/media?parent=9456"}],"wp:term":[{"taxonomy":"category","embeddable":true,"href":"https:\/\/www.elamazonico.com\/portal\/wp-json\/wp\/v2\/categories?post=9456"},{"taxonomy":"post_tag","embeddable":true,"href":"https:\/\/www.elamazonico.com\/portal\/wp-json\/wp\/v2\/tags?post=9456"}],"curies":[{"name":"wp","href":"https:\/\/api.w.org\/{rel}","templated":true}]}}