{"id":940,"date":"2021-09-08T15:22:07","date_gmt":"2021-09-08T20:22:07","guid":{"rendered":"https:\/\/www.elamazonico.com\/portal\/?p=940"},"modified":"2021-09-08T15:22:17","modified_gmt":"2021-09-08T20:22:17","slug":"800-millones-recibira-ecuador-tras-la-ratificacion-del-acuerdo-tecnico-por-parte-del-directorio-del-fmi","status":"publish","type":"post","link":"https:\/\/www.elamazonico.com\/portal\/800-millones-recibira-ecuador-tras-la-ratificacion-del-acuerdo-tecnico-por-parte-del-directorio-del-fmi\/","title":{"rendered":"$ 800 millones recibir\u00e1 Ecuador tras la ratificaci\u00f3n del acuerdo t\u00e9cnico por parte del directorio del FMI"},"content":{"rendered":"\n<p><strong>El ministro de Econom\u00eda y Finanzas, Sim\u00f3n Cueva, y el representante del FMI en Ecuador, Julien Reynaud,&nbsp;<\/strong>anunciaron hace pocos minutos en una rueda de prensa que&nbsp;<strong>el FMI y las autoridades ecuatorianas llegaron a un acuerdo a nivel de personal t\u00e9cnico sobre las pol\u00edticas econ\u00f3micas&nbsp;<\/strong>dentro de la segunda y tercera revisi\u00f3n combinadas del programa<strong>&nbsp;SAF (Servicio Ampliado de Financiamiento) de 27 meses<\/strong>&nbsp;(que fue firmado por el Gobierno anterior).<\/p>\n\n\n\n<p>Con el a<strong>cuerdo t\u00e9cnico, que debe ser ratificado en pocas semanas por el directorio ejecutivo (<\/strong><em><strong>board<\/strong><\/em><strong>) del FMI<\/strong>, Ecuador tendr\u00eda acceso a financiamiento por unos\u00a0<strong>$ 800 millones (correspondientes a las revisiones de abril y agosto)<\/strong>. Sin embargo, el ministro de Econom\u00eda y Finanzas tambi\u00e9n explic\u00f3 que para diciembre<strong>\u00a0Ecuador recibir\u00eda unos $ 700 millones m\u00e1s en este a\u00f1o.\u00a0<\/strong>Esos recursos son distintos a los que ya ha recibido<\/p>\n\n\n\n<p>Adicionalmente, este acuerdo y la posterior ratificaci\u00f3n desbloquean otros recursos por parte de organismos multilaterales como BID, CAF, Banco Mundial que llegar\u00edan a uno<strong>s $ 4.500 millones entre este y el a\u00f1o pr\u00f3ximo.&nbsp;<\/strong>Adem\u00e1s, el pr\u00f3ximo a\u00f1o, dijo Cueva, Ecuador recibir\u00eda<strong>&nbsp;los \u00faltimos $ 1.000 millones que son parte del acuerdo de 27 meses.<\/strong><\/p>\n\n\n\n<p>No se dieron m\u00e1s detalles del acuerdo, como los horizontes para cerrar el d\u00e9ficit, pues explicaron que deber\u00e1 primero ratificarse por parte del directorio ejecutivo del multilateral. Varios analistas han opinado que revisar los n\u00fameros de las metas, del d\u00e9ficit, entre otros, es importante para hacer m\u00e1s cre\u00edble el proceso y la confianza de los mercados.<\/p>\n\n\n\n<p>\u201cSe trata de una buena noticia que confirma que el pa\u00eds, por el manejo responsable y transparente de los recursos p\u00fablicos,&nbsp;<strong>sigue contando con el respaldo de la comunidad internacional, a quien agradecemos por la apertura&nbsp;<\/strong>y apoyo a las prioridades del Gobierno\u201d, enfatiz\u00f3 el ministro Cueva.<\/p>\n\n\n\n<p>\u201cAcogemos con satisfacci\u00f3n el compromiso de la nueva administraci\u00f3n de continuar con el programa econ\u00f3mico apoyado por el Servicio Ampliado del FMI (SAF). El programa econ\u00f3mico de las autoridades respaldado por el FMI tiene como&nbsp;<strong>objetivo apoyar la recuperaci\u00f3n de Ecuador de la pandemia, ampliar la asistencia social para proteger a las familias vulnerables, promover una gesti\u00f3n transparente de los recursos p\u00fablicos, restaurar la sostenibilidad fiscal con equidad y promover el crecimiento sostenible con empleos de alta calidad\u201d,<\/strong>&nbsp;dijo sobre el tema Reynaud.<\/p>\n\n\n\n<p>El ministro&nbsp;<strong>Cueva&nbsp;<\/strong>dijo que<strong>&nbsp;se espera que el esfuerzo fiscal sea algo menor, porque han mejorado las perspectivas econ\u00f3micas.<\/strong>&nbsp;Adicionalmente, precis\u00f3 que habr\u00e1 un mayor \u00e9nfasis en la&nbsp;<strong>reducci\u00f3n del gasto p\u00fablico y se requerir\u00e1, en menor medida, un esfuerzo de quienes m\u00e1s tienen para aumentar los ingresos,&nbsp;<\/strong>as\u00ed como esfuerzos permanentes de combate a la evasi\u00f3n fiscal.<\/p>\n\n\n\n<p>En este sentido, prefiri\u00f3 no hablar del contenido de&nbsp;<strong>una megaley que se presentar\u00eda,<\/strong>&nbsp;seg\u00fan ya anunci\u00f3 el presidente Guillermo Lasso, hasta finales de septiembre y en la cual se establecer\u00edan una&nbsp;<strong>serie de cambios tributarios y para el \u00e1rea petrolera, minera y obra p\u00fablica, a fin de facilitar la relaci\u00f3n p\u00fablico-privada y atraer mayores inversiones.<\/strong>&nbsp;Sin embargo, ratific\u00f3 que podr\u00eda haber una contribuci\u00f3n y revisi\u00f3n de exenciones tributarias.<\/p>\n\n\n\n<p>La misi\u00f3n del Fondo Monetario Internacional (FMI) encabezada por&nbsp;<strong>Ceyda Oner&nbsp;<\/strong>llev\u00f3 a cabo reuniones presenciales y virtuales con las autoridades ecuatorianas entre el 2 de agosto y el 7 de septiembre, con el fin de discutir las pol\u00edticas para completar la segunda y tercera revisi\u00f3n del programa financiero y llevar a cabo la consulta del Art\u00edculo IV de 2021.&nbsp;<strong>Oner se hab\u00eda referido a los principales hallazgos en estas revisiones, destacando la rapidez con la que se han obtenido y administrado las vacunas a 9 millones de ecuatorianos<\/strong>&nbsp;(m\u00e1s de la mitad de la poblaci\u00f3n) en los primeros cien d\u00edas de la nueva administraci\u00f3n.<\/p>\n\n\n\n<p><strong>El FMI considera que a pesar del r\u00e1pido proceso de vacunaci\u00f3n, los efectos de la pandemia se siguen notando en la econom\u00eda.<\/strong>\u00a0La desaceleraci\u00f3n en 2020 fue una de las mayores de la historia del pa\u00eds, con el 7,8 %, y se prev\u00e9 que la econom\u00eda se expanda el 2,75 % en 2021 y el 3,5 % en 2022, dijo el multilateral.<\/p>\n\n\n\n<p>El ente explic\u00f3 que las cuentas fiscales para diciembre de 2020 y abril de 2021 fueron mejores de lo previsto en el momento de la primera revisi\u00f3n. El aumento de los ingresos, la contenci\u00f3n del gasto y precios del petr\u00f3leo m\u00e1s altos de lo previsto contribuyeron a este resultado. Sin embargo,&nbsp;<strong>dijo el FMI que se cumplieron la mayor\u00eda de las metas, excepto la correspondiente a abril de 2021&nbsp;<\/strong>sobre los dep\u00f3sitos del sector p\u00fablico no financiero (SPNF), que se incumpli\u00f3 por un peque\u00f1o margen.<\/p>\n\n\n\n<p>Destac\u00f3 que las autoridades modificaron el 3 de mayo de 2021 el marco jur\u00eddico del Banco Central del Ecuador (BCE) dentro del C\u00f3digo Org\u00e1nico Monetario y Financiero (Comyf), las cuales fortalecen significativamente las bases para la dolarizaci\u00f3n y la autonom\u00eda t\u00e9cnica del BCE.<\/p>\n\n\n\n<p>El FMI dijo que de cara al futuro, las\u00a0<strong>autoridades ecuatorianas se han comprometido a seguir mejorando la administraci\u00f3n de las finanzas p\u00fablicas<\/strong>, aumentando la transparencia en la gesti\u00f3n de los recursos p\u00fablicos -incluyendo el gasto de COVID y las operaciones de las empresas p\u00fablicas- y avanzando en el programa de lucha contra la corrupci\u00f3n, lo que reforzar\u00eda la confianza en las instituciones p\u00fablicas e impulsar\u00eda la actividad del sector privado. Las autoridades tambi\u00e9n tienen previsto\u00a0<strong>reformar su marco de asociaci\u00f3n p\u00fablico-privada, los mercados de capitales y de trabajo, y mejorar el entorno empresarial para catalizar la inversi\u00f3n privada nacional y atraer la inversi\u00f3n extranjera directa, dijo.<\/strong> (I) Fuente El Universo<\/p>\n","protected":false},"excerpt":{"rendered":"<p>El ministro de Econom\u00eda y Finanzas, Sim\u00f3n Cueva, y el representante del FMI en Ecuador, Julien Reynaud,&nbsp;anunciaron hace pocos minutos en una rueda de prensa que&nbsp;el FMI y las autoridades ecuatorianas llegaron a un acuerdo a nivel de personal t\u00e9cnico sobre las pol\u00edticas econ\u00f3micas&nbsp;dentro de la segunda y tercera revisi\u00f3n combinadas del programa&nbsp;SAF (Servicio Ampliado de Financiamiento) de 27 meses&nbsp;(que fue firmado por el Gobierno anterior). Con el acuerdo t\u00e9cnico, que debe ser ratificado en pocas semanas por el directorio ejecutivo (board) del FMI, Ecuador tendr\u00eda acceso a financiamiento por unos\u00a0$ 800 millones (correspondientes a las revisiones de abril y agosto). Sin embargo, el ministro de Econom\u00eda y Finanzas tambi\u00e9n explic\u00f3 que para diciembre\u00a0Ecuador recibir\u00eda unos $ 700 millones m\u00e1s en este a\u00f1o.\u00a0Esos recursos son distintos a los que ya ha recibido Adicionalmente, este acuerdo y la posterior ratificaci\u00f3n desbloquean otros recursos por parte de organismos multilaterales como BID, CAF, Banco Mundial que llegar\u00edan a unos $ 4.500 millones entre este y el a\u00f1o pr\u00f3ximo.&nbsp;Adem\u00e1s, el pr\u00f3ximo a\u00f1o, dijo Cueva, Ecuador recibir\u00eda&nbsp;los \u00faltimos $ 1.000 millones que son parte del acuerdo de 27 meses. No se dieron m\u00e1s detalles del acuerdo, como los horizontes para cerrar el d\u00e9ficit, pues explicaron que deber\u00e1 primero ratificarse por parte del directorio ejecutivo del multilateral. Varios analistas han opinado que revisar los n\u00fameros de las metas, del d\u00e9ficit, entre otros, es importante para hacer m\u00e1s cre\u00edble el proceso y la confianza de los mercados. \u201cSe trata de una buena noticia que confirma que el pa\u00eds, por el manejo responsable y transparente de los recursos p\u00fablicos,&nbsp;sigue contando con el respaldo de la comunidad internacional, a quien agradecemos por la apertura&nbsp;y apoyo a las prioridades del Gobierno\u201d, enfatiz\u00f3 el ministro Cueva. \u201cAcogemos con satisfacci\u00f3n el compromiso de la nueva administraci\u00f3n de continuar con el programa econ\u00f3mico apoyado por el Servicio Ampliado del FMI (SAF). El programa econ\u00f3mico de las autoridades respaldado por el FMI tiene como&nbsp;objetivo apoyar la recuperaci\u00f3n de Ecuador de la pandemia, ampliar la asistencia social para proteger a las familias vulnerables, promover una gesti\u00f3n transparente de los recursos p\u00fablicos, restaurar la sostenibilidad fiscal con equidad y promover el crecimiento sostenible con empleos de alta calidad\u201d,&nbsp;dijo sobre el tema Reynaud. El ministro&nbsp;Cueva&nbsp;dijo que&nbsp;se espera que el esfuerzo fiscal sea algo menor, porque han mejorado las perspectivas econ\u00f3micas.&nbsp;Adicionalmente, precis\u00f3 que habr\u00e1 un mayor \u00e9nfasis en la&nbsp;reducci\u00f3n del gasto p\u00fablico y se requerir\u00e1, en menor medida, un esfuerzo de quienes m\u00e1s tienen para aumentar los ingresos,&nbsp;as\u00ed como esfuerzos permanentes de combate a la evasi\u00f3n fiscal. En este sentido, prefiri\u00f3 no hablar del contenido de&nbsp;una megaley que se presentar\u00eda,&nbsp;seg\u00fan ya anunci\u00f3 el presidente Guillermo Lasso, hasta finales de septiembre y en la cual se establecer\u00edan una&nbsp;serie de cambios tributarios y para el \u00e1rea petrolera, minera y obra p\u00fablica, a fin de facilitar la relaci\u00f3n p\u00fablico-privada y atraer mayores inversiones.&nbsp;Sin embargo, ratific\u00f3 que podr\u00eda haber una contribuci\u00f3n y revisi\u00f3n de exenciones tributarias. La misi\u00f3n del Fondo Monetario Internacional (FMI) encabezada por&nbsp;Ceyda Oner&nbsp;llev\u00f3 a cabo reuniones presenciales y virtuales con las autoridades ecuatorianas entre el 2 de agosto y el 7 de septiembre, con el fin de discutir las pol\u00edticas para completar la segunda y tercera revisi\u00f3n del programa financiero y llevar a cabo la consulta del Art\u00edculo IV de 2021.&nbsp;Oner se hab\u00eda referido a los principales hallazgos en estas revisiones, destacando la rapidez con la que se han obtenido y administrado las vacunas a 9 millones de ecuatorianos&nbsp;(m\u00e1s de la mitad de la poblaci\u00f3n) en los primeros cien d\u00edas de la nueva administraci\u00f3n. El FMI considera que a pesar del r\u00e1pido proceso de vacunaci\u00f3n, los efectos de la pandemia se siguen notando en la econom\u00eda.\u00a0La desaceleraci\u00f3n en 2020 fue una de las mayores de la historia del pa\u00eds, con el 7,8 %, y se prev\u00e9 que la econom\u00eda se expanda el 2,75 % en 2021 y el 3,5 % en 2022, dijo el multilateral. El ente explic\u00f3 que las cuentas fiscales para diciembre de 2020 y abril de 2021 fueron mejores de lo previsto en el momento de la primera revisi\u00f3n. El aumento de los ingresos, la contenci\u00f3n del gasto y precios del petr\u00f3leo m\u00e1s altos de lo previsto contribuyeron a este resultado. Sin embargo,&nbsp;dijo el FMI que se cumplieron la mayor\u00eda de las metas, excepto la correspondiente a abril de 2021&nbsp;sobre los dep\u00f3sitos del sector p\u00fablico no financiero (SPNF), que se incumpli\u00f3 por un peque\u00f1o margen. Destac\u00f3 que las autoridades modificaron el 3 de mayo de 2021 el marco jur\u00eddico del Banco Central del Ecuador (BCE) dentro del C\u00f3digo Org\u00e1nico Monetario y Financiero (Comyf), las cuales fortalecen significativamente las bases para la dolarizaci\u00f3n y la autonom\u00eda t\u00e9cnica del BCE. El FMI dijo que de cara al futuro, las\u00a0autoridades ecuatorianas se han comprometido a seguir mejorando la administraci\u00f3n de las finanzas p\u00fablicas, aumentando la transparencia en la gesti\u00f3n de los recursos p\u00fablicos -incluyendo el gasto de COVID y las operaciones de las empresas p\u00fablicas- y avanzando en el programa de lucha contra la corrupci\u00f3n, lo que reforzar\u00eda la confianza en las instituciones p\u00fablicas e impulsar\u00eda la actividad del sector privado. Las autoridades tambi\u00e9n tienen previsto\u00a0reformar su marco de asociaci\u00f3n p\u00fablico-privada, los mercados de capitales y de trabajo, y mejorar el entorno empresarial para catalizar la inversi\u00f3n privada nacional y atraer la inversi\u00f3n extranjera directa, dijo. (I) Fuente El Universo<\/p>\n","protected":false},"author":1,"featured_media":941,"comment_status":"open","ping_status":"open","sticky":false,"template":"","format":"standard","meta":{"footnotes":""},"categories":[268],"tags":[],"class_list":["post-940","post","type-post","status-publish","format-standard","has-post-thumbnail","hentry","category-nacionales"],"_links":{"self":[{"href":"https:\/\/www.elamazonico.com\/portal\/wp-json\/wp\/v2\/posts\/940","targetHints":{"allow":["GET"]}}],"collection":[{"href":"https:\/\/www.elamazonico.com\/portal\/wp-json\/wp\/v2\/posts"}],"about":[{"href":"https:\/\/www.elamazonico.com\/portal\/wp-json\/wp\/v2\/types\/post"}],"author":[{"embeddable":true,"href":"https:\/\/www.elamazonico.com\/portal\/wp-json\/wp\/v2\/users\/1"}],"replies":[{"embeddable":true,"href":"https:\/\/www.elamazonico.com\/portal\/wp-json\/wp\/v2\/comments?post=940"}],"version-history":[{"count":1,"href":"https:\/\/www.elamazonico.com\/portal\/wp-json\/wp\/v2\/posts\/940\/revisions"}],"predecessor-version":[{"id":942,"href":"https:\/\/www.elamazonico.com\/portal\/wp-json\/wp\/v2\/posts\/940\/revisions\/942"}],"wp:featuredmedia":[{"embeddable":true,"href":"https:\/\/www.elamazonico.com\/portal\/wp-json\/wp\/v2\/media\/941"}],"wp:attachment":[{"href":"https:\/\/www.elamazonico.com\/portal\/wp-json\/wp\/v2\/media?parent=940"}],"wp:term":[{"taxonomy":"category","embeddable":true,"href":"https:\/\/www.elamazonico.com\/portal\/wp-json\/wp\/v2\/categories?post=940"},{"taxonomy":"post_tag","embeddable":true,"href":"https:\/\/www.elamazonico.com\/portal\/wp-json\/wp\/v2\/tags?post=940"}],"curies":[{"name":"wp","href":"https:\/\/api.w.org\/{rel}","templated":true}]}}