{"id":9221,"date":"2023-04-03T07:48:11","date_gmt":"2023-04-03T12:48:11","guid":{"rendered":"https:\/\/www.elamazonico.com\/portal\/?p=9221"},"modified":"2023-04-03T09:30:23","modified_gmt":"2023-04-03T14:30:23","slug":"quien-tiene-la-culpa-por-las-medidas-sustitutivas-de-extranjeros-detenidos","status":"publish","type":"post","link":"https:\/\/www.elamazonico.com\/portal\/quien-tiene-la-culpa-por-las-medidas-sustitutivas-de-extranjeros-detenidos\/","title":{"rendered":"\u00bfQui\u00e9n tiene la culpa por las \u2018medidas sustitutivas\u2019 de extranjeros detenidos?"},"content":{"rendered":"<p>En d\u00edas anteriores fueron aprehendidos dos ciudadanos de nacionalidad peruana en el cant\u00f3n El Pangui, que en su poder se encontr\u00f3 m\u00e1s de 3 kilogramos de sustancias sujetas a fiscalizaci\u00f3n, en delito flagrante seg\u00fan lo dio a conocer la Polic\u00eda Nacional en el parte o informe policial.<\/p>\n<p>El gobernador de la provincia, quien en algunas ocasiones ha cuestionado el proceder de la administraci\u00f3n de justicia con respecto a los procesos investigativos que se han llevado a cabo con personas aprehendidas con este y otros delitos.<\/p>\n<p>Pues, Campoverde asegura que el fiscal de turno, no habr\u00eda realizado su labor conforme demanda la Ley. \u201cEl fiscal que deb\u00eda tomar procedimiento, no formul\u00f3 cargos, no pidi\u00f3 nada; el juez debi\u00f3 dejarlos en libertad porque no hay acusaci\u00f3n\u201d, expres\u00f3.<\/p>\n<p>Pese a que hay elementos y pruebas de delito flagrante, el representante del gobierno en la provincia, asegura que no se debe dudar. Dice que los expertos aseguran que cada kilo abarca entre 10 a 15 mil dosis. Con ello, la Polic\u00eda Nacional sac\u00f3 de circulaci\u00f3n por decir a alrededor de 40 mil dosis que iban a ser distribuidas en la provincia.<\/p>\n<p>En respuesta al representante del gobierno en la provincia, el fiscal provincial Subrogante, Galo Rodr\u00edguez quien rindi\u00f3 una entrevista a un medio de la localidad, daba a conocer que el agente fiscal encargado de este caso, habr\u00eda solicitado a la jueza la prisi\u00f3n preventiva para los extranjeros y el inicio de la instrucci\u00f3n fiscal.<\/p>\n<p>Pero la jueza ha considerado que por ser \u2018ciudadanos de paso, no tienen domicilio fijo, pose\u00edan el Documento Nacional de Identidad (DNI)\u2019, resolvi\u00f3 no aceptar el pedido de prisi\u00f3n preventiva solicitada porque seg\u00fan \u2018faltaban elementos\u2019, y otorg\u00f3 medidas sustitutivas como la presentaci\u00f3n peri\u00f3dica ante la autoridad.<\/p>\n<p>Las medidas sustitutivas se otorgan en caso de: que el delito no sea mayor a 5 a\u00f1os de condena, cuando el aprehendido sea de tercera edad, se encuentra en estado de gestaci\u00f3n y cuando no presente riesgo de fuga, seg\u00fan relata el art\u00edculo 537 del C\u00f3digo Org\u00e1nico Integral Penal.<\/p>\n<p>En cuanto a la negativa a la prisi\u00f3n preventiva, est\u00e1 apelada y van a pelearla en la Sala de la Corte Provincial de Justicia, desde Fiscal\u00eda Provincial se encuentran realizando el debido proceso para esa situaci\u00f3n, destac\u00f3 Rodr\u00edguez.<\/p>\n","protected":false},"excerpt":{"rendered":"<p>En d\u00edas anteriores fueron aprehendidos dos ciudadanos de nacionalidad peruana en el cant\u00f3n El Pangui, que en su poder se encontr\u00f3 m\u00e1s de 3 kilogramos de sustancias sujetas a fiscalizaci\u00f3n, en delito flagrante seg\u00fan lo dio a conocer la Polic\u00eda Nacional en el parte o informe policial. El gobernador de la provincia, quien en algunas ocasiones ha cuestionado el proceder de la administraci\u00f3n de justicia con respecto a los procesos investigativos que se han llevado a cabo con personas aprehendidas con este y otros delitos. Pues, Campoverde asegura que el fiscal de turno, no habr\u00eda realizado su labor conforme demanda la Ley. \u201cEl fiscal que deb\u00eda tomar procedimiento, no formul\u00f3 cargos, no pidi\u00f3 nada; el juez debi\u00f3 dejarlos en libertad porque no hay acusaci\u00f3n\u201d, expres\u00f3. Pese a que hay elementos y pruebas de delito flagrante, el representante del gobierno en la provincia, asegura que no se debe dudar. Dice que los expertos aseguran que cada kilo abarca entre 10 a 15 mil dosis. Con ello, la Polic\u00eda Nacional sac\u00f3 de circulaci\u00f3n por decir a alrededor de 40 mil dosis que iban a ser distribuidas en la provincia. En respuesta al representante del gobierno en la provincia, el fiscal provincial Subrogante, Galo Rodr\u00edguez quien rindi\u00f3 una entrevista a un medio de la localidad, daba a conocer que el agente fiscal encargado de este caso, habr\u00eda solicitado a la jueza la prisi\u00f3n preventiva para los extranjeros y el inicio de la instrucci\u00f3n fiscal. Pero la jueza ha considerado que por ser \u2018ciudadanos de paso, no tienen domicilio fijo, pose\u00edan el Documento Nacional de Identidad (DNI)\u2019, resolvi\u00f3 no aceptar el pedido de prisi\u00f3n preventiva solicitada porque seg\u00fan \u2018faltaban elementos\u2019, y otorg\u00f3 medidas sustitutivas como la presentaci\u00f3n peri\u00f3dica ante la autoridad. Las medidas sustitutivas se otorgan en caso de: que el delito no sea mayor a 5 a\u00f1os de condena, cuando el aprehendido sea de tercera edad, se encuentra en estado de gestaci\u00f3n y cuando no presente riesgo de fuga, seg\u00fan relata el art\u00edculo 537 del C\u00f3digo Org\u00e1nico Integral Penal. En cuanto a la negativa a la prisi\u00f3n preventiva, est\u00e1 apelada y van a pelearla en la Sala de la Corte Provincial de Justicia, desde Fiscal\u00eda Provincial se encuentran realizando el debido proceso para esa situaci\u00f3n, destac\u00f3 Rodr\u00edguez.<\/p>\n","protected":false},"author":1,"featured_media":9219,"comment_status":"open","ping_status":"open","sticky":false,"template":"","format":"standard","meta":{"footnotes":""},"categories":[243],"tags":[],"class_list":["post-9221","post","type-post","status-publish","format-standard","has-post-thumbnail","hentry","category-noticias-zamora"],"_links":{"self":[{"href":"https:\/\/www.elamazonico.com\/portal\/wp-json\/wp\/v2\/posts\/9221","targetHints":{"allow":["GET"]}}],"collection":[{"href":"https:\/\/www.elamazonico.com\/portal\/wp-json\/wp\/v2\/posts"}],"about":[{"href":"https:\/\/www.elamazonico.com\/portal\/wp-json\/wp\/v2\/types\/post"}],"author":[{"embeddable":true,"href":"https:\/\/www.elamazonico.com\/portal\/wp-json\/wp\/v2\/users\/1"}],"replies":[{"embeddable":true,"href":"https:\/\/www.elamazonico.com\/portal\/wp-json\/wp\/v2\/comments?post=9221"}],"version-history":[{"count":4,"href":"https:\/\/www.elamazonico.com\/portal\/wp-json\/wp\/v2\/posts\/9221\/revisions"}],"predecessor-version":[{"id":9230,"href":"https:\/\/www.elamazonico.com\/portal\/wp-json\/wp\/v2\/posts\/9221\/revisions\/9230"}],"wp:featuredmedia":[{"embeddable":true,"href":"https:\/\/www.elamazonico.com\/portal\/wp-json\/wp\/v2\/media\/9219"}],"wp:attachment":[{"href":"https:\/\/www.elamazonico.com\/portal\/wp-json\/wp\/v2\/media?parent=9221"}],"wp:term":[{"taxonomy":"category","embeddable":true,"href":"https:\/\/www.elamazonico.com\/portal\/wp-json\/wp\/v2\/categories?post=9221"},{"taxonomy":"post_tag","embeddable":true,"href":"https:\/\/www.elamazonico.com\/portal\/wp-json\/wp\/v2\/tags?post=9221"}],"curies":[{"name":"wp","href":"https:\/\/api.w.org\/{rel}","templated":true}]}}