{"id":9191,"date":"2023-03-30T06:37:08","date_gmt":"2023-03-30T11:37:08","guid":{"rendered":"https:\/\/www.elamazonico.com\/portal\/?p=9191"},"modified":"2023-03-30T06:37:08","modified_gmt":"2023-03-30T11:37:08","slug":"la-corte-constitucional-tienen-en-sus-manos-el-destino-del-ejecutivo-y-legislativo","status":"publish","type":"post","link":"https:\/\/www.elamazonico.com\/portal\/la-corte-constitucional-tienen-en-sus-manos-el-destino-del-ejecutivo-y-legislativo\/","title":{"rendered":"La Corte Constitucional tienen en sus manos el destino del Ejecutivo y Legislativo"},"content":{"rendered":"<p>Si la Corte Constitucional da paso al juicio pol\u00edtico en contra del presidente de la Rep\u00fablica Guillermo Lasso, no le quedar\u00eda de otra que, anunciar la muerte cruzada y de forma legal disolver al legislativo para volver a reelegirse y gobernar el tiempo que a\u00fan le queda; eso, si es que en las nuevas elecciones alguien m\u00e1s lo reemplaza y quedar\u00eda fuera del gobierno. Una vez se super\u00f3 la primera deliberaci\u00f3n, que favorece a su aprobaci\u00f3n, esa ser\u00eda la \u00fanica forma de evitarlo.<\/p>\n<p>La aceptaci\u00f3n que los ecuatorianos tienen con respecto al trabajo de la Asamblea Nacional y el gobierno liderado por Lasso, es muy baja; esto ante la grave crisis econ\u00f3mica, pol\u00edtica y social que se encuentra atravesando el pa\u00eds y la ausencia de soluciones ante las problem\u00e1ticas nacionales, como por ejemplo la inseguridad que esta ganando terreno a pasos agigantados.<\/p>\n<p>\u201cLa ciudadan\u00eda despu\u00e9s de las elecciones nos dio un mensaje contundente, no queremos m\u00e1s a Lasso como presidente\u201d, expuso H\u00e9ctor Balladares, activista pol\u00edtico que defiende la ideolog\u00eda del expresidente Rafael Correa, quien adem\u00e1s seg\u00fan su perspectiva considera que la \u2018muerte cruzada\u2019 ser\u00eda lo mejor para el pa\u00eds.<\/p>\n<p>En el a\u00f1o 2017 gan\u00f3 Lenin Moreno con el proyecto de la Revoluci\u00f3n Ciudadana. En el 2021, la ciudadan\u00eda dijo no queremos m\u00e1s a Correa, pero recientemente en las \u00faltimas elecciones, la ciudadan\u00eda dice ya no querer m\u00e1s a Lasso y que supuestamente esperan que regrese el corre\u00edsmo de la mano de su l\u00edder, esto haciendo referencia al gran porcentaje de votos que obtuvieron a nivel nacional con prefecturas y alcald\u00edas.<\/p>\n<p>Dice que el gobierno de Correa es el m\u00e1ximo exponente en combatir los actos de corrupci\u00f3n, rescata Balladares. Y que el gobierno de Lasso no ha cumplido su palabra. \u201cNo es que debe haber una sentencia para que tenga que ser enjuiciado el presidente porque tiene responsabilidad pol\u00edtica en haber encubierto a su cu\u00f1ado y a sus principales colaboradores en la corrupci\u00f3n que es evidente\u201d, expuso el activista pol\u00edtico.<\/p>\n<p>Por otra parte, est\u00e1 el jurista y exgobernador de la provincia, Herman Espinosa quien diverge con Balladares y en su punto de vista considera que los ecuatorianos quisieron terminar con la era del corre\u00edsmo y por eso votaron por Lasso, y que las pol\u00edticas que ha implementado no estar\u00edan llegando hasta la poblaci\u00f3n.<\/p>\n<p>\u201cDebemos entender que si el gobierno de Lasso lleg\u00f3 al poder es porque el pueblo ecuatoriano ya se cans\u00f3 del corre\u00edsmo. Lasso no era el comod\u00edn para sacar adelante al pa\u00eds, pero sin embargo quer\u00edan ponerle fin a un gobierno que daba mucho que decir\u201d, expuso Espinosa haciendo referencia a que su m\u00e1ximo l\u00edder esta fuera del pa\u00eds en calidad de pr\u00f3fugo para la justicia ecuatoriana.<\/p>\n<p>En el tema del juicio pol\u00edtico, ya depende de la Corte Constitucional, donde permitir\u00e1n o denegar\u00e1n llevar adelante este proceso. Pero desde su perspectiva considera que la \u2018muerte cruzada\u2019 es lo que m\u00e1s le conviene porque con ello acortar\u00e1 m\u00e1s el periodo de gobierno.<\/p>\n<p>El jurista considera que, para enjuiciar al presidente, la Corte Constitucional debe revisar tres puntos:<\/p>\n<ol>\n<li>Si la solicitud ha sido propuesta de conformidad con la Constituci\u00f3n.<\/li>\n<li>Si en la solicitud se singulariza la infracci\u00f3n que se le imputa y si por la tipificaci\u00f3n jur\u00eddica que se hace en la solicitud, en ella cabe el tipo de infracciones previstas en las causales de juicio pol\u00edtico.<\/li>\n<li>Si en la consecuencia procede iniciar o no el juicio pol\u00edtico.<\/li>\n<\/ol>\n<p>No se debe olvidar que el presidente estar\u00eda enjuiciado pol\u00edticamente o ser\u00eda llamado a juicio por la causal tipificada en el art. 129.2 de la Constituci\u00f3n de la Rep\u00fablica y que en ella espec\u00edfica los delitos de \u2018concusi\u00f3n y peculado\u2019. Es decir que el presidente habr\u00eda inobservado por omisi\u00f3n estos dos aspectos.<\/p>\n<p>Algunos juristas concluyen que la conducta del presidente de la rep\u00fablica no se subsume en el cometimiento de estos dos delitos para impulsar el juicio pol\u00edtico. Despu\u00e9s de la indagaci\u00f3n previa, si la Fiscal\u00eda encuentra los elementos suficientes, se seguir\u00e1 la siguiente etapa que ser\u00eda la instrucci\u00f3n fiscal con una duraci\u00f3n de 90 d\u00edas, para luego verificar si encuentran los elementos para sostener el juicio y convocar a la audiencia de evaluaci\u00f3n y preparatoria de juicio.<\/p>\n<p>\u201cMe atrever\u00eda a decir que el juicio pol\u00edtico va porque va. La Corte Constitucional est\u00e1 monitoreando que haya los 92 votos desde la Asamblea Nacional para cesar en sus funciones al presidente de la rep\u00fablica\u201d, expuso Espinosa porque se estar\u00eda dando la viabilidad que requiere el poder legislativo para enjuiciar al primer mandatario.<\/p>\n<p>En caso de que se proceda, la \u2018\u00faltima carta\u2019 que tendr\u00eda el presidente es de consolidar la muerte cruzada y de esa forma, tratar de evitar su destituci\u00f3n, estipulada en el art\u00edculo 194 de la Constituci\u00f3n.<\/p>\n<p>Terminar con el gobierno y las funciones de la Asamblea Nacional no es conveniente para el pa\u00eds, en gran parte por haber atravesado una pandemia que golpe\u00f3 a la econom\u00eda mundial y la promulgaci\u00f3n para que las personas salgan a las calles, ser\u00eda otro golpe a la econom\u00eda. Criterios divididos, pero finalmente quien tiene la resoluci\u00f3n final son los jueces de la Corte Constitucional.<\/p>\n","protected":false},"excerpt":{"rendered":"<p>Si la Corte Constitucional da paso al juicio pol\u00edtico en contra del presidente de la Rep\u00fablica Guillermo Lasso, no le quedar\u00eda de otra que, anunciar la muerte cruzada y de forma legal disolver al legislativo para volver a reelegirse y gobernar el tiempo que a\u00fan le queda; eso, si es que en las nuevas elecciones alguien m\u00e1s lo reemplaza y quedar\u00eda fuera del gobierno. Una vez se super\u00f3 la primera deliberaci\u00f3n, que favorece a su aprobaci\u00f3n, esa ser\u00eda la \u00fanica forma de evitarlo. La aceptaci\u00f3n que los ecuatorianos tienen con respecto al trabajo de la Asamblea Nacional y el gobierno liderado por Lasso, es muy baja; esto ante la grave crisis econ\u00f3mica, pol\u00edtica y social que se encuentra atravesando el pa\u00eds y la ausencia de soluciones ante las problem\u00e1ticas nacionales, como por ejemplo la inseguridad que esta ganando terreno a pasos agigantados. \u201cLa ciudadan\u00eda despu\u00e9s de las elecciones nos dio un mensaje contundente, no queremos m\u00e1s a Lasso como presidente\u201d, expuso H\u00e9ctor Balladares, activista pol\u00edtico que defiende la ideolog\u00eda del expresidente Rafael Correa, quien adem\u00e1s seg\u00fan su perspectiva considera que la \u2018muerte cruzada\u2019 ser\u00eda lo mejor para el pa\u00eds. En el a\u00f1o 2017 gan\u00f3 Lenin Moreno con el proyecto de la Revoluci\u00f3n Ciudadana. En el 2021, la ciudadan\u00eda dijo no queremos m\u00e1s a Correa, pero recientemente en las \u00faltimas elecciones, la ciudadan\u00eda dice ya no querer m\u00e1s a Lasso y que supuestamente esperan que regrese el corre\u00edsmo de la mano de su l\u00edder, esto haciendo referencia al gran porcentaje de votos que obtuvieron a nivel nacional con prefecturas y alcald\u00edas. Dice que el gobierno de Correa es el m\u00e1ximo exponente en combatir los actos de corrupci\u00f3n, rescata Balladares. Y que el gobierno de Lasso no ha cumplido su palabra. \u201cNo es que debe haber una sentencia para que tenga que ser enjuiciado el presidente porque tiene responsabilidad pol\u00edtica en haber encubierto a su cu\u00f1ado y a sus principales colaboradores en la corrupci\u00f3n que es evidente\u201d, expuso el activista pol\u00edtico. Por otra parte, est\u00e1 el jurista y exgobernador de la provincia, Herman Espinosa quien diverge con Balladares y en su punto de vista considera que los ecuatorianos quisieron terminar con la era del corre\u00edsmo y por eso votaron por Lasso, y que las pol\u00edticas que ha implementado no estar\u00edan llegando hasta la poblaci\u00f3n. \u201cDebemos entender que si el gobierno de Lasso lleg\u00f3 al poder es porque el pueblo ecuatoriano ya se cans\u00f3 del corre\u00edsmo. Lasso no era el comod\u00edn para sacar adelante al pa\u00eds, pero sin embargo quer\u00edan ponerle fin a un gobierno que daba mucho que decir\u201d, expuso Espinosa haciendo referencia a que su m\u00e1ximo l\u00edder esta fuera del pa\u00eds en calidad de pr\u00f3fugo para la justicia ecuatoriana. En el tema del juicio pol\u00edtico, ya depende de la Corte Constitucional, donde permitir\u00e1n o denegar\u00e1n llevar adelante este proceso. Pero desde su perspectiva considera que la \u2018muerte cruzada\u2019 es lo que m\u00e1s le conviene porque con ello acortar\u00e1 m\u00e1s el periodo de gobierno. El jurista considera que, para enjuiciar al presidente, la Corte Constitucional debe revisar tres puntos: Si la solicitud ha sido propuesta de conformidad con la Constituci\u00f3n. Si en la solicitud se singulariza la infracci\u00f3n que se le imputa y si por la tipificaci\u00f3n jur\u00eddica que se hace en la solicitud, en ella cabe el tipo de infracciones previstas en las causales de juicio pol\u00edtico. Si en la consecuencia procede iniciar o no el juicio pol\u00edtico. No se debe olvidar que el presidente estar\u00eda enjuiciado pol\u00edticamente o ser\u00eda llamado a juicio por la causal tipificada en el art. 129.2 de la Constituci\u00f3n de la Rep\u00fablica y que en ella espec\u00edfica los delitos de \u2018concusi\u00f3n y peculado\u2019. Es decir que el presidente habr\u00eda inobservado por omisi\u00f3n estos dos aspectos. Algunos juristas concluyen que la conducta del presidente de la rep\u00fablica no se subsume en el cometimiento de estos dos delitos para impulsar el juicio pol\u00edtico. Despu\u00e9s de la indagaci\u00f3n previa, si la Fiscal\u00eda encuentra los elementos suficientes, se seguir\u00e1 la siguiente etapa que ser\u00eda la instrucci\u00f3n fiscal con una duraci\u00f3n de 90 d\u00edas, para luego verificar si encuentran los elementos para sostener el juicio y convocar a la audiencia de evaluaci\u00f3n y preparatoria de juicio. \u201cMe atrever\u00eda a decir que el juicio pol\u00edtico va porque va. La Corte Constitucional est\u00e1 monitoreando que haya los 92 votos desde la Asamblea Nacional para cesar en sus funciones al presidente de la rep\u00fablica\u201d, expuso Espinosa porque se estar\u00eda dando la viabilidad que requiere el poder legislativo para enjuiciar al primer mandatario. En caso de que se proceda, la \u2018\u00faltima carta\u2019 que tendr\u00eda el presidente es de consolidar la muerte cruzada y de esa forma, tratar de evitar su destituci\u00f3n, estipulada en el art\u00edculo 194 de la Constituci\u00f3n. Terminar con el gobierno y las funciones de la Asamblea Nacional no es conveniente para el pa\u00eds, en gran parte por haber atravesado una pandemia que golpe\u00f3 a la econom\u00eda mundial y la promulgaci\u00f3n para que las personas salgan a las calles, ser\u00eda otro golpe a la econom\u00eda. Criterios divididos, pero finalmente quien tiene la resoluci\u00f3n final son los jueces de la Corte Constitucional.<\/p>\n","protected":false},"author":1,"featured_media":9192,"comment_status":"open","ping_status":"open","sticky":false,"template":"","format":"standard","meta":{"footnotes":""},"categories":[243],"tags":[],"class_list":["post-9191","post","type-post","status-publish","format-standard","has-post-thumbnail","hentry","category-noticias-zamora"],"_links":{"self":[{"href":"https:\/\/www.elamazonico.com\/portal\/wp-json\/wp\/v2\/posts\/9191","targetHints":{"allow":["GET"]}}],"collection":[{"href":"https:\/\/www.elamazonico.com\/portal\/wp-json\/wp\/v2\/posts"}],"about":[{"href":"https:\/\/www.elamazonico.com\/portal\/wp-json\/wp\/v2\/types\/post"}],"author":[{"embeddable":true,"href":"https:\/\/www.elamazonico.com\/portal\/wp-json\/wp\/v2\/users\/1"}],"replies":[{"embeddable":true,"href":"https:\/\/www.elamazonico.com\/portal\/wp-json\/wp\/v2\/comments?post=9191"}],"version-history":[{"count":1,"href":"https:\/\/www.elamazonico.com\/portal\/wp-json\/wp\/v2\/posts\/9191\/revisions"}],"predecessor-version":[{"id":9193,"href":"https:\/\/www.elamazonico.com\/portal\/wp-json\/wp\/v2\/posts\/9191\/revisions\/9193"}],"wp:featuredmedia":[{"embeddable":true,"href":"https:\/\/www.elamazonico.com\/portal\/wp-json\/wp\/v2\/media\/9192"}],"wp:attachment":[{"href":"https:\/\/www.elamazonico.com\/portal\/wp-json\/wp\/v2\/media?parent=9191"}],"wp:term":[{"taxonomy":"category","embeddable":true,"href":"https:\/\/www.elamazonico.com\/portal\/wp-json\/wp\/v2\/categories?post=9191"},{"taxonomy":"post_tag","embeddable":true,"href":"https:\/\/www.elamazonico.com\/portal\/wp-json\/wp\/v2\/tags?post=9191"}],"curies":[{"name":"wp","href":"https:\/\/api.w.org\/{rel}","templated":true}]}}