{"id":9170,"date":"2023-03-29T10:24:06","date_gmt":"2023-03-29T15:24:06","guid":{"rendered":"https:\/\/www.elamazonico.com\/portal\/?p=9170"},"modified":"2023-03-29T10:24:06","modified_gmt":"2023-03-29T15:24:06","slug":"prefectura-inicio-asfaltado-para-san-carlos-de-las-minas","status":"publish","type":"post","link":"https:\/\/www.elamazonico.com\/portal\/prefectura-inicio-asfaltado-para-san-carlos-de-las-minas\/","title":{"rendered":"Prefectura inici\u00f3 asfaltado para San Carlos de las Minas"},"content":{"rendered":"<p style=\"font-weight: 400;\"><strong>Zamora. \u2013\u00a0\u00a0<\/strong>Con el objetivo de mejorar la calidad de vida de los habitantes de barrios y parroquias del cant\u00f3n Zamora, a trav\u00e9s del mejoramiento vial, la Prefectura de Zamora Chinchipe dio inicio a la construcci\u00f3n a nivel de asfalto desde el sector Puente Azul hacia la parroquia San Carlos de las Minas. Esta edificaci\u00f3n tendr\u00e1 una longitud de 3.33 km y aportar\u00e1 a dinamizar la econom\u00eda local.<\/p>\n<p style=\"font-weight: 400;\">Las labores se realizar\u00e1n con las siguientes caracter\u00edsticas t\u00e9cnicas: ancho de calzada 7.20 m, carpeta asf\u00e1ltica 5 cm, cunetas de 80 cm de cada lado; reflejando as\u00ed un ancho total de 8.80 metros. Adem\u00e1s, al ser un sector de alta pluviosidad se construir\u00e1n 12 alcantarillas para mejorar y evitar inconvenientes en temporada invernal.<\/p>\n<p style=\"font-weight: 400;\">Cl\u00e9ver Jim\u00e9nez, prefecto de Zamora Chinchipe, durante el evento inicial mencion\u00f3: \u201cCada obra iniciada tiene dos objetivos fundamentales, el primero, dar el servicio correspondiente; y el segundo, es que con cada construcci\u00f3n se generen fuentes de trabajo, por tal raz\u00f3n pedimos al constructor a cargo, que la contrataci\u00f3n de mano de obra sea gente del mismo sector\u201d, indic\u00f3 Jim\u00e9nez.<\/p>\n<p style=\"font-weight: 400;\">La m\u00e1xima autoridad de San Carlos de las Minas resalt\u00f3 la disposici\u00f3n de realizar esta edificaci\u00f3n, y obras anteriores en pro del desarrollo de la parroquia. \u201cSe\u00f1or prefecto, gracias por cumplir con esta parroquia, quedamos eternamente agradecidos\u201d, se\u00f1al\u00f3 Iv\u00e1n S\u00e1nchez.<\/p>\n<p style=\"font-weight: 400;\">Por otra parte, Roger Ar\u00e9valo, asistente al acto oficial, exclam\u00f3: \u201cNuestro pueblo se siente orgullo de contar esta construcci\u00f3n, quienes habitamos desde hace much\u00edsimo tiempo, viv\u00edamos ansioso por tener una v\u00eda de primer orden. En nombre de campesinos, agricultores y ganaderos, nuestro saludo y gratitud se\u00f1or prefecto\u201d, mencion\u00f3 Ar\u00e9valo.<\/p>\n<p style=\"font-weight: 400;\">De esta manera, la prefectura contin\u00faa trabajando y ratifica su compromiso en labores indispensables para mejorar el sistema vial de la provincia.<\/p>\n<ul>\n<li style=\"font-weight: 400;\"><strong> Este proyecto cuenta con el 100% de financiamiento y la ejecuci\u00f3n tiene un plazo de 365 d\u00edas.<\/strong><\/li>\n<\/ul>\n","protected":false},"excerpt":{"rendered":"<p>Zamora. \u2013\u00a0\u00a0Con el objetivo de mejorar la calidad de vida de los habitantes de barrios y parroquias del cant\u00f3n Zamora, a trav\u00e9s del mejoramiento vial, la Prefectura de Zamora Chinchipe dio inicio a la construcci\u00f3n a nivel de asfalto desde el sector Puente Azul hacia la parroquia San Carlos de las Minas. Esta edificaci\u00f3n tendr\u00e1 una longitud de 3.33 km y aportar\u00e1 a dinamizar la econom\u00eda local. Las labores se realizar\u00e1n con las siguientes caracter\u00edsticas t\u00e9cnicas: ancho de calzada 7.20 m, carpeta asf\u00e1ltica 5 cm, cunetas de 80 cm de cada lado; reflejando as\u00ed un ancho total de 8.80 metros. Adem\u00e1s, al ser un sector de alta pluviosidad se construir\u00e1n 12 alcantarillas para mejorar y evitar inconvenientes en temporada invernal. Cl\u00e9ver Jim\u00e9nez, prefecto de Zamora Chinchipe, durante el evento inicial mencion\u00f3: \u201cCada obra iniciada tiene dos objetivos fundamentales, el primero, dar el servicio correspondiente; y el segundo, es que con cada construcci\u00f3n se generen fuentes de trabajo, por tal raz\u00f3n pedimos al constructor a cargo, que la contrataci\u00f3n de mano de obra sea gente del mismo sector\u201d, indic\u00f3 Jim\u00e9nez. La m\u00e1xima autoridad de San Carlos de las Minas resalt\u00f3 la disposici\u00f3n de realizar esta edificaci\u00f3n, y obras anteriores en pro del desarrollo de la parroquia. \u201cSe\u00f1or prefecto, gracias por cumplir con esta parroquia, quedamos eternamente agradecidos\u201d, se\u00f1al\u00f3 Iv\u00e1n S\u00e1nchez. Por otra parte, Roger Ar\u00e9valo, asistente al acto oficial, exclam\u00f3: \u201cNuestro pueblo se siente orgullo de contar esta construcci\u00f3n, quienes habitamos desde hace much\u00edsimo tiempo, viv\u00edamos ansioso por tener una v\u00eda de primer orden. En nombre de campesinos, agricultores y ganaderos, nuestro saludo y gratitud se\u00f1or prefecto\u201d, mencion\u00f3 Ar\u00e9valo. De esta manera, la prefectura contin\u00faa trabajando y ratifica su compromiso en labores indispensables para mejorar el sistema vial de la provincia. Este proyecto cuenta con el 100% de financiamiento y la ejecuci\u00f3n tiene un plazo de 365 d\u00edas.<\/p>\n","protected":false},"author":1,"featured_media":9171,"comment_status":"open","ping_status":"open","sticky":false,"template":"","format":"standard","meta":{"footnotes":""},"categories":[243],"tags":[],"class_list":["post-9170","post","type-post","status-publish","format-standard","has-post-thumbnail","hentry","category-noticias-zamora"],"_links":{"self":[{"href":"https:\/\/www.elamazonico.com\/portal\/wp-json\/wp\/v2\/posts\/9170","targetHints":{"allow":["GET"]}}],"collection":[{"href":"https:\/\/www.elamazonico.com\/portal\/wp-json\/wp\/v2\/posts"}],"about":[{"href":"https:\/\/www.elamazonico.com\/portal\/wp-json\/wp\/v2\/types\/post"}],"author":[{"embeddable":true,"href":"https:\/\/www.elamazonico.com\/portal\/wp-json\/wp\/v2\/users\/1"}],"replies":[{"embeddable":true,"href":"https:\/\/www.elamazonico.com\/portal\/wp-json\/wp\/v2\/comments?post=9170"}],"version-history":[{"count":1,"href":"https:\/\/www.elamazonico.com\/portal\/wp-json\/wp\/v2\/posts\/9170\/revisions"}],"predecessor-version":[{"id":9172,"href":"https:\/\/www.elamazonico.com\/portal\/wp-json\/wp\/v2\/posts\/9170\/revisions\/9172"}],"wp:featuredmedia":[{"embeddable":true,"href":"https:\/\/www.elamazonico.com\/portal\/wp-json\/wp\/v2\/media\/9171"}],"wp:attachment":[{"href":"https:\/\/www.elamazonico.com\/portal\/wp-json\/wp\/v2\/media?parent=9170"}],"wp:term":[{"taxonomy":"category","embeddable":true,"href":"https:\/\/www.elamazonico.com\/portal\/wp-json\/wp\/v2\/categories?post=9170"},{"taxonomy":"post_tag","embeddable":true,"href":"https:\/\/www.elamazonico.com\/portal\/wp-json\/wp\/v2\/tags?post=9170"}],"curies":[{"name":"wp","href":"https:\/\/api.w.org\/{rel}","templated":true}]}}