{"id":9123,"date":"2023-03-27T06:16:37","date_gmt":"2023-03-27T11:16:37","guid":{"rendered":"https:\/\/www.elamazonico.com\/portal\/?p=9123"},"modified":"2023-03-27T06:16:37","modified_gmt":"2023-03-27T11:16:37","slug":"los-jueces-imparten-justicia-en-ecuador","status":"publish","type":"post","link":"https:\/\/www.elamazonico.com\/portal\/los-jueces-imparten-justicia-en-ecuador\/","title":{"rendered":"Los jueces \u00bfimparten justicia en Ecuador?"},"content":{"rendered":"<p>Si bien es cierto los procedimientos judiciales que se realizan a nivel nacional y sus respectivas resoluciones no han dejado satisfecha a la ciudadan\u00eda que en muchos de los casos no se ha impartido la justicia tanto para las v\u00edctimas como para los victimarios. Es por ello que existe una cr\u00edtica de parte de la opini\u00f3n p\u00fablica en gran proporci\u00f3n de forma negativa.<\/p>\n<p>En sentido estrictamente jur\u00eddico, el juez es el \u00f3rgano instituido por una comunidad jur\u00ed\u00addica con potestad para juzgar y sentenciar un litigio, un conflicto de intereses someti\u00addo a su decisi\u00f3n final.<\/p>\n<p>Pero, las crecientes olas de delincuencia, asesinatos, actos terroristas, secuestros, extorsiones y dem\u00e1s, son titulares en los medios de comunicaci\u00f3n todos los d\u00edas, y es que, a pesar de ello, se cuestiona la aplicaci\u00f3n de las leyes y normas conforme lo establece la Constituci\u00f3n que rige desde el 2008.<\/p>\n<p>De forma local en la provincia, Galo Rodr\u00edguez, fiscal provincial subrogante declar\u00f3 para Diario El Amaz\u00f3nico que no depende solo del \u00e1mbito nacional, sino tambi\u00e9n internacional. \u201cNo se puede tapar el sol con un dedo y hay que ser frontales en el tema de seguridad (\u2026) pero a\u00fan no hemos perdido ese calificativo de ser una provincia de paz. Existen problemas de inseguridad, producto de lo que est\u00e1 viviendo el pa\u00eds\u201d, expuso el funcionario en cuanto a un an\u00e1lisis que tratar\u00eda del tr\u00e1fico de estupefacientes, que no solo se da en el pa\u00eds, sino en Latinoam\u00e9rica, espec\u00edficamente.<\/p>\n<p>Aunque cabe indicar que en el pa\u00eds a\u00fan no existen datos de asentamiento de laboratorios y sembr\u00edos de sustancias sujetas a fiscalizaci\u00f3n, pero s\u00ed de pa\u00edses vecinos de donde provienen grandes cantidades, lo que est\u00e1 afectando porque en el pa\u00eds hay consumo de sustancias ilegales. De tal forma que quienes comercializan estos productos, han colapsado el sistema investigativo al operar de manera clandestina.<\/p>\n<p>Adem\u00e1s, resalta el trabajo que ha venido realizando la Polic\u00eda Nacional, y desde su parte, han venido tratando de solucionar litigios de la mejor manera posible, actuando desde la l\u00ednea que le corresponde a cada una de las autoridades.<\/p>\n<p>\u201cPor cualquier raz\u00f3n podemos tener alg\u00fan tipo de error. Pero son errores no mal intencionados. Puedo decir desde mi punto de vista que los jueces han actuado apegados al derecho, respetando lo que dice la Constituci\u00f3n del 2008\u201d, expuso Rodr\u00edguez, con respecto al trabajo y las decisiones que toman los magistrados que define el futuro del pa\u00eds. El fiscal indica que no se puede dudar de la transparencia y de la verticalidad, sobre todo de la \u2018forma recta\u2019 con la que act\u00faan los jueces, expuso.<\/p>\n<p>Pero seg\u00fan resalta el fiscal provincial subrogante, es que a nivel nacional se han dado hechos de cr\u00edtica, donde los jueces han fallado en sus veredictos en contra de la justicia; para estos casos, seg\u00fan afirma se han hecho investigaciones y sanciones.<\/p>\n<p>Mientras que, en Zamora Chinchipe la semana anterior se inici\u00f3 un proceso en contra de una persona por presunto delito de \u2018terrorismo\u2019, tal como est\u00e1 tipificado en la Ley. El funcionario asegura que por los panfletos se est\u00e1 tratando de atemorizar a la poblaci\u00f3n por una pelea de grupos para disputa de territorio por una actividad il\u00edcita.<\/p>\n<p>Dice que con los elementos que la Polic\u00eda y Fiscal\u00eda, entreguen a los jueces ser\u00e1 suficiente para que apliquen el castigo correspondiente. Despu\u00e9s de 30 d\u00edas ser\u00e1 la audiencia de preparaci\u00f3n de juicio y formulaci\u00f3n de cargos de acuerdo a las evidencias presentadas.<\/p>\n<p>Asegura que a trav\u00e9s de un estudio profundo acerca de las necesidades de seguridad de la poblaci\u00f3n, si dentro de esas necesidades se debe reformar ciertas leyes, se deber\u00eda hacer, sobre todo en el caso del C\u00f3digo Org\u00e1nico Integral Penal. Considera que se debe partir desde el trabajo mancomunado con las instituciones del estado para mejor la seguridad de la ciudad y provincia.<\/p>\n","protected":false},"excerpt":{"rendered":"<p>Si bien es cierto los procedimientos judiciales que se realizan a nivel nacional y sus respectivas resoluciones no han dejado satisfecha a la ciudadan\u00eda que en muchos de los casos no se ha impartido la justicia tanto para las v\u00edctimas como para los victimarios. Es por ello que existe una cr\u00edtica de parte de la opini\u00f3n p\u00fablica en gran proporci\u00f3n de forma negativa. En sentido estrictamente jur\u00eddico, el juez es el \u00f3rgano instituido por una comunidad jur\u00ed\u00addica con potestad para juzgar y sentenciar un litigio, un conflicto de intereses someti\u00addo a su decisi\u00f3n final. Pero, las crecientes olas de delincuencia, asesinatos, actos terroristas, secuestros, extorsiones y dem\u00e1s, son titulares en los medios de comunicaci\u00f3n todos los d\u00edas, y es que, a pesar de ello, se cuestiona la aplicaci\u00f3n de las leyes y normas conforme lo establece la Constituci\u00f3n que rige desde el 2008. De forma local en la provincia, Galo Rodr\u00edguez, fiscal provincial subrogante declar\u00f3 para Diario El Amaz\u00f3nico que no depende solo del \u00e1mbito nacional, sino tambi\u00e9n internacional. \u201cNo se puede tapar el sol con un dedo y hay que ser frontales en el tema de seguridad (\u2026) pero a\u00fan no hemos perdido ese calificativo de ser una provincia de paz. Existen problemas de inseguridad, producto de lo que est\u00e1 viviendo el pa\u00eds\u201d, expuso el funcionario en cuanto a un an\u00e1lisis que tratar\u00eda del tr\u00e1fico de estupefacientes, que no solo se da en el pa\u00eds, sino en Latinoam\u00e9rica, espec\u00edficamente. Aunque cabe indicar que en el pa\u00eds a\u00fan no existen datos de asentamiento de laboratorios y sembr\u00edos de sustancias sujetas a fiscalizaci\u00f3n, pero s\u00ed de pa\u00edses vecinos de donde provienen grandes cantidades, lo que est\u00e1 afectando porque en el pa\u00eds hay consumo de sustancias ilegales. De tal forma que quienes comercializan estos productos, han colapsado el sistema investigativo al operar de manera clandestina. Adem\u00e1s, resalta el trabajo que ha venido realizando la Polic\u00eda Nacional, y desde su parte, han venido tratando de solucionar litigios de la mejor manera posible, actuando desde la l\u00ednea que le corresponde a cada una de las autoridades. \u201cPor cualquier raz\u00f3n podemos tener alg\u00fan tipo de error. Pero son errores no mal intencionados. Puedo decir desde mi punto de vista que los jueces han actuado apegados al derecho, respetando lo que dice la Constituci\u00f3n del 2008\u201d, expuso Rodr\u00edguez, con respecto al trabajo y las decisiones que toman los magistrados que define el futuro del pa\u00eds. El fiscal indica que no se puede dudar de la transparencia y de la verticalidad, sobre todo de la \u2018forma recta\u2019 con la que act\u00faan los jueces, expuso. Pero seg\u00fan resalta el fiscal provincial subrogante, es que a nivel nacional se han dado hechos de cr\u00edtica, donde los jueces han fallado en sus veredictos en contra de la justicia; para estos casos, seg\u00fan afirma se han hecho investigaciones y sanciones. Mientras que, en Zamora Chinchipe la semana anterior se inici\u00f3 un proceso en contra de una persona por presunto delito de \u2018terrorismo\u2019, tal como est\u00e1 tipificado en la Ley. El funcionario asegura que por los panfletos se est\u00e1 tratando de atemorizar a la poblaci\u00f3n por una pelea de grupos para disputa de territorio por una actividad il\u00edcita. Dice que con los elementos que la Polic\u00eda y Fiscal\u00eda, entreguen a los jueces ser\u00e1 suficiente para que apliquen el castigo correspondiente. Despu\u00e9s de 30 d\u00edas ser\u00e1 la audiencia de preparaci\u00f3n de juicio y formulaci\u00f3n de cargos de acuerdo a las evidencias presentadas. Asegura que a trav\u00e9s de un estudio profundo acerca de las necesidades de seguridad de la poblaci\u00f3n, si dentro de esas necesidades se debe reformar ciertas leyes, se deber\u00eda hacer, sobre todo en el caso del C\u00f3digo Org\u00e1nico Integral Penal. Considera que se debe partir desde el trabajo mancomunado con las instituciones del estado para mejor la seguridad de la ciudad y provincia.<\/p>\n","protected":false},"author":1,"featured_media":9124,"comment_status":"open","ping_status":"open","sticky":false,"template":"","format":"standard","meta":{"footnotes":""},"categories":[243],"tags":[],"class_list":["post-9123","post","type-post","status-publish","format-standard","has-post-thumbnail","hentry","category-noticias-zamora"],"_links":{"self":[{"href":"https:\/\/www.elamazonico.com\/portal\/wp-json\/wp\/v2\/posts\/9123","targetHints":{"allow":["GET"]}}],"collection":[{"href":"https:\/\/www.elamazonico.com\/portal\/wp-json\/wp\/v2\/posts"}],"about":[{"href":"https:\/\/www.elamazonico.com\/portal\/wp-json\/wp\/v2\/types\/post"}],"author":[{"embeddable":true,"href":"https:\/\/www.elamazonico.com\/portal\/wp-json\/wp\/v2\/users\/1"}],"replies":[{"embeddable":true,"href":"https:\/\/www.elamazonico.com\/portal\/wp-json\/wp\/v2\/comments?post=9123"}],"version-history":[{"count":1,"href":"https:\/\/www.elamazonico.com\/portal\/wp-json\/wp\/v2\/posts\/9123\/revisions"}],"predecessor-version":[{"id":9125,"href":"https:\/\/www.elamazonico.com\/portal\/wp-json\/wp\/v2\/posts\/9123\/revisions\/9125"}],"wp:featuredmedia":[{"embeddable":true,"href":"https:\/\/www.elamazonico.com\/portal\/wp-json\/wp\/v2\/media\/9124"}],"wp:attachment":[{"href":"https:\/\/www.elamazonico.com\/portal\/wp-json\/wp\/v2\/media?parent=9123"}],"wp:term":[{"taxonomy":"category","embeddable":true,"href":"https:\/\/www.elamazonico.com\/portal\/wp-json\/wp\/v2\/categories?post=9123"},{"taxonomy":"post_tag","embeddable":true,"href":"https:\/\/www.elamazonico.com\/portal\/wp-json\/wp\/v2\/tags?post=9123"}],"curies":[{"name":"wp","href":"https:\/\/api.w.org\/{rel}","templated":true}]}}