{"id":9113,"date":"2023-03-26T12:38:29","date_gmt":"2023-03-26T17:38:29","guid":{"rendered":"https:\/\/www.elamazonico.com\/portal\/?p=9113"},"modified":"2023-03-26T12:38:29","modified_gmt":"2023-03-26T17:38:29","slug":"clubes-ecuatorianos-envian-mensaje-a-chito-vera-tras-pelea","status":"publish","type":"post","link":"https:\/\/www.elamazonico.com\/portal\/clubes-ecuatorianos-envian-mensaje-a-chito-vera-tras-pelea\/","title":{"rendered":"Clubes ecuatorianos env\u00edan mensaje a &#8216;Chito&#8217; Vera tras pelea"},"content":{"rendered":"<p id=\"m12-11-13\">Equipos del f\u00fatbol ecuatoriano se hicieron eco del m\u00e1s reciente combate de\u00a0<b>Marlon &#8216;Chito&#8217; Vera\u00a0<\/b>en la UFC. Liga de Quito e Independiente del Valle le mostraron su apoyo.<\/p>\n<p id=\"m56-1-57\">\nLa noche del 25 de marzo de 2023, el peleador tricolor disput\u00f3 un encuentro ante su colega estadounidense\u00a0<b>Cory Sandhadgen<\/b>. El compromiso se alarg\u00f3 hasta los cinco rounds y el norteamericano se coron\u00f3 ganador por decisi\u00f3n dividida de los jueces.<\/p>\n<p>Una vez consumada la derrota, Vera pidi\u00f3\u00a0<b>disculpas\u00a0<\/b>al pa\u00eds por el desempe\u00f1o que hab\u00eda mostrado. Tras ello, los rayados y los albos se pronunciaron mediante publicaciones en las redes sociales.<\/p>\n<p>En sus reacciones, ambas escuadras reconocieron el trabajo realizado por &#8216;Chito&#8217;, m\u00e1s all\u00e1 del\u00a0<b>resultado<\/b>. De igual manera, enviaron aliento y se\u00f1alaron que lo que ha hecho ya es un motivo de orgullo.<\/p>\n<p>A diferencia de la escuadra universitaria y negriazul, otros equipos no se refirieron a la actuaci\u00f3n del ecuatoriano.\u00a0<b>Barcelona, El Nacional y Emelec<\/b>, considerados entre los \u00abgrandes\u00bb, guardaron silencio.\u00a0<b>Aucas<\/b>, vigente campe\u00f3n nacional, tampoco tom\u00f3 parte.<br \/>\n\u200b<br \/>\nEn la naci\u00f3n, el futbolista ha sido vinculado con el &#8216;Bombilllo&#8217;, cuadro del cual utiliz\u00f3 su camiseta en ocasi\u00f3n. Asimismo, guarda una relaci\u00f3n con\u00a0<b>Antonio Valencia<\/b>, exfutbolista, a quien lo visit\u00f3 en su complejo deportivo.<br \/>\n\u200b<\/p>\n<h3 id=\"m75-2-76\">El mensaje de Indpendiente del Valle<\/h3>\n<p id=\"m85-3-86\">El campe\u00f3n de la Copa y Recopa Sudamericana le dedic\u00f3 la publicaci\u00f3n junto a una\u00a0<b>ilustraci\u00f3n<\/b>. En ella se encontraba la fotograf\u00eda de &#8216;Chito&#8217; y la complementaban detalles de Independiente del Valle, como su escualo y el color de una de sus camisetas alternas.<\/p>\n<p>\u00ab<b>No importa cu\u00e1ndo leas esto, aqu\u00ed estamos orgullosos de Marlon &#8216;Chito&#8217; Vera. Un ecuatoriano que pelea hasta lograrlo<\/b>\u00ab, escribi\u00f3 el club de Sangolqu\u00ed. El texto fue complementado con emoticones de la bamdera de Ecuador y manos en forma de coraz\u00f3n.<\/p>\n<h3 id=\"m103-4-104\">Liga de Quito y su orgullo por Chito Vera<\/h3>\n<p id=\"m110-5-111\">El plantel azucena, al igual que el negriazul, adjunt\u00f3 una\u00a0<b>fotograf\u00eda\u00a0<\/b>del luchador a sus redes sociales. A su vez, envi\u00f3 un mensaje m\u00e1s corto y anim\u00f3 al peleador tras la derrota.<\/p>\n<p>\u00ab<b>\u00a1Orgullosos de ti, Marlon &#8216;Chito&#8217; Vera! \u00a1Gran pelea! \u00a1Volver\u00e1s m\u00e1s fuerte!<\/b>\u00ab; escribi\u00f3 el plantel en sus cuentas y tambi\u00e9n agreg\u00f3 emoticones.<\/p>\n<p>Ambos planteles se encuentran en inactividad debido a la paralizaci\u00f3n de la LigaPro. Debido a la primera\u00a0<b>fecha FIFA\u00a0<\/b>de 2023, donde la Selecci\u00f3n de Ecuador se ha medido y medir\u00e1 ante Australia, se decidi\u00f3 no continuar con sus partidos hasta que terminen los cotejos internacionales.\u00a0 <strong>Fuente: Bendito F\u00fatbol<\/strong><\/p>\n","protected":false},"excerpt":{"rendered":"<p>Equipos del f\u00fatbol ecuatoriano se hicieron eco del m\u00e1s reciente combate de\u00a0Marlon &#8216;Chito&#8217; Vera\u00a0en la UFC. Liga de Quito e Independiente del Valle le mostraron su apoyo. La noche del 25 de marzo de 2023, el peleador tricolor disput\u00f3 un encuentro ante su colega estadounidense\u00a0Cory Sandhadgen. El compromiso se alarg\u00f3 hasta los cinco rounds y el norteamericano se coron\u00f3 ganador por decisi\u00f3n dividida de los jueces. Una vez consumada la derrota, Vera pidi\u00f3\u00a0disculpas\u00a0al pa\u00eds por el desempe\u00f1o que hab\u00eda mostrado. Tras ello, los rayados y los albos se pronunciaron mediante publicaciones en las redes sociales. En sus reacciones, ambas escuadras reconocieron el trabajo realizado por &#8216;Chito&#8217;, m\u00e1s all\u00e1 del\u00a0resultado. De igual manera, enviaron aliento y se\u00f1alaron que lo que ha hecho ya es un motivo de orgullo. A diferencia de la escuadra universitaria y negriazul, otros equipos no se refirieron a la actuaci\u00f3n del ecuatoriano.\u00a0Barcelona, El Nacional y Emelec, considerados entre los \u00abgrandes\u00bb, guardaron silencio.\u00a0Aucas, vigente campe\u00f3n nacional, tampoco tom\u00f3 parte. \u200b En la naci\u00f3n, el futbolista ha sido vinculado con el &#8216;Bombilllo&#8217;, cuadro del cual utiliz\u00f3 su camiseta en ocasi\u00f3n. Asimismo, guarda una relaci\u00f3n con\u00a0Antonio Valencia, exfutbolista, a quien lo visit\u00f3 en su complejo deportivo. \u200b El mensaje de Indpendiente del Valle El campe\u00f3n de la Copa y Recopa Sudamericana le dedic\u00f3 la publicaci\u00f3n junto a una\u00a0ilustraci\u00f3n. En ella se encontraba la fotograf\u00eda de &#8216;Chito&#8217; y la complementaban detalles de Independiente del Valle, como su escualo y el color de una de sus camisetas alternas. \u00abNo importa cu\u00e1ndo leas esto, aqu\u00ed estamos orgullosos de Marlon &#8216;Chito&#8217; Vera. Un ecuatoriano que pelea hasta lograrlo\u00ab, escribi\u00f3 el club de Sangolqu\u00ed. El texto fue complementado con emoticones de la bamdera de Ecuador y manos en forma de coraz\u00f3n. Liga de Quito y su orgullo por Chito Vera El plantel azucena, al igual que el negriazul, adjunt\u00f3 una\u00a0fotograf\u00eda\u00a0del luchador a sus redes sociales. A su vez, envi\u00f3 un mensaje m\u00e1s corto y anim\u00f3 al peleador tras la derrota. \u00ab\u00a1Orgullosos de ti, Marlon &#8216;Chito&#8217; Vera! \u00a1Gran pelea! \u00a1Volver\u00e1s m\u00e1s fuerte!\u00ab; escribi\u00f3 el plantel en sus cuentas y tambi\u00e9n agreg\u00f3 emoticones. Ambos planteles se encuentran en inactividad debido a la paralizaci\u00f3n de la LigaPro. Debido a la primera\u00a0fecha FIFA\u00a0de 2023, donde la Selecci\u00f3n de Ecuador se ha medido y medir\u00e1 ante Australia, se decidi\u00f3 no continuar con sus partidos hasta que terminen los cotejos internacionales.\u00a0 Fuente: Bendito F\u00fatbol<\/p>\n","protected":false},"author":1,"featured_media":9114,"comment_status":"open","ping_status":"open","sticky":false,"template":"","format":"standard","meta":{"footnotes":""},"categories":[6],"tags":[],"class_list":["post-9113","post","type-post","status-publish","format-standard","has-post-thumbnail","hentry","category-deportes"],"_links":{"self":[{"href":"https:\/\/www.elamazonico.com\/portal\/wp-json\/wp\/v2\/posts\/9113","targetHints":{"allow":["GET"]}}],"collection":[{"href":"https:\/\/www.elamazonico.com\/portal\/wp-json\/wp\/v2\/posts"}],"about":[{"href":"https:\/\/www.elamazonico.com\/portal\/wp-json\/wp\/v2\/types\/post"}],"author":[{"embeddable":true,"href":"https:\/\/www.elamazonico.com\/portal\/wp-json\/wp\/v2\/users\/1"}],"replies":[{"embeddable":true,"href":"https:\/\/www.elamazonico.com\/portal\/wp-json\/wp\/v2\/comments?post=9113"}],"version-history":[{"count":1,"href":"https:\/\/www.elamazonico.com\/portal\/wp-json\/wp\/v2\/posts\/9113\/revisions"}],"predecessor-version":[{"id":9115,"href":"https:\/\/www.elamazonico.com\/portal\/wp-json\/wp\/v2\/posts\/9113\/revisions\/9115"}],"wp:featuredmedia":[{"embeddable":true,"href":"https:\/\/www.elamazonico.com\/portal\/wp-json\/wp\/v2\/media\/9114"}],"wp:attachment":[{"href":"https:\/\/www.elamazonico.com\/portal\/wp-json\/wp\/v2\/media?parent=9113"}],"wp:term":[{"taxonomy":"category","embeddable":true,"href":"https:\/\/www.elamazonico.com\/portal\/wp-json\/wp\/v2\/categories?post=9113"},{"taxonomy":"post_tag","embeddable":true,"href":"https:\/\/www.elamazonico.com\/portal\/wp-json\/wp\/v2\/tags?post=9113"}],"curies":[{"name":"wp","href":"https:\/\/api.w.org\/{rel}","templated":true}]}}