{"id":9110,"date":"2023-03-26T12:34:04","date_gmt":"2023-03-26T17:34:04","guid":{"rendered":"https:\/\/www.elamazonico.com\/portal\/?p=9110"},"modified":"2023-03-26T12:34:04","modified_gmt":"2023-03-26T17:34:04","slug":"seleccion-de-ecuador-viajo-hacia-melbourne-para-amistoso","status":"publish","type":"post","link":"https:\/\/www.elamazonico.com\/portal\/seleccion-de-ecuador-viajo-hacia-melbourne-para-amistoso\/","title":{"rendered":"Selecci\u00f3n de Ecuador viaj\u00f3 hacia Melbourne para amistoso"},"content":{"rendered":"<p id=\"m12-11-13\">La\u00a0<b>Selecci\u00f3n de Ecuador\u00a0<\/b>se traslad\u00f3 hacia Melbourne, all\u00ed tendr\u00e1 su revancha ante Australia. El viaje se realiz\u00f3 desde Sidney, ciudad en la cual la escuadra tuvo su partido de ida.<\/p>\n<p id=\"m56-1-57\">\nEn horas de la tarde de este s\u00e1bado 25 de marzo, la Tri emprendi\u00f3 su viaje hacia la urbe donde volver\u00e1 a medirse ante los &#8216;socceroos&#8217;. El partido de ida termin\u00f3 en una derrota de\u00a0<b>3-1<\/b>\u00a0para los visitantes.<\/p>\n<p>El viaje de la escuadra fue un d\u00eda despu\u00e9s de haber ca\u00eddo ante el conjunto de\u00a0<b>Ocean\u00eda<\/b>. Antes de partir, el equipo realiz\u00f3 entrenamiento de gimnasio con los preparadores f\u00edsicos de la escuadra.<\/p>\n<p>En Melbourne finalizar\u00e1 la estancia de la\u00a0<b>Selecci\u00f3n de Ecuador<\/b>\u00a0en Australia y la fecha FIFA. En la fecha pactada, el bal\u00f3n rodar\u00e1 a partir de las 03:30.<\/p>\n<p>Para aquel encuentro, el cuadro que dirige F\u00e9lix S\u00e1nchez Bas no tendr\u00e1 entre sus jugadores a Jeremy Sarmiento. Este sufri\u00f3 una lesi\u00f3n en el partido previo y\u00a0<b>Alexander Alvarado<\/b>\u00a0se perfila como su sustituto.<\/p>\n<p>El combinado nacional permanece en tierras australianas desde que el entrenador espa\u00f1ol dio a conocer la convocatoria. El\u00a0<b>DT\u00a0<\/b>viaj\u00f3 directamente y los citados se sumaron directamente a la concentraci\u00f3n.<\/p>\n<h3 id=\"m80-2-81\">\nDebut amargo para F\u00e9lix S\u00e1nchez ante Australia<\/h3>\n<p id=\"m88-3-89\">Despu\u00e9s de que S\u00e1nchez dio la lista de jugadores llamados sufri\u00f3 para contar con todos. Cuatro de ellos sufrieron lesiones en la \u00faltima fecha con sus clubes, por lo que llam\u00f3 a<b>\u00a0Joel Ord\u00f3\u00f1ez y Marco Angulo<\/b>\u00a0en su reemplazo.<\/p>\n<p>En el primer duelo ante Australia, el estratega form\u00f3 con un esquema de\u00a0<b>4-3-3<\/b>. Pese a que la Tri, estad\u00edsticamente, tuvo mejores datos que sus rivales, aquello no se vio reflejado en el marcador.<\/p>\n<p>El due\u00f1o de casa fue el primero en ponerse por delante gracias a un gol de<b>\u00a0Jackson Irvine\u00a0<\/b>a los 12 minutos. A los 23&#8242;, Ecuador parec\u00eda tener lo necesario para remontar el cotejo gracias a un gol de\u00a0<b>F\u00e9lix Torres.\u00a0<\/b><\/p>\n<p>La alegr\u00eda de los tricolores, sin embargo, dur\u00f3 poco debido a que<b>\u00a0Awer Mabil\u00a0<\/b>se hizo presente a los 34&#8242; para poner el 2-1. El partido lo sentenci\u00f3\u00a0<b>Garang Kuol\u00a0<\/b>en la recta final de este.\u00a0 <strong>Fuente: Bendito F\u00fatbol\u00a0<\/strong><\/p>\n","protected":false},"excerpt":{"rendered":"<p>La\u00a0Selecci\u00f3n de Ecuador\u00a0se traslad\u00f3 hacia Melbourne, all\u00ed tendr\u00e1 su revancha ante Australia. El viaje se realiz\u00f3 desde Sidney, ciudad en la cual la escuadra tuvo su partido de ida. En horas de la tarde de este s\u00e1bado 25 de marzo, la Tri emprendi\u00f3 su viaje hacia la urbe donde volver\u00e1 a medirse ante los &#8216;socceroos&#8217;. El partido de ida termin\u00f3 en una derrota de\u00a03-1\u00a0para los visitantes. El viaje de la escuadra fue un d\u00eda despu\u00e9s de haber ca\u00eddo ante el conjunto de\u00a0Ocean\u00eda. Antes de partir, el equipo realiz\u00f3 entrenamiento de gimnasio con los preparadores f\u00edsicos de la escuadra. En Melbourne finalizar\u00e1 la estancia de la\u00a0Selecci\u00f3n de Ecuador\u00a0en Australia y la fecha FIFA. En la fecha pactada, el bal\u00f3n rodar\u00e1 a partir de las 03:30. Para aquel encuentro, el cuadro que dirige F\u00e9lix S\u00e1nchez Bas no tendr\u00e1 entre sus jugadores a Jeremy Sarmiento. Este sufri\u00f3 una lesi\u00f3n en el partido previo y\u00a0Alexander Alvarado\u00a0se perfila como su sustituto. El combinado nacional permanece en tierras australianas desde que el entrenador espa\u00f1ol dio a conocer la convocatoria. El\u00a0DT\u00a0viaj\u00f3 directamente y los citados se sumaron directamente a la concentraci\u00f3n. Debut amargo para F\u00e9lix S\u00e1nchez ante Australia Despu\u00e9s de que S\u00e1nchez dio la lista de jugadores llamados sufri\u00f3 para contar con todos. Cuatro de ellos sufrieron lesiones en la \u00faltima fecha con sus clubes, por lo que llam\u00f3 a\u00a0Joel Ord\u00f3\u00f1ez y Marco Angulo\u00a0en su reemplazo. En el primer duelo ante Australia, el estratega form\u00f3 con un esquema de\u00a04-3-3. Pese a que la Tri, estad\u00edsticamente, tuvo mejores datos que sus rivales, aquello no se vio reflejado en el marcador. El due\u00f1o de casa fue el primero en ponerse por delante gracias a un gol de\u00a0Jackson Irvine\u00a0a los 12 minutos. A los 23&#8242;, Ecuador parec\u00eda tener lo necesario para remontar el cotejo gracias a un gol de\u00a0F\u00e9lix Torres.\u00a0 La alegr\u00eda de los tricolores, sin embargo, dur\u00f3 poco debido a que\u00a0Awer Mabil\u00a0se hizo presente a los 34&#8242; para poner el 2-1. El partido lo sentenci\u00f3\u00a0Garang Kuol\u00a0en la recta final de este.\u00a0 Fuente: Bendito F\u00fatbol\u00a0<\/p>\n","protected":false},"author":1,"featured_media":9111,"comment_status":"open","ping_status":"open","sticky":false,"template":"","format":"standard","meta":{"footnotes":""},"categories":[6],"tags":[],"class_list":["post-9110","post","type-post","status-publish","format-standard","has-post-thumbnail","hentry","category-deportes"],"_links":{"self":[{"href":"https:\/\/www.elamazonico.com\/portal\/wp-json\/wp\/v2\/posts\/9110","targetHints":{"allow":["GET"]}}],"collection":[{"href":"https:\/\/www.elamazonico.com\/portal\/wp-json\/wp\/v2\/posts"}],"about":[{"href":"https:\/\/www.elamazonico.com\/portal\/wp-json\/wp\/v2\/types\/post"}],"author":[{"embeddable":true,"href":"https:\/\/www.elamazonico.com\/portal\/wp-json\/wp\/v2\/users\/1"}],"replies":[{"embeddable":true,"href":"https:\/\/www.elamazonico.com\/portal\/wp-json\/wp\/v2\/comments?post=9110"}],"version-history":[{"count":1,"href":"https:\/\/www.elamazonico.com\/portal\/wp-json\/wp\/v2\/posts\/9110\/revisions"}],"predecessor-version":[{"id":9112,"href":"https:\/\/www.elamazonico.com\/portal\/wp-json\/wp\/v2\/posts\/9110\/revisions\/9112"}],"wp:featuredmedia":[{"embeddable":true,"href":"https:\/\/www.elamazonico.com\/portal\/wp-json\/wp\/v2\/media\/9111"}],"wp:attachment":[{"href":"https:\/\/www.elamazonico.com\/portal\/wp-json\/wp\/v2\/media?parent=9110"}],"wp:term":[{"taxonomy":"category","embeddable":true,"href":"https:\/\/www.elamazonico.com\/portal\/wp-json\/wp\/v2\/categories?post=9110"},{"taxonomy":"post_tag","embeddable":true,"href":"https:\/\/www.elamazonico.com\/portal\/wp-json\/wp\/v2\/tags?post=9110"}],"curies":[{"name":"wp","href":"https:\/\/api.w.org\/{rel}","templated":true}]}}