{"id":9106,"date":"2023-03-26T12:24:47","date_gmt":"2023-03-26T17:24:47","guid":{"rendered":"https:\/\/www.elamazonico.com\/portal\/?p=9106"},"modified":"2023-03-26T12:31:05","modified_gmt":"2023-03-26T17:31:05","slug":"presidente-lasso-presento-ante-la-corte-constitucional-argumentos-en-defensa-de-la-estabilidad-e-institucionalidad-democratica","status":"publish","type":"post","link":"https:\/\/www.elamazonico.com\/portal\/presidente-lasso-presento-ante-la-corte-constitucional-argumentos-en-defensa-de-la-estabilidad-e-institucionalidad-democratica\/","title":{"rendered":"Presidente Lasso present\u00f3 ante la Corte Constitucional argumentos en defensa de la estabilidad e institucionalidad democr\u00e1tica"},"content":{"rendered":"<p>Ante la Corte Constitucional, el presidente Guillermo Lasso present\u00f3 sus argumentos en defensa de la estabilidad e institucionalidad democr\u00e1tica de cada uno de los ecuatorianos. En un comunicado oficial, la Presidencia de la Rep\u00fablica explic\u00f3 los motivos por los que los connacionales deben defender la estabilidad democr\u00e1tica.<\/p>\n<p>La Presidencia destaca que no se puede crear bienestar para los ecuatorianos, sin un Estado de Derecho. \u201cLa democracia se defiende con m\u00e1s democracia\u201d, asegura el comunicado. Adem\u00e1s, se\u00f1ala que este derecho es la \u00fanica herramienta para que los ciudadanos decidan sobre su futuro.<\/p>\n<p>Esta acci\u00f3n se realiza como respuesta a la designaci\u00f3n, por parte de la Corte Constitucional, de la jueza Teresa Nuques como la encargada de revisar el pedido de juicio pol\u00edtico contra el presidente Lasso.<\/p>\n<p>Este es el segundo intento que el CAL admiti\u00f3 a tr\u00e1mite para el juicio pol\u00edtico al jefe de Estado, por supuesta concusi\u00f3n y peculado. Una serie de fallas de forma hicieron que desde el Ejecutivo se cuestionara este pedido.<\/p>\n<p>Es por esto que, en el mismo comunicado oficial, se expone que la defensa del Presidente est\u00e1 jur\u00eddicamente fundamentada para \u201cdesmontar mentiras creadas para sustentar un juicio pol\u00edtico\u201d. Y asegura que no se debe confundir la \u201cb\u00fasqueda desesperada y atemporal del poder, con el ejercicio democr\u00e1tico, donde cada uno decide \u2013 por mayor\u00eda- qui\u00e9n sea su gobernante\u201d.<\/p>\n<p>El Primer Poder del Estado hace un llamado a la ciudadan\u00eda a defender la estabilidad, institucionalidad y su derecho a elegir. Asimismo, destaca que es responsabilidad de los magistrados de la Corte defender el Estado constitucional de Derecho. Fuente: El Tel\u00e9grafo<\/p>\n","protected":false},"excerpt":{"rendered":"<p>Ante la Corte Constitucional, el presidente Guillermo Lasso present\u00f3 sus argumentos en defensa de la estabilidad e institucionalidad democr\u00e1tica de cada uno de los ecuatorianos. En un comunicado oficial, la Presidencia de la Rep\u00fablica explic\u00f3 los motivos por los que los connacionales deben defender la estabilidad democr\u00e1tica. La Presidencia destaca que no se puede crear bienestar para los ecuatorianos, sin un Estado de Derecho. \u201cLa democracia se defiende con m\u00e1s democracia\u201d, asegura el comunicado. Adem\u00e1s, se\u00f1ala que este derecho es la \u00fanica herramienta para que los ciudadanos decidan sobre su futuro. Esta acci\u00f3n se realiza como respuesta a la designaci\u00f3n, por parte de la Corte Constitucional, de la jueza Teresa Nuques como la encargada de revisar el pedido de juicio pol\u00edtico contra el presidente Lasso. Este es el segundo intento que el CAL admiti\u00f3 a tr\u00e1mite para el juicio pol\u00edtico al jefe de Estado, por supuesta concusi\u00f3n y peculado. Una serie de fallas de forma hicieron que desde el Ejecutivo se cuestionara este pedido. Es por esto que, en el mismo comunicado oficial, se expone que la defensa del Presidente est\u00e1 jur\u00eddicamente fundamentada para \u201cdesmontar mentiras creadas para sustentar un juicio pol\u00edtico\u201d. Y asegura que no se debe confundir la \u201cb\u00fasqueda desesperada y atemporal del poder, con el ejercicio democr\u00e1tico, donde cada uno decide \u2013 por mayor\u00eda- qui\u00e9n sea su gobernante\u201d. El Primer Poder del Estado hace un llamado a la ciudadan\u00eda a defender la estabilidad, institucionalidad y su derecho a elegir. Asimismo, destaca que es responsabilidad de los magistrados de la Corte defender el Estado constitucional de Derecho. Fuente: El Tel\u00e9grafo<\/p>\n","protected":false},"author":1,"featured_media":9107,"comment_status":"open","ping_status":"open","sticky":false,"template":"","format":"standard","meta":{"footnotes":""},"categories":[268],"tags":[],"class_list":["post-9106","post","type-post","status-publish","format-standard","has-post-thumbnail","hentry","category-nacionales"],"_links":{"self":[{"href":"https:\/\/www.elamazonico.com\/portal\/wp-json\/wp\/v2\/posts\/9106","targetHints":{"allow":["GET"]}}],"collection":[{"href":"https:\/\/www.elamazonico.com\/portal\/wp-json\/wp\/v2\/posts"}],"about":[{"href":"https:\/\/www.elamazonico.com\/portal\/wp-json\/wp\/v2\/types\/post"}],"author":[{"embeddable":true,"href":"https:\/\/www.elamazonico.com\/portal\/wp-json\/wp\/v2\/users\/1"}],"replies":[{"embeddable":true,"href":"https:\/\/www.elamazonico.com\/portal\/wp-json\/wp\/v2\/comments?post=9106"}],"version-history":[{"count":2,"href":"https:\/\/www.elamazonico.com\/portal\/wp-json\/wp\/v2\/posts\/9106\/revisions"}],"predecessor-version":[{"id":9109,"href":"https:\/\/www.elamazonico.com\/portal\/wp-json\/wp\/v2\/posts\/9106\/revisions\/9109"}],"wp:featuredmedia":[{"embeddable":true,"href":"https:\/\/www.elamazonico.com\/portal\/wp-json\/wp\/v2\/media\/9107"}],"wp:attachment":[{"href":"https:\/\/www.elamazonico.com\/portal\/wp-json\/wp\/v2\/media?parent=9106"}],"wp:term":[{"taxonomy":"category","embeddable":true,"href":"https:\/\/www.elamazonico.com\/portal\/wp-json\/wp\/v2\/categories?post=9106"},{"taxonomy":"post_tag","embeddable":true,"href":"https:\/\/www.elamazonico.com\/portal\/wp-json\/wp\/v2\/tags?post=9106"}],"curies":[{"name":"wp","href":"https:\/\/api.w.org\/{rel}","templated":true}]}}