{"id":9095,"date":"2023-03-24T10:22:18","date_gmt":"2023-03-24T15:22:18","guid":{"rendered":"https:\/\/www.elamazonico.com\/portal\/?p=9095"},"modified":"2023-03-24T10:27:28","modified_gmt":"2023-03-24T15:27:28","slug":"a-menos-de-10-dias-dos-personas-mas-sufrieron-otro-atentado-en-yantzaza","status":"publish","type":"post","link":"https:\/\/www.elamazonico.com\/portal\/a-menos-de-10-dias-dos-personas-mas-sufrieron-otro-atentado-en-yantzaza\/","title":{"rendered":"A menos de 10 d\u00edas dos personas m\u00e1s sufrieron otro atentado en Yantzaza"},"content":{"rendered":"<p>En horas de la noche del pasado 23 de marzo, mientras un grupo de j\u00f3venes platicaban en un veh\u00edculo a eso de las 23h00 en la avenida Perimetral de la ciudad de Yantzaza, fueron atacados con un arma de fuego por tres personas que, a bordo de un autom\u00f3vil, procedieron a dispararles por tres ocasiones para despu\u00e9s marcharse.<\/p>\n<p>El Ecu 911 recibi\u00f3 una llamada de alerta por lo que, Polic\u00eda Nacional habr\u00eda avanzado hasta el lugar de los hechos donde encontr\u00f3 una persona de sexo masculino de 28 a\u00f1os de edad con una herida en la zona del abdomen, mientras que otra persona de 30 a\u00f1os ya hab\u00eda sido llevada al hospital, misma que presentaba una herida en su extremidad inferior derecha, es el relato de una de sus acompa\u00f1antes.<\/p>\n<p>Una vez realizada las pericias correspondientes, con el personal de Criminal\u00edstica y la Polic\u00eda Judicial recogieron varios indicios como 02 testigos bal\u00edsticos. La Polic\u00eda Nacional se encuentra recabando informaci\u00f3n para dar con los responsables de este hecho.<\/p>\n<p>Cabe indicar que este ser\u00eda un nuevo ataque a menos de 10 d\u00edas del perpetrado en esa misma localidad. En d\u00edas anteriores se realiz\u00f3 un ataque en contra de tres j\u00f3venes, quienes se est\u00e1n recuperando. La ciudadan\u00eda se encuentra en zozobra al evidenciar los hechos que atentan contra la seguridad ciudadana. Las dos ciudades que han sufrido este tipo de ataques en la provincia son Zamora y Yantzaza.<\/p>\n","protected":false},"excerpt":{"rendered":"<p>En horas de la noche del pasado 23 de marzo, mientras un grupo de j\u00f3venes platicaban en un veh\u00edculo a eso de las 23h00 en la avenida Perimetral de la ciudad de Yantzaza, fueron atacados con un arma de fuego por tres personas que, a bordo de un autom\u00f3vil, procedieron a dispararles por tres ocasiones para despu\u00e9s marcharse. El Ecu 911 recibi\u00f3 una llamada de alerta por lo que, Polic\u00eda Nacional habr\u00eda avanzado hasta el lugar de los hechos donde encontr\u00f3 una persona de sexo masculino de 28 a\u00f1os de edad con una herida en la zona del abdomen, mientras que otra persona de 30 a\u00f1os ya hab\u00eda sido llevada al hospital, misma que presentaba una herida en su extremidad inferior derecha, es el relato de una de sus acompa\u00f1antes. Una vez realizada las pericias correspondientes, con el personal de Criminal\u00edstica y la Polic\u00eda Judicial recogieron varios indicios como 02 testigos bal\u00edsticos. La Polic\u00eda Nacional se encuentra recabando informaci\u00f3n para dar con los responsables de este hecho. Cabe indicar que este ser\u00eda un nuevo ataque a menos de 10 d\u00edas del perpetrado en esa misma localidad. En d\u00edas anteriores se realiz\u00f3 un ataque en contra de tres j\u00f3venes, quienes se est\u00e1n recuperando. La ciudadan\u00eda se encuentra en zozobra al evidenciar los hechos que atentan contra la seguridad ciudadana. Las dos ciudades que han sufrido este tipo de ataques en la provincia son Zamora y Yantzaza.<\/p>\n","protected":false},"author":1,"featured_media":9098,"comment_status":"open","ping_status":"open","sticky":false,"template":"","format":"standard","meta":{"footnotes":""},"categories":[243],"tags":[],"class_list":["post-9095","post","type-post","status-publish","format-standard","has-post-thumbnail","hentry","category-noticias-zamora"],"_links":{"self":[{"href":"https:\/\/www.elamazonico.com\/portal\/wp-json\/wp\/v2\/posts\/9095","targetHints":{"allow":["GET"]}}],"collection":[{"href":"https:\/\/www.elamazonico.com\/portal\/wp-json\/wp\/v2\/posts"}],"about":[{"href":"https:\/\/www.elamazonico.com\/portal\/wp-json\/wp\/v2\/types\/post"}],"author":[{"embeddable":true,"href":"https:\/\/www.elamazonico.com\/portal\/wp-json\/wp\/v2\/users\/1"}],"replies":[{"embeddable":true,"href":"https:\/\/www.elamazonico.com\/portal\/wp-json\/wp\/v2\/comments?post=9095"}],"version-history":[{"count":1,"href":"https:\/\/www.elamazonico.com\/portal\/wp-json\/wp\/v2\/posts\/9095\/revisions"}],"predecessor-version":[{"id":9097,"href":"https:\/\/www.elamazonico.com\/portal\/wp-json\/wp\/v2\/posts\/9095\/revisions\/9097"}],"wp:featuredmedia":[{"embeddable":true,"href":"https:\/\/www.elamazonico.com\/portal\/wp-json\/wp\/v2\/media\/9098"}],"wp:attachment":[{"href":"https:\/\/www.elamazonico.com\/portal\/wp-json\/wp\/v2\/media?parent=9095"}],"wp:term":[{"taxonomy":"category","embeddable":true,"href":"https:\/\/www.elamazonico.com\/portal\/wp-json\/wp\/v2\/categories?post=9095"},{"taxonomy":"post_tag","embeddable":true,"href":"https:\/\/www.elamazonico.com\/portal\/wp-json\/wp\/v2\/tags?post=9095"}],"curies":[{"name":"wp","href":"https:\/\/api.w.org\/{rel}","templated":true}]}}