{"id":9092,"date":"2023-03-24T10:15:12","date_gmt":"2023-03-24T15:15:12","guid":{"rendered":"https:\/\/www.elamazonico.com\/portal\/?p=9092"},"modified":"2023-03-24T10:15:12","modified_gmt":"2023-03-24T15:15:12","slug":"gobierno-nacional-activa-protocolos-en-carcel-de-loja-el-centro-esta-bajo-control","status":"publish","type":"post","link":"https:\/\/www.elamazonico.com\/portal\/gobierno-nacional-activa-protocolos-en-carcel-de-loja-el-centro-esta-bajo-control\/","title":{"rendered":"Gobierno Nacional activa protocolos en c\u00e1rcel de Loja; el centro est\u00e1 bajo control"},"content":{"rendered":"<p>El\u00a0Servicio Nacional de Atenci\u00f3n Integral a Personas Adultas Privadas de la Libertad y a Adolescentes Infractores (SNAI) inform\u00f3 que ante los incidentes registrados en el centro de privaci\u00f3n de libertad Loja N\u00b01 se han activado los protocolos de seguridad. Lo inform\u00f3 a trav\u00e9s de su cuenta de Twitter este viernes, 24 de marzo de 2023.<\/p>\n<p>Producto de esta acci\u00f3n inmediata, el centro se encuentra bajo control de las fuerzas del orden:\u00a0\u00a0Polic\u00eda Nacional y las Fuerzas Armadas.<\/p>\n<p>El SNAI tambi\u00e9n inform\u00f3 que no se registraron fallecidos ni heridos.<\/p>\n<p>https:\/\/twitter.com\/SNAI_Ec\/status\/1639231771903508482<\/p>\n<p>https:\/\/twitter.com\/SNAI_Ec\/status\/1639223718990819328<\/p>\n<p>&nbsp;<\/p>\n","protected":false},"excerpt":{"rendered":"<p>El\u00a0Servicio Nacional de Atenci\u00f3n Integral a Personas Adultas Privadas de la Libertad y a Adolescentes Infractores (SNAI) inform\u00f3 que ante los incidentes registrados en el centro de privaci\u00f3n de libertad Loja N\u00b01 se han activado los protocolos de seguridad. Lo inform\u00f3 a trav\u00e9s de su cuenta de Twitter este viernes, 24 de marzo de 2023. Producto de esta acci\u00f3n inmediata, el centro se encuentra bajo control de las fuerzas del orden:\u00a0\u00a0Polic\u00eda Nacional y las Fuerzas Armadas. El SNAI tambi\u00e9n inform\u00f3 que no se registraron fallecidos ni heridos. https:\/\/twitter.com\/SNAI_Ec\/status\/1639231771903508482 https:\/\/twitter.com\/SNAI_Ec\/status\/1639223718990819328 &nbsp;<\/p>\n","protected":false},"author":1,"featured_media":9093,"comment_status":"open","ping_status":"open","sticky":false,"template":"","format":"standard","meta":{"footnotes":""},"categories":[268,284,243],"tags":[],"class_list":["post-9092","post","type-post","status-publish","format-standard","has-post-thumbnail","hentry","category-nacionales","category-noticias-loja","category-noticias-zamora"],"_links":{"self":[{"href":"https:\/\/www.elamazonico.com\/portal\/wp-json\/wp\/v2\/posts\/9092","targetHints":{"allow":["GET"]}}],"collection":[{"href":"https:\/\/www.elamazonico.com\/portal\/wp-json\/wp\/v2\/posts"}],"about":[{"href":"https:\/\/www.elamazonico.com\/portal\/wp-json\/wp\/v2\/types\/post"}],"author":[{"embeddable":true,"href":"https:\/\/www.elamazonico.com\/portal\/wp-json\/wp\/v2\/users\/1"}],"replies":[{"embeddable":true,"href":"https:\/\/www.elamazonico.com\/portal\/wp-json\/wp\/v2\/comments?post=9092"}],"version-history":[{"count":1,"href":"https:\/\/www.elamazonico.com\/portal\/wp-json\/wp\/v2\/posts\/9092\/revisions"}],"predecessor-version":[{"id":9094,"href":"https:\/\/www.elamazonico.com\/portal\/wp-json\/wp\/v2\/posts\/9092\/revisions\/9094"}],"wp:featuredmedia":[{"embeddable":true,"href":"https:\/\/www.elamazonico.com\/portal\/wp-json\/wp\/v2\/media\/9093"}],"wp:attachment":[{"href":"https:\/\/www.elamazonico.com\/portal\/wp-json\/wp\/v2\/media?parent=9092"}],"wp:term":[{"taxonomy":"category","embeddable":true,"href":"https:\/\/www.elamazonico.com\/portal\/wp-json\/wp\/v2\/categories?post=9092"},{"taxonomy":"post_tag","embeddable":true,"href":"https:\/\/www.elamazonico.com\/portal\/wp-json\/wp\/v2\/tags?post=9092"}],"curies":[{"name":"wp","href":"https:\/\/api.w.org\/{rel}","templated":true}]}}