{"id":9080,"date":"2023-03-23T11:08:50","date_gmt":"2023-03-23T16:08:50","guid":{"rendered":"https:\/\/www.elamazonico.com\/portal\/?p=9080"},"modified":"2023-03-23T11:20:57","modified_gmt":"2023-03-23T16:20:57","slug":"varios-alcalde-de-zamora-chinchipe-mantuvieron-reunion-con-carlos-zabala","status":"publish","type":"post","link":"https:\/\/www.elamazonico.com\/portal\/varios-alcalde-de-zamora-chinchipe-mantuvieron-reunion-con-carlos-zabala\/","title":{"rendered":"Seis alcaldes de Zamora Chinchipe mantuvieron reuni\u00f3n con Carlos Zabala"},"content":{"rendered":"<p>Para la Secretar\u00eda T\u00e9cnica y el Consejo de Planificaci\u00f3n y Desarrollo de la Amazon\u00eda es fundamental generar espacios de socializaci\u00f3n con los representantes de los Gobiernos Aut\u00f3nomos Descentralizados de la Regi\u00f3n Amaz\u00f3nica.<\/p>\n<p>\u201cLa tarea que tengo como Presidente del Consejo es la articulaci\u00f3n de la pol\u00edtica p\u00fablica y en ese contexto, hoy es importante que las autoridades electas sepan nuestras competencias y c\u00f3mo podemos aportar a la Amazon\u00eda\u201d, destac\u00f3 Carlos Zabala, presidente del Consejo Amaz\u00f3nico.<\/p>\n<p>Este espacio permiti\u00f3 a las autoridades electas conocer las competencias de la Secretar\u00eda T\u00e9cnica de la Amazon\u00eda, la forma de acceder el Fondo Com\u00fan, y la inversi\u00f3n realizada en el periodo 2021- 2022, que asciende a m\u00e1s de USD 91 millones destinados a saneamiento ambiental, vialidad, alcantarillado, conectividad, infraestructura entre otros.<\/p>\n<p>\u201cEstos espacios son fundamentales para articular acciones entre las diferentes instituciones que intervenimos en la Amazon\u00eda, y los diferentes niveles de gobierno, pues son quienes tienen la competencia en territorio\u201d, acot\u00f3 la Secretaria T\u00e9cnica de la Amazonia, Silvia Santi.<\/p>\n<p>Al evento se dieron cita cerca de 40 participantes entre prefectos y alcaldes electos, que ratificaron su voluntad de unir esfuerzos para el desarrollo de la regi\u00f3n.<\/p>\n","protected":false},"excerpt":{"rendered":"<p>Para la Secretar\u00eda T\u00e9cnica y el Consejo de Planificaci\u00f3n y Desarrollo de la Amazon\u00eda es fundamental generar espacios de socializaci\u00f3n con los representantes de los Gobiernos Aut\u00f3nomos Descentralizados de la Regi\u00f3n Amaz\u00f3nica. \u201cLa tarea que tengo como Presidente del Consejo es la articulaci\u00f3n de la pol\u00edtica p\u00fablica y en ese contexto, hoy es importante que las autoridades electas sepan nuestras competencias y c\u00f3mo podemos aportar a la Amazon\u00eda\u201d, destac\u00f3 Carlos Zabala, presidente del Consejo Amaz\u00f3nico. Este espacio permiti\u00f3 a las autoridades electas conocer las competencias de la Secretar\u00eda T\u00e9cnica de la Amazon\u00eda, la forma de acceder el Fondo Com\u00fan, y la inversi\u00f3n realizada en el periodo 2021- 2022, que asciende a m\u00e1s de USD 91 millones destinados a saneamiento ambiental, vialidad, alcantarillado, conectividad, infraestructura entre otros. \u201cEstos espacios son fundamentales para articular acciones entre las diferentes instituciones que intervenimos en la Amazon\u00eda, y los diferentes niveles de gobierno, pues son quienes tienen la competencia en territorio\u201d, acot\u00f3 la Secretaria T\u00e9cnica de la Amazonia, Silvia Santi. Al evento se dieron cita cerca de 40 participantes entre prefectos y alcaldes electos, que ratificaron su voluntad de unir esfuerzos para el desarrollo de la regi\u00f3n.<\/p>\n","protected":false},"author":1,"featured_media":9081,"comment_status":"open","ping_status":"open","sticky":false,"template":"","format":"standard","meta":{"footnotes":""},"categories":[285,243],"tags":[],"class_list":["post-9080","post","type-post","status-publish","format-standard","has-post-thumbnail","hentry","category-noticias-amazonia","category-noticias-zamora"],"_links":{"self":[{"href":"https:\/\/www.elamazonico.com\/portal\/wp-json\/wp\/v2\/posts\/9080","targetHints":{"allow":["GET"]}}],"collection":[{"href":"https:\/\/www.elamazonico.com\/portal\/wp-json\/wp\/v2\/posts"}],"about":[{"href":"https:\/\/www.elamazonico.com\/portal\/wp-json\/wp\/v2\/types\/post"}],"author":[{"embeddable":true,"href":"https:\/\/www.elamazonico.com\/portal\/wp-json\/wp\/v2\/users\/1"}],"replies":[{"embeddable":true,"href":"https:\/\/www.elamazonico.com\/portal\/wp-json\/wp\/v2\/comments?post=9080"}],"version-history":[{"count":3,"href":"https:\/\/www.elamazonico.com\/portal\/wp-json\/wp\/v2\/posts\/9080\/revisions"}],"predecessor-version":[{"id":9084,"href":"https:\/\/www.elamazonico.com\/portal\/wp-json\/wp\/v2\/posts\/9080\/revisions\/9084"}],"wp:featuredmedia":[{"embeddable":true,"href":"https:\/\/www.elamazonico.com\/portal\/wp-json\/wp\/v2\/media\/9081"}],"wp:attachment":[{"href":"https:\/\/www.elamazonico.com\/portal\/wp-json\/wp\/v2\/media?parent=9080"}],"wp:term":[{"taxonomy":"category","embeddable":true,"href":"https:\/\/www.elamazonico.com\/portal\/wp-json\/wp\/v2\/categories?post=9080"},{"taxonomy":"post_tag","embeddable":true,"href":"https:\/\/www.elamazonico.com\/portal\/wp-json\/wp\/v2\/tags?post=9080"}],"curies":[{"name":"wp","href":"https:\/\/api.w.org\/{rel}","templated":true}]}}