{"id":9077,"date":"2023-03-23T10:59:22","date_gmt":"2023-03-23T15:59:22","guid":{"rendered":"https:\/\/www.elamazonico.com\/portal\/?p=9077"},"modified":"2023-03-23T10:59:22","modified_gmt":"2023-03-23T15:59:22","slug":"como-se-sanciona-a-menores-que-cometen-delitos-sexuales-en-ecuador","status":"publish","type":"post","link":"https:\/\/www.elamazonico.com\/portal\/como-se-sanciona-a-menores-que-cometen-delitos-sexuales-en-ecuador\/","title":{"rendered":"\u00bfC\u00f3mo se sanciona a menores que cometen delitos sexuales en Ecuador?"},"content":{"rendered":"<p>La Polic\u00eda investiga un\u00a0presunto\u00a0<strong>delito de abuso sexual perpetrado en un centro educativo de Quito.<\/strong>\u00a0La v\u00edctima ser\u00eda un alumno de esa instituci\u00f3n.<\/p>\n<p>La Subsecretar\u00eda de Educaci\u00f3n del Distrito Metropolitano de Quito\u00a0se\u00f1al\u00f3 que ya\u00a0<strong>se present\u00f3 una denuncia en la Fiscal\u00eda para que se investigue este caso.\u00a0<\/strong><\/p>\n<p>Seg\u00fan los primeros reportes,\u00a0<strong>el menor fue abusado sexualmente por otros\u00a0dos estudiantes encapuchados\u00a0en un ba\u00f1o de la instituci\u00f3n.\u00a0<\/strong>Adem\u00e1s, fue amenazado para que no denunciara el hecho.<\/p>\n<p>De hecho, la Polic\u00eda se\u00f1al\u00f3 que el presunto delito se conoci\u00f3 el\u00a0martes 21 de marzo de 2023 y se\u00a0<strong>realizaron las primeras diligencias investigativas para esclarecer el hecho.\u00a0<\/strong><\/p>\n<h2 id=\"h-tipos-de-sanciones-a-menores-de-edad\"><strong>Tipos de sanciones a menores de edad\u00a0<\/strong><\/h2>\n<p>El art\u00edculo 361 del C\u00f3digo Integral Penal (COIP) se\u00f1ala que\u00a0<strong>cuando\u00a0un adolescente es se\u00f1alado como el responsable de un delito,\u00a0<\/strong>un magistrado especializado en adolescentes infractores dictar\u00e1 sentencia y<strong>\u00a0le impondr\u00e1 una medida socioeducativa y la reparaci\u00f3n integral a la v\u00edctima. \u00a0\u00a0<\/strong><\/p>\n<p>Seg\u00fan la normativa penal, existen\u00a0<strong>medidas socioeducativas privativas y no privativas de libertad.\u00a0<\/strong>Las medidas socioeducativas no privativas de libertad son: la amonestaci\u00f3n, la imposici\u00f3n de reglas de conducta, la orientaci\u00f3n y apoyo psico-socio familiar, el servicio a la comunidad, y la libertad asistida.<\/p>\n<p>En cambio, las medidas\u00a0socioeducativas privativas de libertad\u00a0son: el internamiento domiciliario, el internamiento de fin de semana, el internamiento con r\u00e9gimen semiabierto y el\u00a0internamiento Institucional. Este \u00faltimo consiste en la privaci\u00f3n total de la libertad del adolescente en un centro de adolescentes infractores.<\/p>\n<h2 id=\"h-como-se-aplican-las-medidas-socioeducativas-en-delitos\"><strong>\u00bfC\u00f3mo se aplican las medidas socioeducativas en delitos?\u00a0<\/strong><\/h2>\n<p>Seg\u00fan el art\u00edculo 385 del C\u00f3digo de la Ni\u00f1ez y Adolescencia, las medidas socioeducativas aplicables a los il\u00edcitos sancionados en el C\u00f3digo Integral Penal son:<\/p>\n<p><strong>1.<\/strong>\u00a0Para\u00a0<strong>delitos sancionados con pena privativa de libertad de m\u00e1s de un mes hasta cinco a\u00f1os, se aplicar\u00e1 la medida de amonestaci\u00f3n y una o m\u00e1s de las siguientes medidas:<\/strong>\u00a0Imposici\u00f3n de reglas de conducta de uno a seis meses, orientaci\u00f3n y apoyo psico socio familiar de tres a seis meses.<\/p>\n<p>Adem\u00e1s, otras opciones son: brindar servicios a la comunidad de uno a seis meses, libertad asistida de tres meses a un a\u00f1o, internamiento domiciliario de tres meses a un a\u00f1o, internamiento de fin de semana de uno a seis meses o internamiento con r\u00e9gimen semiabierto de tres meses a un a\u00f1o.<\/p>\n<p><strong>2.<\/strong>\u00a0Para los<strong>\u00a0il\u00edcitos sancionados con pena privativa de libertad superior a cinco a\u00f1os y hasta diez a\u00f1os, se aplicar\u00e1 la medida de amonestaci\u00f3n y una de las siguientes medidas:<\/strong>\u00a0internamiento domiciliario de seis meses a un a\u00f1o, internamiento de fin de semana de seis meses a un a\u00f1o, internamiento con r\u00e9gimen semiabierto de seis meses a dos a\u00f1os o internamiento\u00a0institucional de uno a cuatro a\u00f1os.<\/p>\n<p><strong>3.<\/strong>\u00a0En cambio, para<strong>\u00a0los\u00a0delitos sancionados con pena privativa de libertad superior a diez a\u00f1os, se aplicar\u00e1 la medida de amonestaci\u00f3n e internamiento institucional\u00a0<\/strong>(permanecer recluido en un centro de adolescentes infractores)\u00a0<strong>de cuatro a ocho a\u00f1os. <\/strong>Fuente: El Comercio<\/p>\n","protected":false},"excerpt":{"rendered":"<p>La Polic\u00eda investiga un\u00a0presunto\u00a0delito de abuso sexual perpetrado en un centro educativo de Quito.\u00a0La v\u00edctima ser\u00eda un alumno de esa instituci\u00f3n. La Subsecretar\u00eda de Educaci\u00f3n del Distrito Metropolitano de Quito\u00a0se\u00f1al\u00f3 que ya\u00a0se present\u00f3 una denuncia en la Fiscal\u00eda para que se investigue este caso.\u00a0 Seg\u00fan los primeros reportes,\u00a0el menor fue abusado sexualmente por otros\u00a0dos estudiantes encapuchados\u00a0en un ba\u00f1o de la instituci\u00f3n.\u00a0Adem\u00e1s, fue amenazado para que no denunciara el hecho. De hecho, la Polic\u00eda se\u00f1al\u00f3 que el presunto delito se conoci\u00f3 el\u00a0martes 21 de marzo de 2023 y se\u00a0realizaron las primeras diligencias investigativas para esclarecer el hecho.\u00a0 Tipos de sanciones a menores de edad\u00a0 El art\u00edculo 361 del C\u00f3digo Integral Penal (COIP) se\u00f1ala que\u00a0cuando\u00a0un adolescente es se\u00f1alado como el responsable de un delito,\u00a0un magistrado especializado en adolescentes infractores dictar\u00e1 sentencia y\u00a0le impondr\u00e1 una medida socioeducativa y la reparaci\u00f3n integral a la v\u00edctima. \u00a0\u00a0 Seg\u00fan la normativa penal, existen\u00a0medidas socioeducativas privativas y no privativas de libertad.\u00a0Las medidas socioeducativas no privativas de libertad son: la amonestaci\u00f3n, la imposici\u00f3n de reglas de conducta, la orientaci\u00f3n y apoyo psico-socio familiar, el servicio a la comunidad, y la libertad asistida. En cambio, las medidas\u00a0socioeducativas privativas de libertad\u00a0son: el internamiento domiciliario, el internamiento de fin de semana, el internamiento con r\u00e9gimen semiabierto y el\u00a0internamiento Institucional. Este \u00faltimo consiste en la privaci\u00f3n total de la libertad del adolescente en un centro de adolescentes infractores. \u00bfC\u00f3mo se aplican las medidas socioeducativas en delitos?\u00a0 Seg\u00fan el art\u00edculo 385 del C\u00f3digo de la Ni\u00f1ez y Adolescencia, las medidas socioeducativas aplicables a los il\u00edcitos sancionados en el C\u00f3digo Integral Penal son: 1.\u00a0Para\u00a0delitos sancionados con pena privativa de libertad de m\u00e1s de un mes hasta cinco a\u00f1os, se aplicar\u00e1 la medida de amonestaci\u00f3n y una o m\u00e1s de las siguientes medidas:\u00a0Imposici\u00f3n de reglas de conducta de uno a seis meses, orientaci\u00f3n y apoyo psico socio familiar de tres a seis meses. Adem\u00e1s, otras opciones son: brindar servicios a la comunidad de uno a seis meses, libertad asistida de tres meses a un a\u00f1o, internamiento domiciliario de tres meses a un a\u00f1o, internamiento de fin de semana de uno a seis meses o internamiento con r\u00e9gimen semiabierto de tres meses a un a\u00f1o. 2.\u00a0Para los\u00a0il\u00edcitos sancionados con pena privativa de libertad superior a cinco a\u00f1os y hasta diez a\u00f1os, se aplicar\u00e1 la medida de amonestaci\u00f3n y una de las siguientes medidas:\u00a0internamiento domiciliario de seis meses a un a\u00f1o, internamiento de fin de semana de seis meses a un a\u00f1o, internamiento con r\u00e9gimen semiabierto de seis meses a dos a\u00f1os o internamiento\u00a0institucional de uno a cuatro a\u00f1os. 3.\u00a0En cambio, para\u00a0los\u00a0delitos sancionados con pena privativa de libertad superior a diez a\u00f1os, se aplicar\u00e1 la medida de amonestaci\u00f3n e internamiento institucional\u00a0(permanecer recluido en un centro de adolescentes infractores)\u00a0de cuatro a ocho a\u00f1os. Fuente: El Comercio<\/p>\n","protected":false},"author":1,"featured_media":9078,"comment_status":"open","ping_status":"open","sticky":false,"template":"","format":"standard","meta":{"footnotes":""},"categories":[268],"tags":[],"class_list":["post-9077","post","type-post","status-publish","format-standard","has-post-thumbnail","hentry","category-nacionales"],"_links":{"self":[{"href":"https:\/\/www.elamazonico.com\/portal\/wp-json\/wp\/v2\/posts\/9077","targetHints":{"allow":["GET"]}}],"collection":[{"href":"https:\/\/www.elamazonico.com\/portal\/wp-json\/wp\/v2\/posts"}],"about":[{"href":"https:\/\/www.elamazonico.com\/portal\/wp-json\/wp\/v2\/types\/post"}],"author":[{"embeddable":true,"href":"https:\/\/www.elamazonico.com\/portal\/wp-json\/wp\/v2\/users\/1"}],"replies":[{"embeddable":true,"href":"https:\/\/www.elamazonico.com\/portal\/wp-json\/wp\/v2\/comments?post=9077"}],"version-history":[{"count":1,"href":"https:\/\/www.elamazonico.com\/portal\/wp-json\/wp\/v2\/posts\/9077\/revisions"}],"predecessor-version":[{"id":9079,"href":"https:\/\/www.elamazonico.com\/portal\/wp-json\/wp\/v2\/posts\/9077\/revisions\/9079"}],"wp:featuredmedia":[{"embeddable":true,"href":"https:\/\/www.elamazonico.com\/portal\/wp-json\/wp\/v2\/media\/9078"}],"wp:attachment":[{"href":"https:\/\/www.elamazonico.com\/portal\/wp-json\/wp\/v2\/media?parent=9077"}],"wp:term":[{"taxonomy":"category","embeddable":true,"href":"https:\/\/www.elamazonico.com\/portal\/wp-json\/wp\/v2\/categories?post=9077"},{"taxonomy":"post_tag","embeddable":true,"href":"https:\/\/www.elamazonico.com\/portal\/wp-json\/wp\/v2\/tags?post=9077"}],"curies":[{"name":"wp","href":"https:\/\/api.w.org\/{rel}","templated":true}]}}