{"id":9074,"date":"2023-03-23T10:53:00","date_gmt":"2023-03-23T15:53:00","guid":{"rendered":"https:\/\/www.elamazonico.com\/portal\/?p=9074"},"modified":"2023-03-23T10:53:00","modified_gmt":"2023-03-23T15:53:00","slug":"pabel-munoz-no-deben-ser-las-calles-las-que-hablen-sino-la-institucionalidad","status":"publish","type":"post","link":"https:\/\/www.elamazonico.com\/portal\/pabel-munoz-no-deben-ser-las-calles-las-que-hablen-sino-la-institucionalidad\/","title":{"rendered":"Pabel Mu\u00f1oz: &#8216;No deben ser las calles las que hablen sino la institucionalidad&#8217;"},"content":{"rendered":"<p>El alcalde electo de Quito,\u00a0<strong>Pabel Mu\u00f1oz\u00a0<\/strong>(Revoluci\u00f3n Ciudadana), considera que los conflictos pol\u00edticos que enfrenta el pa\u00eds deben resolverse en lo institucional y legal.\u00a0<strong>Cuestiona la capacidad de Guillermo Lasso<\/strong>\u00a0para enfrentar la actual crisis pero, de ser necesario, est\u00e1 dispuesto a mediar.<\/p>\n<p>El pasado 5 de febrero,\u00a0<strong>Mu\u00f1oz\u00a0<\/strong>gan\u00f3 la Alcald\u00eda de Quito con el 25% de la votaci\u00f3n. Se impuso al exalcalde Jorge Yunda (Pachakutik) y Pedro Jos\u00e9 Freile (Alianza UIO). Ejercer\u00e1 el cargo desde el pr\u00f3ximo 14 de mayo por los pr\u00f3ximos cuatro a\u00f1os. Con su voto, el\u00a0<strong>corre\u00edsmo<\/strong>\u00a0es el bloque con mayor n\u00famero de ediles en el Concejo Metropolitano (ocho en total).<\/p>\n<h2 id=\"h-tres-puntos-en-la-agenda-de-pabel-munoz\">Tres puntos en la agenda de Pabel Mu\u00f1oz<\/h2>\n<p>Apunta a\u00a0<strong>tres temas urgentes<\/strong>. El primero tiene que ver con una\u00a0<strong>legalizaci\u00f3n masiva de b<\/strong>arrios. Aunque la cifra exacta de sectores informales no s\u00e9 conoce, Mu\u00f1oz habla de, al menos, 400.<\/p>\n<p>Su segundo eje tiene que ver con la\u00a0<strong>movilidad<\/strong>. Plantea perfeccionar la actual Ordenanza que fij\u00f3 el costo de los pasajes y la reorganizaci\u00f3n de las rutas y frecuencias. Dice que para la reorganizaci\u00f3n del transporte en superficie ser\u00e1 importante la informaci\u00f3n que provenga del sistema unificado de recaudo.<\/p>\n<p>En tercer lugar est\u00e1 la promoci\u00f3n para la\u00a0<strong>inversi\u00f3n en Quito<\/strong>. Un sector importante ser\u00e1 el de la construcci\u00f3n. Sin embargo, plantea que es el Municipio el que debe emitir las reglas para esas construcciones.<\/p>\n<h2 id=\"h-pabel-munoz-habla-sobre-la-politica\">Pabel Mu\u00f1oz habla sobre la pol\u00edtica<\/h2>\n<p>Respecto a la situaci\u00f3n del\u00a0<strong>Gobierno Central<\/strong>, Pabel Mu\u00f1oz manifiesta que no se puede tratar c\u00f3mo democr\u00e1tico al Presidente Guillermo Lasso si habla de usar mecanismos como la Muerte Cruzada mientras se cataloga de golpista a la Asamblea por el proceso de<strong>\u00a0juicio pol\u00edtico<\/strong>.<\/p>\n<p>Sin embargo, considera que la salida debe ser\u00a0<strong>institucional y legal.<\/strong>\u00a0No cree que las calles deben ser las que hablen. Esto en referencia al anuncio ya hecho por varios sectores sobre la posibilidad de movilizaciones para presionar por la salida de Lasso. \u00abNo deben ser las calles las que hablen sino la institucionalidad\u00bb, asegur\u00f3 en el di\u00e1logo con EL COMERCIO.<\/p>\n","protected":false},"excerpt":{"rendered":"<p>El alcalde electo de Quito,\u00a0Pabel Mu\u00f1oz\u00a0(Revoluci\u00f3n Ciudadana), considera que los conflictos pol\u00edticos que enfrenta el pa\u00eds deben resolverse en lo institucional y legal.\u00a0Cuestiona la capacidad de Guillermo Lasso\u00a0para enfrentar la actual crisis pero, de ser necesario, est\u00e1 dispuesto a mediar. El pasado 5 de febrero,\u00a0Mu\u00f1oz\u00a0gan\u00f3 la Alcald\u00eda de Quito con el 25% de la votaci\u00f3n. Se impuso al exalcalde Jorge Yunda (Pachakutik) y Pedro Jos\u00e9 Freile (Alianza UIO). Ejercer\u00e1 el cargo desde el pr\u00f3ximo 14 de mayo por los pr\u00f3ximos cuatro a\u00f1os. Con su voto, el\u00a0corre\u00edsmo\u00a0es el bloque con mayor n\u00famero de ediles en el Concejo Metropolitano (ocho en total). Tres puntos en la agenda de Pabel Mu\u00f1oz Apunta a\u00a0tres temas urgentes. El primero tiene que ver con una\u00a0legalizaci\u00f3n masiva de barrios. Aunque la cifra exacta de sectores informales no s\u00e9 conoce, Mu\u00f1oz habla de, al menos, 400. Su segundo eje tiene que ver con la\u00a0movilidad. Plantea perfeccionar la actual Ordenanza que fij\u00f3 el costo de los pasajes y la reorganizaci\u00f3n de las rutas y frecuencias. Dice que para la reorganizaci\u00f3n del transporte en superficie ser\u00e1 importante la informaci\u00f3n que provenga del sistema unificado de recaudo. En tercer lugar est\u00e1 la promoci\u00f3n para la\u00a0inversi\u00f3n en Quito. Un sector importante ser\u00e1 el de la construcci\u00f3n. Sin embargo, plantea que es el Municipio el que debe emitir las reglas para esas construcciones. Pabel Mu\u00f1oz habla sobre la pol\u00edtica Respecto a la situaci\u00f3n del\u00a0Gobierno Central, Pabel Mu\u00f1oz manifiesta que no se puede tratar c\u00f3mo democr\u00e1tico al Presidente Guillermo Lasso si habla de usar mecanismos como la Muerte Cruzada mientras se cataloga de golpista a la Asamblea por el proceso de\u00a0juicio pol\u00edtico. Sin embargo, considera que la salida debe ser\u00a0institucional y legal.\u00a0No cree que las calles deben ser las que hablen. Esto en referencia al anuncio ya hecho por varios sectores sobre la posibilidad de movilizaciones para presionar por la salida de Lasso. \u00abNo deben ser las calles las que hablen sino la institucionalidad\u00bb, asegur\u00f3 en el di\u00e1logo con EL COMERCIO.<\/p>\n","protected":false},"author":1,"featured_media":9075,"comment_status":"open","ping_status":"open","sticky":false,"template":"","format":"standard","meta":{"footnotes":""},"categories":[268],"tags":[],"class_list":["post-9074","post","type-post","status-publish","format-standard","has-post-thumbnail","hentry","category-nacionales"],"_links":{"self":[{"href":"https:\/\/www.elamazonico.com\/portal\/wp-json\/wp\/v2\/posts\/9074","targetHints":{"allow":["GET"]}}],"collection":[{"href":"https:\/\/www.elamazonico.com\/portal\/wp-json\/wp\/v2\/posts"}],"about":[{"href":"https:\/\/www.elamazonico.com\/portal\/wp-json\/wp\/v2\/types\/post"}],"author":[{"embeddable":true,"href":"https:\/\/www.elamazonico.com\/portal\/wp-json\/wp\/v2\/users\/1"}],"replies":[{"embeddable":true,"href":"https:\/\/www.elamazonico.com\/portal\/wp-json\/wp\/v2\/comments?post=9074"}],"version-history":[{"count":1,"href":"https:\/\/www.elamazonico.com\/portal\/wp-json\/wp\/v2\/posts\/9074\/revisions"}],"predecessor-version":[{"id":9076,"href":"https:\/\/www.elamazonico.com\/portal\/wp-json\/wp\/v2\/posts\/9074\/revisions\/9076"}],"wp:featuredmedia":[{"embeddable":true,"href":"https:\/\/www.elamazonico.com\/portal\/wp-json\/wp\/v2\/media\/9075"}],"wp:attachment":[{"href":"https:\/\/www.elamazonico.com\/portal\/wp-json\/wp\/v2\/media?parent=9074"}],"wp:term":[{"taxonomy":"category","embeddable":true,"href":"https:\/\/www.elamazonico.com\/portal\/wp-json\/wp\/v2\/categories?post=9074"},{"taxonomy":"post_tag","embeddable":true,"href":"https:\/\/www.elamazonico.com\/portal\/wp-json\/wp\/v2\/tags?post=9074"}],"curies":[{"name":"wp","href":"https:\/\/api.w.org\/{rel}","templated":true}]}}