{"id":9070,"date":"2023-03-23T10:17:06","date_gmt":"2023-03-23T15:17:06","guid":{"rendered":"https:\/\/www.elamazonico.com\/portal\/?p=9070"},"modified":"2023-03-23T10:17:06","modified_gmt":"2023-03-23T15:17:06","slug":"quispe-el-ecuador-esta-indignado-con-todo-lo-que-esta-pasando","status":"publish","type":"post","link":"https:\/\/www.elamazonico.com\/portal\/quispe-el-ecuador-esta-indignado-con-todo-lo-que-esta-pasando\/","title":{"rendered":"Quispe: &#8216;El Ecuador est\u00e1 indignado con todo lo que est\u00e1 pasando&#8217;"},"content":{"rendered":"<p>El d\u00eda de hoy, en el programa Vera A Su Manera, conducido por Carlos Vera, se llev\u00f3 a cabo una entrevista al asamble\u00edsta por Pachakutik, Salvador Quispe. Durante la entrevista, el asamble\u00edsta expres\u00f3 su preocupaci\u00f3n por la situaci\u00f3n actual del pa\u00eds y la falta de acci\u00f3n del gobierno.<\/p>\n<p>Quispe se\u00f1al\u00f3 que el gobierno de Ecuador se autodenomin\u00f3 como el \u00abGobierno del Encuentro\u00bb, pero a pesar de ello, no han logrado poner este enfoque al servicio de la gente. El asamble\u00edsta enfatiz\u00f3 que la ciudadan\u00eda est\u00e1 indignada con lo que est\u00e1 sucediendo en el pa\u00eds y que es necesario tomar medidas para cambiar esta situaci\u00f3n.<\/p>\n<p>Adem\u00e1s, Quispe mencion\u00f3 la obligaci\u00f3n que tienen todos los ecuatorianos de denunciar cualquier acto de corrupci\u00f3n ante la Fiscal\u00eda. En este sentido, el asamble\u00edsta se refiri\u00f3 al supuesto conocimiento que tendr\u00eda el presidente sobre el informe del Gran Padrino y su responsabilidad en este caso.<\/p>\n<p>Finalmente, Quispe destac\u00f3 la importancia de la unidad en la diversidad del Ecuador, ya que el pa\u00eds no es uniforme y es necesario trabajar juntos para enfrentar los desaf\u00edos actuales.<\/p>\n<p>La entrevista fue una oportunidad para que el asamble\u00edsta pudiera expresar sus preocupaciones y perspectivas sobre la situaci\u00f3n actual del pa\u00eds. (I)<\/p>\n<p>Fuente: Ecuadorenvivo<\/p>\n","protected":false},"excerpt":{"rendered":"<p>El d\u00eda de hoy, en el programa Vera A Su Manera, conducido por Carlos Vera, se llev\u00f3 a cabo una entrevista al asamble\u00edsta por Pachakutik, Salvador Quispe. Durante la entrevista, el asamble\u00edsta expres\u00f3 su preocupaci\u00f3n por la situaci\u00f3n actual del pa\u00eds y la falta de acci\u00f3n del gobierno. Quispe se\u00f1al\u00f3 que el gobierno de Ecuador se autodenomin\u00f3 como el \u00abGobierno del Encuentro\u00bb, pero a pesar de ello, no han logrado poner este enfoque al servicio de la gente. El asamble\u00edsta enfatiz\u00f3 que la ciudadan\u00eda est\u00e1 indignada con lo que est\u00e1 sucediendo en el pa\u00eds y que es necesario tomar medidas para cambiar esta situaci\u00f3n. Adem\u00e1s, Quispe mencion\u00f3 la obligaci\u00f3n que tienen todos los ecuatorianos de denunciar cualquier acto de corrupci\u00f3n ante la Fiscal\u00eda. En este sentido, el asamble\u00edsta se refiri\u00f3 al supuesto conocimiento que tendr\u00eda el presidente sobre el informe del Gran Padrino y su responsabilidad en este caso. Finalmente, Quispe destac\u00f3 la importancia de la unidad en la diversidad del Ecuador, ya que el pa\u00eds no es uniforme y es necesario trabajar juntos para enfrentar los desaf\u00edos actuales. La entrevista fue una oportunidad para que el asamble\u00edsta pudiera expresar sus preocupaciones y perspectivas sobre la situaci\u00f3n actual del pa\u00eds. (I) Fuente: Ecuadorenvivo<\/p>\n","protected":false},"author":1,"featured_media":9071,"comment_status":"open","ping_status":"open","sticky":false,"template":"","format":"standard","meta":{"footnotes":""},"categories":[268],"tags":[],"class_list":["post-9070","post","type-post","status-publish","format-standard","has-post-thumbnail","hentry","category-nacionales"],"_links":{"self":[{"href":"https:\/\/www.elamazonico.com\/portal\/wp-json\/wp\/v2\/posts\/9070","targetHints":{"allow":["GET"]}}],"collection":[{"href":"https:\/\/www.elamazonico.com\/portal\/wp-json\/wp\/v2\/posts"}],"about":[{"href":"https:\/\/www.elamazonico.com\/portal\/wp-json\/wp\/v2\/types\/post"}],"author":[{"embeddable":true,"href":"https:\/\/www.elamazonico.com\/portal\/wp-json\/wp\/v2\/users\/1"}],"replies":[{"embeddable":true,"href":"https:\/\/www.elamazonico.com\/portal\/wp-json\/wp\/v2\/comments?post=9070"}],"version-history":[{"count":1,"href":"https:\/\/www.elamazonico.com\/portal\/wp-json\/wp\/v2\/posts\/9070\/revisions"}],"predecessor-version":[{"id":9072,"href":"https:\/\/www.elamazonico.com\/portal\/wp-json\/wp\/v2\/posts\/9070\/revisions\/9072"}],"wp:featuredmedia":[{"embeddable":true,"href":"https:\/\/www.elamazonico.com\/portal\/wp-json\/wp\/v2\/media\/9071"}],"wp:attachment":[{"href":"https:\/\/www.elamazonico.com\/portal\/wp-json\/wp\/v2\/media?parent=9070"}],"wp:term":[{"taxonomy":"category","embeddable":true,"href":"https:\/\/www.elamazonico.com\/portal\/wp-json\/wp\/v2\/categories?post=9070"},{"taxonomy":"post_tag","embeddable":true,"href":"https:\/\/www.elamazonico.com\/portal\/wp-json\/wp\/v2\/tags?post=9070"}],"curies":[{"name":"wp","href":"https:\/\/api.w.org\/{rel}","templated":true}]}}