{"id":9067,"date":"2023-03-23T10:13:18","date_gmt":"2023-03-23T15:13:18","guid":{"rendered":"https:\/\/www.elamazonico.com\/portal\/?p=9067"},"modified":"2023-03-23T10:13:18","modified_gmt":"2023-03-23T15:13:18","slug":"se-han-identificado-a-239-nucleos-familiares-para-los-bonos-de-contingencia","status":"publish","type":"post","link":"https:\/\/www.elamazonico.com\/portal\/se-han-identificado-a-239-nucleos-familiares-para-los-bonos-de-contingencia\/","title":{"rendered":"Se han identificado a 239 n\u00facleos familiares para los Bonos de Contingencia"},"content":{"rendered":"<p>El ministro de Inclusi\u00f3n Econ\u00f3mica y Social, Esteban Bernal, inform\u00f3 este jueves que trabajan por las personas que fueron afectadas por el sismo registrado el pasado s\u00e1bado, 18 de marzo de 2023, en Ecuador.<\/p>\n<p>Explic\u00f3 que se dispuso la entrega de Bonos de Contingencia para personas damnificadas por eventos de origen natural, as\u00ed como se habilitaron albergues y entregaron kits de alimentos y vestimenta.<\/p>\n<p>&nbsp;<\/p>\n<p>Al momento, detall\u00f3, se han identificado a 239 n\u00facleos familiares como posibles beneficiarios de los Bonos de Contingencia y podr\u00e1n llegar a 500 los que reciban esta transferencia monetaria.<\/p>\n<p>En otro orden de ideas, manifest\u00f3 que el MIES a trav\u00e9s del programa ETI ha reducido el trabajo infantil y ha buscado de restituir los derechos de las ni\u00f1as, ni\u00f1os y adolescentes que ejercen esta actividad. Mientras que record\u00f3 que el programa \u00abVivo Joven\u00bb ha vinculado ya a 6.000 j\u00f3venes. (I)<\/p>\n<p>Fuente: Ecaudorenvivo<\/p>\n","protected":false},"excerpt":{"rendered":"<p>El ministro de Inclusi\u00f3n Econ\u00f3mica y Social, Esteban Bernal, inform\u00f3 este jueves que trabajan por las personas que fueron afectadas por el sismo registrado el pasado s\u00e1bado, 18 de marzo de 2023, en Ecuador. Explic\u00f3 que se dispuso la entrega de Bonos de Contingencia para personas damnificadas por eventos de origen natural, as\u00ed como se habilitaron albergues y entregaron kits de alimentos y vestimenta. &nbsp; Al momento, detall\u00f3, se han identificado a 239 n\u00facleos familiares como posibles beneficiarios de los Bonos de Contingencia y podr\u00e1n llegar a 500 los que reciban esta transferencia monetaria. En otro orden de ideas, manifest\u00f3 que el MIES a trav\u00e9s del programa ETI ha reducido el trabajo infantil y ha buscado de restituir los derechos de las ni\u00f1as, ni\u00f1os y adolescentes que ejercen esta actividad. Mientras que record\u00f3 que el programa \u00abVivo Joven\u00bb ha vinculado ya a 6.000 j\u00f3venes. (I) Fuente: Ecaudorenvivo<\/p>\n","protected":false},"author":1,"featured_media":9068,"comment_status":"open","ping_status":"open","sticky":false,"template":"","format":"standard","meta":{"footnotes":""},"categories":[268],"tags":[],"class_list":["post-9067","post","type-post","status-publish","format-standard","has-post-thumbnail","hentry","category-nacionales"],"_links":{"self":[{"href":"https:\/\/www.elamazonico.com\/portal\/wp-json\/wp\/v2\/posts\/9067","targetHints":{"allow":["GET"]}}],"collection":[{"href":"https:\/\/www.elamazonico.com\/portal\/wp-json\/wp\/v2\/posts"}],"about":[{"href":"https:\/\/www.elamazonico.com\/portal\/wp-json\/wp\/v2\/types\/post"}],"author":[{"embeddable":true,"href":"https:\/\/www.elamazonico.com\/portal\/wp-json\/wp\/v2\/users\/1"}],"replies":[{"embeddable":true,"href":"https:\/\/www.elamazonico.com\/portal\/wp-json\/wp\/v2\/comments?post=9067"}],"version-history":[{"count":1,"href":"https:\/\/www.elamazonico.com\/portal\/wp-json\/wp\/v2\/posts\/9067\/revisions"}],"predecessor-version":[{"id":9069,"href":"https:\/\/www.elamazonico.com\/portal\/wp-json\/wp\/v2\/posts\/9067\/revisions\/9069"}],"wp:featuredmedia":[{"embeddable":true,"href":"https:\/\/www.elamazonico.com\/portal\/wp-json\/wp\/v2\/media\/9068"}],"wp:attachment":[{"href":"https:\/\/www.elamazonico.com\/portal\/wp-json\/wp\/v2\/media?parent=9067"}],"wp:term":[{"taxonomy":"category","embeddable":true,"href":"https:\/\/www.elamazonico.com\/portal\/wp-json\/wp\/v2\/categories?post=9067"},{"taxonomy":"post_tag","embeddable":true,"href":"https:\/\/www.elamazonico.com\/portal\/wp-json\/wp\/v2\/tags?post=9067"}],"curies":[{"name":"wp","href":"https:\/\/api.w.org\/{rel}","templated":true}]}}