{"id":9063,"date":"2023-03-23T10:07:01","date_gmt":"2023-03-23T15:07:01","guid":{"rendered":"https:\/\/www.elamazonico.com\/portal\/?p=9063"},"modified":"2023-03-23T10:39:27","modified_gmt":"2023-03-23T15:39:27","slug":"zamorano-representara-al-pais-en-exposicion-de-pintura-en-francia","status":"publish","type":"post","link":"https:\/\/www.elamazonico.com\/portal\/zamorano-representara-al-pais-en-exposicion-de-pintura-en-francia\/","title":{"rendered":"Zamorano representar\u00e1 al pa\u00eds en exposici\u00f3n de pintura en Francia"},"content":{"rendered":"<p>Del 31 de marzo al 2 de abril en Par\u00eds, Francia en el<em> Sal\u00f3n International D&#8217;art Contemporain<\/em>, se realizar\u00e1 la segunda edici\u00f3n del <em>Art3f<\/em>, con exposici\u00f3n de: fotograf\u00eda, pintura, escultora y dem\u00e1s. Con artistas de diversos pa\u00edses del mundo, entre ellos Ecuador donde tiene la oportunidad para dar a conocer nuevos talentos y para que los apasionados del arte conozcan a los m\u00e1s de 250 artistas en vivo.<\/p>\n<p>Uno de estos artistas es Jefferson Arrobo, un zamorano que, a trav\u00e9s de sus obras, ha sido invitado a participar de este evento, llevando la bandera de la provincia y del pa\u00eds, pues hasta el momento se conoce que \u00e9l es el \u00fanico ecuatoriano que participar\u00e1 en esta cita art\u00edstica.<\/p>\n<p>Despu\u00e9s de haber vivido en otras ciudades como Loja, Riobamba para recibir su formaci\u00f3n acad\u00e9mica, decidi\u00f3 nuevamente regresar a su tierra natal, aqu\u00ed se estableci\u00f3 con una galer\u00eda, pero por motivo de la pandemia, se vio en la obligaci\u00f3n de cerrarla, para nuevamente migrar a Palanda. Hace meses regres\u00f3 y abri\u00f3 una escuela de artes donde est\u00e1 preparando a personas de toda edad en lo que tiene que ver con el arte de la pintura y otras.<\/p>\n<p>Arrobo comenta que existe el inter\u00e9s de parte de la ciudadan\u00eda en prepararse en este tipo de arte. Pues, su inclinaci\u00f3n naci\u00f3 cuando de peque\u00f1o le llam\u00f3 la atenci\u00f3n la pintura, y de pasar de un hobby a una carrera y ser parte de su d\u00eda a d\u00eda. En su temporada universitaria, estaba en pleno auge la carrera de Ingenier\u00eda Ambiental, pero se decidi\u00f3 por Artes en la UNL.<\/p>\n<p><strong>Exposici\u00f3n en Par\u00eds-Francia<\/strong><\/p>\n<p>\u201cLo que buscan muchos artistas es que su obra sea reconocida internacionalmente\u201d, expuso el artista. Cabe recalcar que el artista fue invitado hace algunos a\u00f1os atr\u00e1s a un festival de muralismo, pero por motivos de pandemia, no pudo realizar ese viaje.<\/p>\n<p>Actualmente fue invitado al pa\u00eds europeo donde expondr\u00e1 sus obras y el arte de la pintura. Inicialmente le sugirieron que env\u00ede sus obras, pero \u00e9l lo har\u00e1 presencialmente, y para cubrir los vi\u00e1ticos y gastos que se generen lo est\u00e1 haciendo con auspicios. Pues se encuentra en la b\u00fasqueda de un auspiciante oficial para que sea parte de otras exposiciones en pa\u00edses como M\u00f3naco y en el estado de New York, EE.UU.<\/p>\n<p>Hasta el momento tiene conocimiento que es el \u00fanico ecuatoriano que viajar\u00e1 hasta este encuentro. Aun no estaba seguro poder viajar por el tema del visado, porque su notificaci\u00f3n se la entregaron en febrero, pero por la colaboraci\u00f3n de la asamble\u00edsta Isabel Enr\u00edquez pudo obtener un acercamiento con el embajador y en los pr\u00f3ximos d\u00edas ya recibir\u00e1 su visa por tratarse de temas culturales y art\u00edsticos.<\/p>\n<p>Agradece a las personas y autoridades, quienes le han apoyado en este proceso. Es una exhibici\u00f3n que contar\u00e1 con la presencia de m\u00e1s de 250 artistas. Es una oportunidad para que pueda comercializar sus obras art\u00edsticas.<\/p>\n<p><strong>Obra a exponer<\/strong><\/p>\n<p>Es una obra que fue pintada en el a\u00f1o 2019, mientras estaba en su carrera, pero poco a poco ha venido retocando y d\u00e1ndoles pixeladas y ahora es consciente que ya est\u00e1 lista para exponerla y asegura que tiene un gran significado cultural de la provincia y el pa\u00eds.<\/p>\n","protected":false},"excerpt":{"rendered":"<p>Del 31 de marzo al 2 de abril en Par\u00eds, Francia en el Sal\u00f3n International D&#8217;art Contemporain, se realizar\u00e1 la segunda edici\u00f3n del Art3f, con exposici\u00f3n de: fotograf\u00eda, pintura, escultora y dem\u00e1s. Con artistas de diversos pa\u00edses del mundo, entre ellos Ecuador donde tiene la oportunidad para dar a conocer nuevos talentos y para que los apasionados del arte conozcan a los m\u00e1s de 250 artistas en vivo. Uno de estos artistas es Jefferson Arrobo, un zamorano que, a trav\u00e9s de sus obras, ha sido invitado a participar de este evento, llevando la bandera de la provincia y del pa\u00eds, pues hasta el momento se conoce que \u00e9l es el \u00fanico ecuatoriano que participar\u00e1 en esta cita art\u00edstica. Despu\u00e9s de haber vivido en otras ciudades como Loja, Riobamba para recibir su formaci\u00f3n acad\u00e9mica, decidi\u00f3 nuevamente regresar a su tierra natal, aqu\u00ed se estableci\u00f3 con una galer\u00eda, pero por motivo de la pandemia, se vio en la obligaci\u00f3n de cerrarla, para nuevamente migrar a Palanda. Hace meses regres\u00f3 y abri\u00f3 una escuela de artes donde est\u00e1 preparando a personas de toda edad en lo que tiene que ver con el arte de la pintura y otras. Arrobo comenta que existe el inter\u00e9s de parte de la ciudadan\u00eda en prepararse en este tipo de arte. Pues, su inclinaci\u00f3n naci\u00f3 cuando de peque\u00f1o le llam\u00f3 la atenci\u00f3n la pintura, y de pasar de un hobby a una carrera y ser parte de su d\u00eda a d\u00eda. En su temporada universitaria, estaba en pleno auge la carrera de Ingenier\u00eda Ambiental, pero se decidi\u00f3 por Artes en la UNL. Exposici\u00f3n en Par\u00eds-Francia \u201cLo que buscan muchos artistas es que su obra sea reconocida internacionalmente\u201d, expuso el artista. Cabe recalcar que el artista fue invitado hace algunos a\u00f1os atr\u00e1s a un festival de muralismo, pero por motivos de pandemia, no pudo realizar ese viaje. Actualmente fue invitado al pa\u00eds europeo donde expondr\u00e1 sus obras y el arte de la pintura. Inicialmente le sugirieron que env\u00ede sus obras, pero \u00e9l lo har\u00e1 presencialmente, y para cubrir los vi\u00e1ticos y gastos que se generen lo est\u00e1 haciendo con auspicios. Pues se encuentra en la b\u00fasqueda de un auspiciante oficial para que sea parte de otras exposiciones en pa\u00edses como M\u00f3naco y en el estado de New York, EE.UU. Hasta el momento tiene conocimiento que es el \u00fanico ecuatoriano que viajar\u00e1 hasta este encuentro. Aun no estaba seguro poder viajar por el tema del visado, porque su notificaci\u00f3n se la entregaron en febrero, pero por la colaboraci\u00f3n de la asamble\u00edsta Isabel Enr\u00edquez pudo obtener un acercamiento con el embajador y en los pr\u00f3ximos d\u00edas ya recibir\u00e1 su visa por tratarse de temas culturales y art\u00edsticos. Agradece a las personas y autoridades, quienes le han apoyado en este proceso. Es una exhibici\u00f3n que contar\u00e1 con la presencia de m\u00e1s de 250 artistas. Es una oportunidad para que pueda comercializar sus obras art\u00edsticas. Obra a exponer Es una obra que fue pintada en el a\u00f1o 2019, mientras estaba en su carrera, pero poco a poco ha venido retocando y d\u00e1ndoles pixeladas y ahora es consciente que ya est\u00e1 lista para exponerla y asegura que tiene un gran significado cultural de la provincia y el pa\u00eds.<\/p>\n","protected":false},"author":1,"featured_media":9064,"comment_status":"open","ping_status":"open","sticky":false,"template":"","format":"standard","meta":{"footnotes":""},"categories":[243],"tags":[],"class_list":["post-9063","post","type-post","status-publish","format-standard","has-post-thumbnail","hentry","category-noticias-zamora"],"_links":{"self":[{"href":"https:\/\/www.elamazonico.com\/portal\/wp-json\/wp\/v2\/posts\/9063","targetHints":{"allow":["GET"]}}],"collection":[{"href":"https:\/\/www.elamazonico.com\/portal\/wp-json\/wp\/v2\/posts"}],"about":[{"href":"https:\/\/www.elamazonico.com\/portal\/wp-json\/wp\/v2\/types\/post"}],"author":[{"embeddable":true,"href":"https:\/\/www.elamazonico.com\/portal\/wp-json\/wp\/v2\/users\/1"}],"replies":[{"embeddable":true,"href":"https:\/\/www.elamazonico.com\/portal\/wp-json\/wp\/v2\/comments?post=9063"}],"version-history":[{"count":1,"href":"https:\/\/www.elamazonico.com\/portal\/wp-json\/wp\/v2\/posts\/9063\/revisions"}],"predecessor-version":[{"id":9065,"href":"https:\/\/www.elamazonico.com\/portal\/wp-json\/wp\/v2\/posts\/9063\/revisions\/9065"}],"wp:featuredmedia":[{"embeddable":true,"href":"https:\/\/www.elamazonico.com\/portal\/wp-json\/wp\/v2\/media\/9064"}],"wp:attachment":[{"href":"https:\/\/www.elamazonico.com\/portal\/wp-json\/wp\/v2\/media?parent=9063"}],"wp:term":[{"taxonomy":"category","embeddable":true,"href":"https:\/\/www.elamazonico.com\/portal\/wp-json\/wp\/v2\/categories?post=9063"},{"taxonomy":"post_tag","embeddable":true,"href":"https:\/\/www.elamazonico.com\/portal\/wp-json\/wp\/v2\/tags?post=9063"}],"curies":[{"name":"wp","href":"https:\/\/api.w.org\/{rel}","templated":true}]}}