{"id":8937,"date":"2023-03-16T10:52:21","date_gmt":"2023-03-16T15:52:21","guid":{"rendered":"https:\/\/www.elamazonico.com\/portal\/?p=8937"},"modified":"2023-03-16T11:35:59","modified_gmt":"2023-03-16T16:35:59","slug":"se-estaria-afectando-la-honra-de-los-jovenes-silvana-reyes","status":"publish","type":"post","link":"https:\/\/www.elamazonico.com\/portal\/se-estaria-afectando-la-honra-de-los-jovenes-silvana-reyes\/","title":{"rendered":"\u201cSe estar\u00eda afectando la honra de los j\u00f3venes\u201d, Silvana Reyes"},"content":{"rendered":"<p>En una entrevista para diario El Amaz\u00f3nico, Silvana Reyes progenitora de uno de los tres j\u00f3venes que sufrieron un atentado hace d\u00edas atr\u00e1s en el cant\u00f3n Yantzaza, expres\u00f3 con indignaci\u00f3n que a trav\u00e9s de redes sociales existir\u00eda informaci\u00f3n donde se los vincular\u00eda con hechos adversos e ilegales, ella considera que es falso.<\/p>\n<p>La madre cuenta que ese hecho les sucedi\u00f3 a ellos por \u2018estar en el lugar y hora equivocada\u2019, pues los j\u00f3venes estaban predispuestos a ingerir alimentos y de ah\u00ed solo recuerdan estar heridos y en el hospital, seg\u00fan le narr\u00f3 su hijo. \u201cAhora se dice que los j\u00f3venes han sido baleados por estar vinculados en microtr\u00e1fico o por disputa de territorio, eso no es as\u00ed, rechazo absoluto a esa informaci\u00f3n que circula en medios digitales. Con esa mala informaci\u00f3n se les est\u00e1 afectando su honra y poniendo en riesgo la vida de ellos\u201d, expuso la ciudadana.<\/p>\n<p>Como su progenitora asegura estar siendo afectada, no solo por la informaci\u00f3n confusa, sino porque tambi\u00e9n est\u00e1 viviendo un calvario, porque a pesar de que el joven ya fue dado de alta, debe adquirir medicamento para su recuperaci\u00f3n, pero no cuenta con los recursos necesarios ya que ella vive del d\u00eda a d\u00eda. El joven de 18 a\u00f1os se encuentra en condici\u00f3n de salud estable, seg\u00fan le han manifestado los m\u00e9dicos que le brindaron la atenci\u00f3n m\u00e9dica.<\/p>\n<p>\u201cHoy fue mi hijo, ma\u00f1ana puede ser cualquiera de nosotros\u201d, expuso la ciudadana ante la ola de inseguridad que vive el pa\u00eds, y especialmente la provincia, espacio que aprovecha para pedirle a las autoridades, se realicen m\u00e1s controles, de preferencia en la noche que es el horario en que se presencian m\u00e1s hechos delictivos.<\/p>\n<p>Asimismo, llama a la ciudadan\u00eda a no emitir comentarios negativos, pues en este caso, aseguran sentirse afectados por los calificativos que han recibido los j\u00f3venes y hace un llamado a ciertos los medios de comunicaci\u00f3n digitales que investiguen bien y luego se informe con la verdad.<\/p>\n","protected":false},"excerpt":{"rendered":"<p>En una entrevista para diario El Amaz\u00f3nico, Silvana Reyes progenitora de uno de los tres j\u00f3venes que sufrieron un atentado hace d\u00edas atr\u00e1s en el cant\u00f3n Yantzaza, expres\u00f3 con indignaci\u00f3n que a trav\u00e9s de redes sociales existir\u00eda informaci\u00f3n donde se los vincular\u00eda con hechos adversos e ilegales, ella considera que es falso. La madre cuenta que ese hecho les sucedi\u00f3 a ellos por \u2018estar en el lugar y hora equivocada\u2019, pues los j\u00f3venes estaban predispuestos a ingerir alimentos y de ah\u00ed solo recuerdan estar heridos y en el hospital, seg\u00fan le narr\u00f3 su hijo. \u201cAhora se dice que los j\u00f3venes han sido baleados por estar vinculados en microtr\u00e1fico o por disputa de territorio, eso no es as\u00ed, rechazo absoluto a esa informaci\u00f3n que circula en medios digitales. Con esa mala informaci\u00f3n se les est\u00e1 afectando su honra y poniendo en riesgo la vida de ellos\u201d, expuso la ciudadana. Como su progenitora asegura estar siendo afectada, no solo por la informaci\u00f3n confusa, sino porque tambi\u00e9n est\u00e1 viviendo un calvario, porque a pesar de que el joven ya fue dado de alta, debe adquirir medicamento para su recuperaci\u00f3n, pero no cuenta con los recursos necesarios ya que ella vive del d\u00eda a d\u00eda. El joven de 18 a\u00f1os se encuentra en condici\u00f3n de salud estable, seg\u00fan le han manifestado los m\u00e9dicos que le brindaron la atenci\u00f3n m\u00e9dica. \u201cHoy fue mi hijo, ma\u00f1ana puede ser cualquiera de nosotros\u201d, expuso la ciudadana ante la ola de inseguridad que vive el pa\u00eds, y especialmente la provincia, espacio que aprovecha para pedirle a las autoridades, se realicen m\u00e1s controles, de preferencia en la noche que es el horario en que se presencian m\u00e1s hechos delictivos. Asimismo, llama a la ciudadan\u00eda a no emitir comentarios negativos, pues en este caso, aseguran sentirse afectados por los calificativos que han recibido los j\u00f3venes y hace un llamado a ciertos los medios de comunicaci\u00f3n digitales que investiguen bien y luego se informe con la verdad.<\/p>\n","protected":false},"author":1,"featured_media":8941,"comment_status":"open","ping_status":"open","sticky":false,"template":"","format":"standard","meta":{"footnotes":""},"categories":[243],"tags":[],"class_list":["post-8937","post","type-post","status-publish","format-standard","has-post-thumbnail","hentry","category-noticias-zamora"],"_links":{"self":[{"href":"https:\/\/www.elamazonico.com\/portal\/wp-json\/wp\/v2\/posts\/8937","targetHints":{"allow":["GET"]}}],"collection":[{"href":"https:\/\/www.elamazonico.com\/portal\/wp-json\/wp\/v2\/posts"}],"about":[{"href":"https:\/\/www.elamazonico.com\/portal\/wp-json\/wp\/v2\/types\/post"}],"author":[{"embeddable":true,"href":"https:\/\/www.elamazonico.com\/portal\/wp-json\/wp\/v2\/users\/1"}],"replies":[{"embeddable":true,"href":"https:\/\/www.elamazonico.com\/portal\/wp-json\/wp\/v2\/comments?post=8937"}],"version-history":[{"count":4,"href":"https:\/\/www.elamazonico.com\/portal\/wp-json\/wp\/v2\/posts\/8937\/revisions"}],"predecessor-version":[{"id":8942,"href":"https:\/\/www.elamazonico.com\/portal\/wp-json\/wp\/v2\/posts\/8937\/revisions\/8942"}],"wp:featuredmedia":[{"embeddable":true,"href":"https:\/\/www.elamazonico.com\/portal\/wp-json\/wp\/v2\/media\/8941"}],"wp:attachment":[{"href":"https:\/\/www.elamazonico.com\/portal\/wp-json\/wp\/v2\/media?parent=8937"}],"wp:term":[{"taxonomy":"category","embeddable":true,"href":"https:\/\/www.elamazonico.com\/portal\/wp-json\/wp\/v2\/categories?post=8937"},{"taxonomy":"post_tag","embeddable":true,"href":"https:\/\/www.elamazonico.com\/portal\/wp-json\/wp\/v2\/tags?post=8937"}],"curies":[{"name":"wp","href":"https:\/\/api.w.org\/{rel}","templated":true}]}}