{"id":8933,"date":"2023-03-16T10:46:22","date_gmt":"2023-03-16T15:46:22","guid":{"rendered":"https:\/\/www.elamazonico.com\/portal\/?p=8933"},"modified":"2023-03-16T11:48:23","modified_gmt":"2023-03-16T16:48:23","slug":"autoridades-electas-recibiran-sus-credenciales-el-30-de-marzo-2","status":"publish","type":"post","link":"https:\/\/www.elamazonico.com\/portal\/autoridades-electas-recibiran-sus-credenciales-el-30-de-marzo-2\/","title":{"rendered":"Fierro Urco: la historia sin desenlace"},"content":{"rendered":"<p>Es muy preocupante la situaci\u00f3n que est\u00e1 enfrentando nuestro entorno natural, nuestra Naturaleza, nuestros p\u00e1ramos de Fierro Urco. Este no es solo y meramente un punto geogr\u00e1fico, que se esconde en la neblina y el fr\u00edo de los Andes, sino que es fuente inagotable de vida, que alimenta los ciclos de la existencia de todos los seres vivos que en su entorno natural conviven, al igual que el desarrollo social y alimentario de Loja, Saraguro y parte de El Oro. Las aguas puras y cristalinas que de sus entra\u00f1as fecundas brotan, y las variadas especies de animales que en sus afluentes y monta\u00f1as nacen y crecen merecen seguir viviendo tranquilos, en lo que siempre ha sido y ser\u00e1 su hogar.<\/p>\n<p>Es reprochable c\u00f3mo el Estado ecuatoriano, a trav\u00e9s de todas las instituciones gubernamentales y el apoyo incesante de empresas privadas, que quieren destruir la armon\u00eda y el desarrollo no solo de Fierro Urco sino de Loja en general, con sus acciones nefastas, han procedido a reprimir alevosamente a todas las personas valientes y decididas que han salido a dar la cara y arriesgar incluso su propia vida, en defensa de la Naturaleza, en defensa de la tierra de sus ancestros.<\/p>\n<p>Incluso el Municipio de Loja, emiti\u00f3 la ordenanza 026 &#8211; 2020 que hace referencia a la: \u201cprotecci\u00f3n y restauraci\u00f3n de fuentes de agua, ecosistemas fr\u00e1giles, biodiversidad y servicios ambientales del cant\u00f3n Loja a trav\u00e9s de la creaci\u00f3n y gesti\u00f3n de \u00e1reas de conservaci\u00f3n municipal y uso sostenible\u201d. Sin embargo, como muchas otras veces, esto no ha sido nada m\u00e1s que letras y tinta plasmadas en el papel y guardadas en el olvido.<\/p>\n<p>Dentro de esto, muchos se estar\u00e1n planteando que la realizaci\u00f3n de una consulta popular, como m\u00e9todo jur\u00eddico y legal, ser\u00eda lo m\u00e1s efectivo para cerrar el camino a las transnacionales mineras, que con sus desaforadas ansias quieren romper la inviolabilidad del fecundo territorio de Fierro Urco. Pero el Gobierno, el Estado, es quien debe organizar dicha consulta. Sin embargo, \u00bfse puede confiar a esta instituci\u00f3n el desarrollo de una jornada electoral de consulta popular transparente y equitativa, cuando son estos mismos entes los que defienden a las compa\u00f1\u00edas mineras?<\/p>\n<p>Fierro Urco, tesoro de los Andes del sur.<\/p>\n","protected":false},"excerpt":{"rendered":"<p>Es muy preocupante la situaci\u00f3n que est\u00e1 enfrentando nuestro entorno natural, nuestra Naturaleza, nuestros p\u00e1ramos de Fierro Urco. Este no es solo y meramente un punto geogr\u00e1fico, que se esconde en la neblina y el fr\u00edo de los Andes, sino que es fuente inagotable de vida, que alimenta los ciclos de la existencia de todos los seres vivos que en su entorno natural conviven, al igual que el desarrollo social y alimentario de Loja, Saraguro y parte de El Oro. Las aguas puras y cristalinas que de sus entra\u00f1as fecundas brotan, y las variadas especies de animales que en sus afluentes y monta\u00f1as nacen y crecen merecen seguir viviendo tranquilos, en lo que siempre ha sido y ser\u00e1 su hogar. Es reprochable c\u00f3mo el Estado ecuatoriano, a trav\u00e9s de todas las instituciones gubernamentales y el apoyo incesante de empresas privadas, que quieren destruir la armon\u00eda y el desarrollo no solo de Fierro Urco sino de Loja en general, con sus acciones nefastas, han procedido a reprimir alevosamente a todas las personas valientes y decididas que han salido a dar la cara y arriesgar incluso su propia vida, en defensa de la Naturaleza, en defensa de la tierra de sus ancestros. Incluso el Municipio de Loja, emiti\u00f3 la ordenanza 026 &#8211; 2020 que hace referencia a la: \u201cprotecci\u00f3n y restauraci\u00f3n de fuentes de agua, ecosistemas fr\u00e1giles, biodiversidad y servicios ambientales del cant\u00f3n Loja a trav\u00e9s de la creaci\u00f3n y gesti\u00f3n de \u00e1reas de conservaci\u00f3n municipal y uso sostenible\u201d. Sin embargo, como muchas otras veces, esto no ha sido nada m\u00e1s que letras y tinta plasmadas en el papel y guardadas en el olvido. Dentro de esto, muchos se estar\u00e1n planteando que la realizaci\u00f3n de una consulta popular, como m\u00e9todo jur\u00eddico y legal, ser\u00eda lo m\u00e1s efectivo para cerrar el camino a las transnacionales mineras, que con sus desaforadas ansias quieren romper la inviolabilidad del fecundo territorio de Fierro Urco. Pero el Gobierno, el Estado, es quien debe organizar dicha consulta. Sin embargo, \u00bfse puede confiar a esta instituci\u00f3n el desarrollo de una jornada electoral de consulta popular transparente y equitativa, cuando son estos mismos entes los que defienden a las compa\u00f1\u00edas mineras? Fierro Urco, tesoro de los Andes del sur.<\/p>\n","protected":false},"author":1,"featured_media":8936,"comment_status":"open","ping_status":"open","sticky":false,"template":"","format":"standard","meta":{"footnotes":""},"categories":[284,243,7],"tags":[],"class_list":["post-8933","post","type-post","status-publish","format-standard","has-post-thumbnail","hentry","category-noticias-loja","category-noticias-zamora","category-opinion"],"_links":{"self":[{"href":"https:\/\/www.elamazonico.com\/portal\/wp-json\/wp\/v2\/posts\/8933","targetHints":{"allow":["GET"]}}],"collection":[{"href":"https:\/\/www.elamazonico.com\/portal\/wp-json\/wp\/v2\/posts"}],"about":[{"href":"https:\/\/www.elamazonico.com\/portal\/wp-json\/wp\/v2\/types\/post"}],"author":[{"embeddable":true,"href":"https:\/\/www.elamazonico.com\/portal\/wp-json\/wp\/v2\/users\/1"}],"replies":[{"embeddable":true,"href":"https:\/\/www.elamazonico.com\/portal\/wp-json\/wp\/v2\/comments?post=8933"}],"version-history":[{"count":3,"href":"https:\/\/www.elamazonico.com\/portal\/wp-json\/wp\/v2\/posts\/8933\/revisions"}],"predecessor-version":[{"id":8944,"href":"https:\/\/www.elamazonico.com\/portal\/wp-json\/wp\/v2\/posts\/8933\/revisions\/8944"}],"wp:featuredmedia":[{"embeddable":true,"href":"https:\/\/www.elamazonico.com\/portal\/wp-json\/wp\/v2\/media\/8936"}],"wp:attachment":[{"href":"https:\/\/www.elamazonico.com\/portal\/wp-json\/wp\/v2\/media?parent=8933"}],"wp:term":[{"taxonomy":"category","embeddable":true,"href":"https:\/\/www.elamazonico.com\/portal\/wp-json\/wp\/v2\/categories?post=8933"},{"taxonomy":"post_tag","embeddable":true,"href":"https:\/\/www.elamazonico.com\/portal\/wp-json\/wp\/v2\/tags?post=8933"}],"curies":[{"name":"wp","href":"https:\/\/api.w.org\/{rel}","templated":true}]}}