{"id":8857,"date":"2023-03-14T11:54:18","date_gmt":"2023-03-14T16:54:18","guid":{"rendered":"https:\/\/www.elamazonico.com\/portal\/?p=8857"},"modified":"2023-03-14T11:54:18","modified_gmt":"2023-03-14T16:54:18","slug":"duarte-justifica-su-fuga-me-convirtieron-en-una-rehen-politica","status":"publish","type":"post","link":"https:\/\/www.elamazonico.com\/portal\/duarte-justifica-su-fuga-me-convirtieron-en-una-rehen-politica\/","title":{"rendered":"Duarte justifica su fuga: me convirtieron en una &#8216;reh\u00e9n pol\u00edtica&#8217;"},"content":{"rendered":"<p>La exministra de Transporte y Obras P\u00fablicas, Mar\u00eda de los \u00c1ngeles Duarte, colg\u00f3 este martes un mensaje en su cuenta de Twitter, tras escapar de la Embajada de Argentina en Quito.<\/p>\n<p>En el mismo, agradeci\u00f3 a Argentina por acogerla ante la \u00abpersecuci\u00f3n de los gobiernos de Len\u00edn Moreno y Guillermo Lasso\u00bb, al tiempo que explica que decidi\u00f3 dejar la Embajada porque, \u00abal negarme el salvoconducto que me correspond\u00eda como asilada pol\u00edtica, de acuerdo con la convenci\u00f3n de Caracas de 1954 e impedir mi salida segura (salvoconducto), el Gobierno ecuatoriano me convirti\u00f3 en su reh\u00e9n pol\u00edtica\u00bb.<\/p>\n<p>Ante ello, justifica que tuvo que salir bajo riesgo, pero ejerci\u00f3 el derecho que le asist\u00eda.<\/p>\n<p>Al momento, la Polic\u00eda Nacional activ\u00f3 un bloque de b\u00fasqueda para dar con el paradero de la exfuncionaria, quien fue sentenciada a ocho a\u00f1os por cohecho. El director de Investigaciones de la Polic\u00eda Nacional, general Fausto Olivo, manifest\u00f3 que se activaron las alertas de Interpol. <strong>Fuente: Ecuador en vivo<\/strong><\/p>\n<blockquote class=\"twitter-tweet\" data-width=\"550\" data-dnt=\"true\">\n<p lang=\"es\" dir=\"ltr\">Al pa\u00eds, a mi familia y a mis amigos: <a href=\"https:\/\/t.co\/ck4pMntAv5\">pic.twitter.com\/ck4pMntAv5<\/a><\/p>\n<p>&mdash; Mar\u00eda Duarte P. (@MariaDuartePesa) <a href=\"https:\/\/twitter.com\/MariaDuartePesa\/status\/1635629358801977349?ref_src=twsrc%5Etfw\">March 14, 2023<\/a><\/p><\/blockquote>\n<p><script async src=\"https:\/\/platform.twitter.com\/widgets.js\" charset=\"utf-8\"><\/script><\/p>\n","protected":false},"excerpt":{"rendered":"<p>La exministra de Transporte y Obras P\u00fablicas, Mar\u00eda de los \u00c1ngeles Duarte, colg\u00f3 este martes un mensaje en su cuenta de Twitter, tras escapar de la Embajada de Argentina en Quito. En el mismo, agradeci\u00f3 a Argentina por acogerla ante la \u00abpersecuci\u00f3n de los gobiernos de Len\u00edn Moreno y Guillermo Lasso\u00bb, al tiempo que explica que decidi\u00f3 dejar la Embajada porque, \u00abal negarme el salvoconducto que me correspond\u00eda como asilada pol\u00edtica, de acuerdo con la convenci\u00f3n de Caracas de 1954 e impedir mi salida segura (salvoconducto), el Gobierno ecuatoriano me convirti\u00f3 en su reh\u00e9n pol\u00edtica\u00bb. Ante ello, justifica que tuvo que salir bajo riesgo, pero ejerci\u00f3 el derecho que le asist\u00eda. Al momento, la Polic\u00eda Nacional activ\u00f3 un bloque de b\u00fasqueda para dar con el paradero de la exfuncionaria, quien fue sentenciada a ocho a\u00f1os por cohecho. El director de Investigaciones de la Polic\u00eda Nacional, general Fausto Olivo, manifest\u00f3 que se activaron las alertas de Interpol. Fuente: Ecuador en vivo Al pa\u00eds, a mi familia y a mis amigos: pic.twitter.com\/ck4pMntAv5 &mdash; Mar\u00eda Duarte P. (@MariaDuartePesa) March 14, 2023<\/p>\n","protected":false},"author":1,"featured_media":8858,"comment_status":"open","ping_status":"open","sticky":false,"template":"","format":"standard","meta":{"footnotes":""},"categories":[268],"tags":[],"class_list":["post-8857","post","type-post","status-publish","format-standard","has-post-thumbnail","hentry","category-nacionales"],"_links":{"self":[{"href":"https:\/\/www.elamazonico.com\/portal\/wp-json\/wp\/v2\/posts\/8857","targetHints":{"allow":["GET"]}}],"collection":[{"href":"https:\/\/www.elamazonico.com\/portal\/wp-json\/wp\/v2\/posts"}],"about":[{"href":"https:\/\/www.elamazonico.com\/portal\/wp-json\/wp\/v2\/types\/post"}],"author":[{"embeddable":true,"href":"https:\/\/www.elamazonico.com\/portal\/wp-json\/wp\/v2\/users\/1"}],"replies":[{"embeddable":true,"href":"https:\/\/www.elamazonico.com\/portal\/wp-json\/wp\/v2\/comments?post=8857"}],"version-history":[{"count":1,"href":"https:\/\/www.elamazonico.com\/portal\/wp-json\/wp\/v2\/posts\/8857\/revisions"}],"predecessor-version":[{"id":8859,"href":"https:\/\/www.elamazonico.com\/portal\/wp-json\/wp\/v2\/posts\/8857\/revisions\/8859"}],"wp:featuredmedia":[{"embeddable":true,"href":"https:\/\/www.elamazonico.com\/portal\/wp-json\/wp\/v2\/media\/8858"}],"wp:attachment":[{"href":"https:\/\/www.elamazonico.com\/portal\/wp-json\/wp\/v2\/media?parent=8857"}],"wp:term":[{"taxonomy":"category","embeddable":true,"href":"https:\/\/www.elamazonico.com\/portal\/wp-json\/wp\/v2\/categories?post=8857"},{"taxonomy":"post_tag","embeddable":true,"href":"https:\/\/www.elamazonico.com\/portal\/wp-json\/wp\/v2\/tags?post=8857"}],"curies":[{"name":"wp","href":"https:\/\/api.w.org\/{rel}","templated":true}]}}