{"id":8824,"date":"2023-03-13T11:22:31","date_gmt":"2023-03-13T16:22:31","guid":{"rendered":"https:\/\/www.elamazonico.com\/portal\/?p=8824"},"modified":"2023-03-13T11:23:37","modified_gmt":"2023-03-13T16:23:37","slug":"8824-2","status":"publish","type":"post","link":"https:\/\/www.elamazonico.com\/portal\/8824-2\/","title":{"rendered":"\u00bfPor qu\u00e9 la FEF eligi\u00f3 a F\u00e9lix S\u00e1nchez?"},"content":{"rendered":"<p id=\"m207-206-208\">F\u00e9lix S\u00e1nchez es el entrenador que la Federaci\u00f3n Ecuatoriana de F\u00fatbol (FEF) eligi\u00f3 para que se haga cargo de la selecci\u00f3n nacional.<\/p>\n<p id=\"m213-1-214\">La presentaci\u00f3n oficial de F\u00e9lix S\u00e1nchez se realizar\u00e1 el lunes 13 de marzo de 2022 el el\u00a0<b>Auditorio de la Casa de Selecci\u00f3n en Quito<\/b>. El \u00e1rea de prensa de la FEF confirm\u00f3 que el evento arrancar\u00e1 a las 12:00.<br \/>\n\u200b<\/p>\n<h3 id=\"m219-2-220\">\u00bfPor qu\u00e9 se eligi\u00f3 a F\u00e9lix S\u00e1nchez?<\/h3>\n<p id=\"m225-3-226\">La FEF revel\u00f3 que para la elecci\u00f3n de F\u00e9lix S\u00e1nchez se tomaron en cuenta tres pilares:\u00a0<b>su carrera y formaci\u00f3n; su experiencia en procesos<\/b>\u00a0y formativas: y, sus t\u00edtulos a nivel de selecci\u00f3n.<\/p>\n<p>Con 21 a\u00f1os ingres\u00f3 a La Mas\u00eda, la \u00abf\u00e1brica\u00bb de futbolistas del FC Barcelona desde donde salieron Lionel Messi, Xavi Hern\u00e1ndez, Andr\u00e9s Iniesta o Pedro. Ah\u00ed se mantuvo por 10 a\u00f1os.<\/p>\n<p>Desde el 2006 se incorpor\u00f3 a la Aspire Academy for Sports, \u00ab<b>el mayor centro de alto rendimiento deportivo del mundo<\/b>\u00ab, acota la FEF en un comunicado colgado en sus redes sociales.<\/p>\n<p>En sus 12 a\u00f1os en Qatar fue entrenador de las selecciones sub-14, sub-19, sub-20, sub-23 y la absoluta, con la que particip\u00f3 en el Mundial de 2022 como anfitriones, pero que se despidieron r\u00e1pidamente en la primera fase sin lograr un solo punto.<\/p>\n<p>Entre los t\u00edtulos logrados por F\u00e9lix S\u00e1nchez est\u00e1 el t\u00edtulo de la\u00a0<b>Copa de Asia con la sub-19 en 2014<\/b>. En 2019 repiti\u00f3 el logro, pero esta vez con la selecci\u00f3n mayor.<br \/>\n\u200b<\/p>\n<h3 id=\"m231-4-232\">Retos de F\u00e9lix S\u00e1nchez con Ecuador<\/h3>\n<p id=\"m237-5-238\">El debut de F\u00e9lix S\u00e1nchez con la selecci\u00f3n de Ecuador se dar\u00e1 el 24 de marzo ante Australia en el CommBank Stadium de Sydney.\u00a0<b>El 28 de mismo mes jugar\u00e1 nuevamente contra los australianos<\/b>, pero en el Marvel Stadium de Melbourne.<\/p>\n<p>Luego de eso tendr\u00e1n por delante una nueva fecha FIFA en junio y en septiembre, a falta de confirmaci\u00f3n, el inicio de las\u00a0<b>eliminatorias sudamericana rumbo al Mundial de 2026<\/b>\u00a0que ser\u00e1 organizado por Canad\u00e1, Estados Unidos y M\u00e9xico.<\/p>\n<p>En el intermedio tendr\u00e1 la Copa Am\u00e9rica 2024 en Estados Unidos, torneo que hist\u00f3ricamente le es esquivo para la selecci\u00f3n de Ecuador. <strong>Fuente: Bendito F\u00fatbol<\/strong><\/p>\n","protected":false},"excerpt":{"rendered":"<p>F\u00e9lix S\u00e1nchez es el entrenador que la Federaci\u00f3n Ecuatoriana de F\u00fatbol (FEF) eligi\u00f3 para que se haga cargo de la selecci\u00f3n nacional. La presentaci\u00f3n oficial de F\u00e9lix S\u00e1nchez se realizar\u00e1 el lunes 13 de marzo de 2022 el el\u00a0Auditorio de la Casa de Selecci\u00f3n en Quito. El \u00e1rea de prensa de la FEF confirm\u00f3 que el evento arrancar\u00e1 a las 12:00. \u200b \u00bfPor qu\u00e9 se eligi\u00f3 a F\u00e9lix S\u00e1nchez? La FEF revel\u00f3 que para la elecci\u00f3n de F\u00e9lix S\u00e1nchez se tomaron en cuenta tres pilares:\u00a0su carrera y formaci\u00f3n; su experiencia en procesos\u00a0y formativas: y, sus t\u00edtulos a nivel de selecci\u00f3n. Con 21 a\u00f1os ingres\u00f3 a La Mas\u00eda, la \u00abf\u00e1brica\u00bb de futbolistas del FC Barcelona desde donde salieron Lionel Messi, Xavi Hern\u00e1ndez, Andr\u00e9s Iniesta o Pedro. Ah\u00ed se mantuvo por 10 a\u00f1os. Desde el 2006 se incorpor\u00f3 a la Aspire Academy for Sports, \u00abel mayor centro de alto rendimiento deportivo del mundo\u00ab, acota la FEF en un comunicado colgado en sus redes sociales. En sus 12 a\u00f1os en Qatar fue entrenador de las selecciones sub-14, sub-19, sub-20, sub-23 y la absoluta, con la que particip\u00f3 en el Mundial de 2022 como anfitriones, pero que se despidieron r\u00e1pidamente en la primera fase sin lograr un solo punto. Entre los t\u00edtulos logrados por F\u00e9lix S\u00e1nchez est\u00e1 el t\u00edtulo de la\u00a0Copa de Asia con la sub-19 en 2014. En 2019 repiti\u00f3 el logro, pero esta vez con la selecci\u00f3n mayor. \u200b Retos de F\u00e9lix S\u00e1nchez con Ecuador El debut de F\u00e9lix S\u00e1nchez con la selecci\u00f3n de Ecuador se dar\u00e1 el 24 de marzo ante Australia en el CommBank Stadium de Sydney.\u00a0El 28 de mismo mes jugar\u00e1 nuevamente contra los australianos, pero en el Marvel Stadium de Melbourne. Luego de eso tendr\u00e1n por delante una nueva fecha FIFA en junio y en septiembre, a falta de confirmaci\u00f3n, el inicio de las\u00a0eliminatorias sudamericana rumbo al Mundial de 2026\u00a0que ser\u00e1 organizado por Canad\u00e1, Estados Unidos y M\u00e9xico. En el intermedio tendr\u00e1 la Copa Am\u00e9rica 2024 en Estados Unidos, torneo que hist\u00f3ricamente le es esquivo para la selecci\u00f3n de Ecuador. Fuente: Bendito F\u00fatbol<\/p>\n","protected":false},"author":1,"featured_media":8825,"comment_status":"open","ping_status":"open","sticky":false,"template":"","format":"standard","meta":{"footnotes":""},"categories":[6],"tags":[],"class_list":["post-8824","post","type-post","status-publish","format-standard","has-post-thumbnail","hentry","category-deportes"],"_links":{"self":[{"href":"https:\/\/www.elamazonico.com\/portal\/wp-json\/wp\/v2\/posts\/8824","targetHints":{"allow":["GET"]}}],"collection":[{"href":"https:\/\/www.elamazonico.com\/portal\/wp-json\/wp\/v2\/posts"}],"about":[{"href":"https:\/\/www.elamazonico.com\/portal\/wp-json\/wp\/v2\/types\/post"}],"author":[{"embeddable":true,"href":"https:\/\/www.elamazonico.com\/portal\/wp-json\/wp\/v2\/users\/1"}],"replies":[{"embeddable":true,"href":"https:\/\/www.elamazonico.com\/portal\/wp-json\/wp\/v2\/comments?post=8824"}],"version-history":[{"count":2,"href":"https:\/\/www.elamazonico.com\/portal\/wp-json\/wp\/v2\/posts\/8824\/revisions"}],"predecessor-version":[{"id":8827,"href":"https:\/\/www.elamazonico.com\/portal\/wp-json\/wp\/v2\/posts\/8824\/revisions\/8827"}],"wp:featuredmedia":[{"embeddable":true,"href":"https:\/\/www.elamazonico.com\/portal\/wp-json\/wp\/v2\/media\/8825"}],"wp:attachment":[{"href":"https:\/\/www.elamazonico.com\/portal\/wp-json\/wp\/v2\/media?parent=8824"}],"wp:term":[{"taxonomy":"category","embeddable":true,"href":"https:\/\/www.elamazonico.com\/portal\/wp-json\/wp\/v2\/categories?post=8824"},{"taxonomy":"post_tag","embeddable":true,"href":"https:\/\/www.elamazonico.com\/portal\/wp-json\/wp\/v2\/tags?post=8824"}],"curies":[{"name":"wp","href":"https:\/\/api.w.org\/{rel}","templated":true}]}}