{"id":8732,"date":"2023-03-08T15:52:40","date_gmt":"2023-03-08T20:52:40","guid":{"rendered":"https:\/\/www.elamazonico.com\/portal\/?p=8732"},"modified":"2023-03-08T15:52:40","modified_gmt":"2023-03-08T20:52:40","slug":"liga-a-fase-de-grupos-de-la-sudamericana","status":"publish","type":"post","link":"https:\/\/www.elamazonico.com\/portal\/liga-a-fase-de-grupos-de-la-sudamericana\/","title":{"rendered":"Liga a fase de grupos de la Sudamericana"},"content":{"rendered":"<p id=\"m203-202-204\">Liga de Quito venci\u00f3 4-0 a Delf\u00edn y no tuvo problemas para avanzar a la fase de grupos de la Copa Sudamericana.<\/p>\n<p id=\"m209-1-210\">\nLiga de Quito y Delf\u00edn jugaron la noche de este\u00a0<b>martes 7 de marzo de 2023 en el estadio Rodrigo Paz Delgado<\/b>. Todo el partido se jug\u00f3 bajo una fuerte lluvia que cay\u00f3 en la capital ecuatoriana desde horas de la tarde.<\/p>\n<p>Para este partido Luis Zubeld\u00eda, entrenador de Liga de Quito, dispuso el ingreso al rol titular de Jos\u00e9 Quintero, Leonel Qui\u00f1\u00f3nez y Lisandro Alzugaray, tres jugadores que por suspensi\u00f3n, disposici\u00f3n t\u00e9cnica y molestias f\u00edsicas, respectivamente, no actuaron ante Aucas en la LigaPro.<\/p>\n<p>En el desarrollo del juego\u00a0<b>Delf\u00edn no fue rival para Liga de Quito<\/b>. Solo cuatro remates fueron a parar a las manos de Alexander Dom\u00ednguez, un espectador de lujo que no tuvo necesidad de ensuciar el uniforme en el compromiso.<br \/>\n\u200b<\/p>\n<h3 id=\"m215-2-216\">Los goles de Liga<\/h3>\n<p id=\"m221-3-222\">El 1-0 para\u00a0<b>Liga de Quito lleg\u00f3 a los 7 minutos de iniciado<\/b>\u00a0el partido con un golazo de tiro libre del argentino Lisandro Alzugaray, quien debut\u00f3 como goleador con la camiseta de los universitarios al que lleg\u00f3 esta temporada como refuerzo.<\/p>\n<p>En la preparaci\u00f3n del tiro libre todo apuntaba que Alexander Alvarado se har\u00eda cargo del cargo, sin embargo, eso fue una cortina para que Lisandro Alzugaray tome desprevenido a su compatriota Juan Mart\u00edn Rojas, arquero de Delf\u00edn.<\/p>\n<p>El\u00a0<b>2-0 para Liga de Quito se marc\u00f3 a los 20 minutos<\/b>\u00a0con la firma de Jos\u00e9 Angulo, capturando un centro de Renato Ibarra desde la banda derecha.<\/p>\n<p>En el primer remate Juan Mart\u00edn Rojas hab\u00eda rechazado el bal\u00f3n, pero el rebote le qued\u00f3 nuevamente al &#8216;Tin&#8217; que no perdon\u00f3 y envi\u00f3 el esf\u00e9rico al fondo del arco del Delf\u00edn.<\/p>\n<p>Para\u00a0<b>Jos\u00e9 Angulo fue el primer gol que marc\u00f3<\/b>\u00a0en un partido oficial con la camiseta de Liga de Quito. En las dos primeras fechas de la LigaPro se fue en blanco.<\/p>\n<p>El 3-0 para Liga de Quito fue un golazo fabricado en el laboratorio de Luis Zubeld\u00eda. Quien defini\u00f3 la jugada fue Alexander Alvarado, a instancias del VAR, puesto que en primera instancia el tanto fue anulado por una inexistente posici\u00f3n adelantada.<\/p>\n<p>A los 90+1&#8242;<b>\u00a0Juan Luis Anangon\u00f3 puso el inapelable 4-0<\/b>. La habilitaci\u00f3n la hizo Sebasti\u00e1n Gonz\u00e1lez.<br \/>\n\u200b<\/p>\n<h3 id=\"m227-4-228\">Alivio para Liga<\/h3>\n<p id=\"m233-5-234\">Con este resultado Liga de Quito cumple uno de los primeros objetivos del primer semestre de 2023.<\/p>\n<p>Ahora deber\u00e1 enderezar su camino en la LigaPro. La primera\u00a0<b>prueba ser\u00e1 ante El Nacional en la tercera jornada<\/b>. El encuentro est\u00e1 planificado para el domingo 12 de marzo desde las 16:30 en el estadio Ol\u00edmpico Atahualpa.<\/p>\n<p>El Nacional es el l\u00edder de la LigaPro con 6 puntos, mientras que Liga de Quito llega en la casilla 14 con una unidad.<\/p>\n","protected":false},"excerpt":{"rendered":"<p>Liga de Quito venci\u00f3 4-0 a Delf\u00edn y no tuvo problemas para avanzar a la fase de grupos de la Copa Sudamericana. Liga de Quito y Delf\u00edn jugaron la noche de este\u00a0martes 7 de marzo de 2023 en el estadio Rodrigo Paz Delgado. Todo el partido se jug\u00f3 bajo una fuerte lluvia que cay\u00f3 en la capital ecuatoriana desde horas de la tarde. Para este partido Luis Zubeld\u00eda, entrenador de Liga de Quito, dispuso el ingreso al rol titular de Jos\u00e9 Quintero, Leonel Qui\u00f1\u00f3nez y Lisandro Alzugaray, tres jugadores que por suspensi\u00f3n, disposici\u00f3n t\u00e9cnica y molestias f\u00edsicas, respectivamente, no actuaron ante Aucas en la LigaPro. En el desarrollo del juego\u00a0Delf\u00edn no fue rival para Liga de Quito. Solo cuatro remates fueron a parar a las manos de Alexander Dom\u00ednguez, un espectador de lujo que no tuvo necesidad de ensuciar el uniforme en el compromiso. \u200b Los goles de Liga El 1-0 para\u00a0Liga de Quito lleg\u00f3 a los 7 minutos de iniciado\u00a0el partido con un golazo de tiro libre del argentino Lisandro Alzugaray, quien debut\u00f3 como goleador con la camiseta de los universitarios al que lleg\u00f3 esta temporada como refuerzo. En la preparaci\u00f3n del tiro libre todo apuntaba que Alexander Alvarado se har\u00eda cargo del cargo, sin embargo, eso fue una cortina para que Lisandro Alzugaray tome desprevenido a su compatriota Juan Mart\u00edn Rojas, arquero de Delf\u00edn. El\u00a02-0 para Liga de Quito se marc\u00f3 a los 20 minutos\u00a0con la firma de Jos\u00e9 Angulo, capturando un centro de Renato Ibarra desde la banda derecha. En el primer remate Juan Mart\u00edn Rojas hab\u00eda rechazado el bal\u00f3n, pero el rebote le qued\u00f3 nuevamente al &#8216;Tin&#8217; que no perdon\u00f3 y envi\u00f3 el esf\u00e9rico al fondo del arco del Delf\u00edn. Para\u00a0Jos\u00e9 Angulo fue el primer gol que marc\u00f3\u00a0en un partido oficial con la camiseta de Liga de Quito. En las dos primeras fechas de la LigaPro se fue en blanco. El 3-0 para Liga de Quito fue un golazo fabricado en el laboratorio de Luis Zubeld\u00eda. Quien defini\u00f3 la jugada fue Alexander Alvarado, a instancias del VAR, puesto que en primera instancia el tanto fue anulado por una inexistente posici\u00f3n adelantada. A los 90+1&#8242;\u00a0Juan Luis Anangon\u00f3 puso el inapelable 4-0. La habilitaci\u00f3n la hizo Sebasti\u00e1n Gonz\u00e1lez. \u200b Alivio para Liga Con este resultado Liga de Quito cumple uno de los primeros objetivos del primer semestre de 2023. Ahora deber\u00e1 enderezar su camino en la LigaPro. La primera\u00a0prueba ser\u00e1 ante El Nacional en la tercera jornada. El encuentro est\u00e1 planificado para el domingo 12 de marzo desde las 16:30 en el estadio Ol\u00edmpico Atahualpa. El Nacional es el l\u00edder de la LigaPro con 6 puntos, mientras que Liga de Quito llega en la casilla 14 con una unidad.<\/p>\n","protected":false},"author":1,"featured_media":8733,"comment_status":"open","ping_status":"open","sticky":false,"template":"","format":"standard","meta":{"footnotes":""},"categories":[6],"tags":[],"class_list":["post-8732","post","type-post","status-publish","format-standard","has-post-thumbnail","hentry","category-deportes"],"_links":{"self":[{"href":"https:\/\/www.elamazonico.com\/portal\/wp-json\/wp\/v2\/posts\/8732","targetHints":{"allow":["GET"]}}],"collection":[{"href":"https:\/\/www.elamazonico.com\/portal\/wp-json\/wp\/v2\/posts"}],"about":[{"href":"https:\/\/www.elamazonico.com\/portal\/wp-json\/wp\/v2\/types\/post"}],"author":[{"embeddable":true,"href":"https:\/\/www.elamazonico.com\/portal\/wp-json\/wp\/v2\/users\/1"}],"replies":[{"embeddable":true,"href":"https:\/\/www.elamazonico.com\/portal\/wp-json\/wp\/v2\/comments?post=8732"}],"version-history":[{"count":1,"href":"https:\/\/www.elamazonico.com\/portal\/wp-json\/wp\/v2\/posts\/8732\/revisions"}],"predecessor-version":[{"id":8734,"href":"https:\/\/www.elamazonico.com\/portal\/wp-json\/wp\/v2\/posts\/8732\/revisions\/8734"}],"wp:featuredmedia":[{"embeddable":true,"href":"https:\/\/www.elamazonico.com\/portal\/wp-json\/wp\/v2\/media\/8733"}],"wp:attachment":[{"href":"https:\/\/www.elamazonico.com\/portal\/wp-json\/wp\/v2\/media?parent=8732"}],"wp:term":[{"taxonomy":"category","embeddable":true,"href":"https:\/\/www.elamazonico.com\/portal\/wp-json\/wp\/v2\/categories?post=8732"},{"taxonomy":"post_tag","embeddable":true,"href":"https:\/\/www.elamazonico.com\/portal\/wp-json\/wp\/v2\/tags?post=8732"}],"curies":[{"name":"wp","href":"https:\/\/api.w.org\/{rel}","templated":true}]}}