{"id":8680,"date":"2023-03-06T10:18:55","date_gmt":"2023-03-06T15:18:55","guid":{"rendered":"https:\/\/www.elamazonico.com\/portal\/?p=8680"},"modified":"2023-03-06T10:20:35","modified_gmt":"2023-03-06T15:20:35","slug":"orense-con-un-expulsado-derroto-a-emelec","status":"publish","type":"post","link":"https:\/\/www.elamazonico.com\/portal\/orense-con-un-expulsado-derroto-a-emelec\/","title":{"rendered":"Orense, con un expulsado, derrot\u00f3 a Emelec"},"content":{"rendered":"<p id=\"m12-11-13\"><b>Orense\u00a0<\/b>consigui\u00f3 un triunfo important\u00edsimo ante\u00a0<b>Emelec<\/b>, pese a jugar con uno menos casi todo el partido. El<b>\u00a0\u2018Vendaval Verde\u2019 gan\u00f3 2-1\u00a0<\/b>este domingo 5 de marzo de 2023, por la segunda fecha de LigaPro<\/p>\n<p id=\"m83-1-84\"><b>Christian Solano y Gabriel Achiller,<\/b>\u00a0ex Emelec y capit\u00e1n de Orense, fueron los autores de los goles que permitieron a Orense llevarse la victoria.<\/p>\n<p>El club de Machala continua invicto en el torneo ecuatoriano tras un empate y un triunfo. Actualmente, est\u00e1 en la\u00a0<b>segunda casilla\u00a0<\/b>en la tabla de posiciones, con cuatro unidades, solo por detr\u00e1s de\u00a0<b>El Nacional<\/b>, que tiene seis.<\/p>\n<h3 id=\"m99-2-100\">Rodr\u00edguez lesionado y Orense con 10 hombres<\/h3>\n<p id=\"m90-2-91\">Un hecho lamentable sucedi\u00f3 en el estadio 9 de Mayo en el inicio del partido.\u00a0<b>Jackson Rodr\u00edguez<\/b>, lateral de Emelec, sufri\u00f3 una terrible lesi\u00f3n a los tres minutos de partido y tuvo que ser retirado en camilla y posteriormente<b>\u00a0trasladado a una cl\u00ednica en ambulancia<\/b>.<\/p>\n<p>La falta la realiz\u00f3\u00a0<b>Richard Calder\u00f3n<\/b>, que intent\u00f3 ganar el esf\u00e9rico, con un barrida, pero en ese momento el tobillo de Jackson Rodr\u00edguez se atasc\u00f3 entre el c\u00e9sped y el pie de su rival, lo que provoc\u00f3 un fuerte grito de dolor y la preocupaci\u00f3n de todos los futbolistas en cancha.<\/p>\n<p>En primera instancia el juez del compromiso \u00c1lex Cajas no cobr\u00f3 nada porque seg\u00fan su criterio no fue falta, sin embargo, con la intervenci\u00f3n del\u00a0<b>VAR<\/b>, Cajas cambi\u00f3 de opini\u00f3n y\u00a0<b>expuls\u00f3 a Calder\u00f3n<\/b>, adem\u00e1s, por reclamos tambi\u00e9n vieron la roja, Miguel Rondelli, DT de Emelec y un asistente de Orense.<\/p>\n<p>Pese a estar con uno menos desde el inicio del partido, esto\u00a0<b>no se not\u00f3 por los ajuste<\/b>s Juan Carlos Le\u00f3n, DT de Orense. Aunque Emelec domin\u00f3 por completo la posesi\u00f3n del esf\u00e9rico, en cuanto a peligrosidad y acciones de gol estaban casi igualados.<\/p>\n<p>Orense luch\u00f3 y resisti\u00f3 en los primeros 45 minutos y sac\u00f3 el empate, que ser\u00eda crucial para despu\u00e9s hacerse con la victoria.<\/p>\n<h3 id=\"m122-4-123\">Orense se llev\u00f3 un triunfo en un partido complicado<\/h3>\n<p id=\"m113-4-114\">Para la segunda parte, Orense anot\u00f3 un gol en el inicio. A los 49,\u00a0<b>Gabriel Achiller<\/b>, capit\u00e1n de Orense,\u00a0<b>hizo efectiva la ley del ex<\/b>.<\/p>\n<p>El central recibi\u00f3 un centro de Jos\u00e9 Miguel Andrade, que le qued\u00f3 perfecto para un cabezazo que venci\u00f3 a Pedro Ortiz.<\/p>\n<p>Tras la anotaci\u00f3n se not\u00f3 la desesperaci\u00f3n de Emelec, que busc\u00f3 el empate, pero fue<b>\u00a0muy poco efectivo<\/b>\u00a0y nunca pudo aprovechar su superioridad num\u00e9rica. La ofensiva azul se bas\u00f3 en dominar el esf\u00e9rico y con conexiones de una banda a la otra tratar de romper el cerrojo que plant\u00f3 Orense en su \u00e1rea.<\/p>\n<p>A los 75<b>, Christian Solano<\/b>, que hab\u00eda ingresado un minuto antes, en su primer toque de bal\u00f3n\u00a0<b>sentenci\u00f3 el partido.<br \/>\n<\/b><br \/>\nEl delantero ecuatoriano emprendi\u00f3 carrera desde un poco m\u00e1s adelante de la mitad de la cancha y de ah\u00ed\u00a0<b>sac\u00f3 un zapatazo de m\u00e1s de 30 metros<\/b>\u00a0que termin\u00f3 en gol.<\/p>\n<p>Durante el tramo final del partido, Emelec se encontr\u00f3 con un penal a los 90, luego de una falta de\u00a0<b>Gabriel Achiller\u00a0<\/b>sobre Alejandro Cabeza.<\/p>\n<p>Al cobro acudi\u00f3\u00a0<b>Miller Bola\u00f1os<\/b>, que con un potente remate descont\u00f3 el marcador.<\/p>\n<p><b>Emelec\u00a0<\/b>puso drama en los minutos finales del compromiso con dicha anotaci\u00f3n, pero no lograron empatar.\u00a0 Fuente: <strong>Bendito F\u00fatbol<\/strong><\/p>\n","protected":false},"excerpt":{"rendered":"<p>Orense\u00a0consigui\u00f3 un triunfo important\u00edsimo ante\u00a0Emelec, pese a jugar con uno menos casi todo el partido. El\u00a0\u2018Vendaval Verde\u2019 gan\u00f3 2-1\u00a0este domingo 5 de marzo de 2023, por la segunda fecha de LigaPro Christian Solano y Gabriel Achiller,\u00a0ex Emelec y capit\u00e1n de Orense, fueron los autores de los goles que permitieron a Orense llevarse la victoria. El club de Machala continua invicto en el torneo ecuatoriano tras un empate y un triunfo. Actualmente, est\u00e1 en la\u00a0segunda casilla\u00a0en la tabla de posiciones, con cuatro unidades, solo por detr\u00e1s de\u00a0El Nacional, que tiene seis. Rodr\u00edguez lesionado y Orense con 10 hombres Un hecho lamentable sucedi\u00f3 en el estadio 9 de Mayo en el inicio del partido.\u00a0Jackson Rodr\u00edguez, lateral de Emelec, sufri\u00f3 una terrible lesi\u00f3n a los tres minutos de partido y tuvo que ser retirado en camilla y posteriormente\u00a0trasladado a una cl\u00ednica en ambulancia. La falta la realiz\u00f3\u00a0Richard Calder\u00f3n, que intent\u00f3 ganar el esf\u00e9rico, con un barrida, pero en ese momento el tobillo de Jackson Rodr\u00edguez se atasc\u00f3 entre el c\u00e9sped y el pie de su rival, lo que provoc\u00f3 un fuerte grito de dolor y la preocupaci\u00f3n de todos los futbolistas en cancha. En primera instancia el juez del compromiso \u00c1lex Cajas no cobr\u00f3 nada porque seg\u00fan su criterio no fue falta, sin embargo, con la intervenci\u00f3n del\u00a0VAR, Cajas cambi\u00f3 de opini\u00f3n y\u00a0expuls\u00f3 a Calder\u00f3n, adem\u00e1s, por reclamos tambi\u00e9n vieron la roja, Miguel Rondelli, DT de Emelec y un asistente de Orense. Pese a estar con uno menos desde el inicio del partido, esto\u00a0no se not\u00f3 por los ajustes Juan Carlos Le\u00f3n, DT de Orense. Aunque Emelec domin\u00f3 por completo la posesi\u00f3n del esf\u00e9rico, en cuanto a peligrosidad y acciones de gol estaban casi igualados. Orense luch\u00f3 y resisti\u00f3 en los primeros 45 minutos y sac\u00f3 el empate, que ser\u00eda crucial para despu\u00e9s hacerse con la victoria. Orense se llev\u00f3 un triunfo en un partido complicado Para la segunda parte, Orense anot\u00f3 un gol en el inicio. A los 49,\u00a0Gabriel Achiller, capit\u00e1n de Orense,\u00a0hizo efectiva la ley del ex. El central recibi\u00f3 un centro de Jos\u00e9 Miguel Andrade, que le qued\u00f3 perfecto para un cabezazo que venci\u00f3 a Pedro Ortiz. Tras la anotaci\u00f3n se not\u00f3 la desesperaci\u00f3n de Emelec, que busc\u00f3 el empate, pero fue\u00a0muy poco efectivo\u00a0y nunca pudo aprovechar su superioridad num\u00e9rica. La ofensiva azul se bas\u00f3 en dominar el esf\u00e9rico y con conexiones de una banda a la otra tratar de romper el cerrojo que plant\u00f3 Orense en su \u00e1rea. A los 75, Christian Solano, que hab\u00eda ingresado un minuto antes, en su primer toque de bal\u00f3n\u00a0sentenci\u00f3 el partido. El delantero ecuatoriano emprendi\u00f3 carrera desde un poco m\u00e1s adelante de la mitad de la cancha y de ah\u00ed\u00a0sac\u00f3 un zapatazo de m\u00e1s de 30 metros\u00a0que termin\u00f3 en gol. Durante el tramo final del partido, Emelec se encontr\u00f3 con un penal a los 90, luego de una falta de\u00a0Gabriel Achiller\u00a0sobre Alejandro Cabeza. Al cobro acudi\u00f3\u00a0Miller Bola\u00f1os, que con un potente remate descont\u00f3 el marcador. Emelec\u00a0puso drama en los minutos finales del compromiso con dicha anotaci\u00f3n, pero no lograron empatar.\u00a0 Fuente: Bendito F\u00fatbol<\/p>\n","protected":false},"author":1,"featured_media":8681,"comment_status":"open","ping_status":"open","sticky":false,"template":"","format":"standard","meta":{"footnotes":""},"categories":[6],"tags":[],"class_list":["post-8680","post","type-post","status-publish","format-standard","has-post-thumbnail","hentry","category-deportes"],"_links":{"self":[{"href":"https:\/\/www.elamazonico.com\/portal\/wp-json\/wp\/v2\/posts\/8680","targetHints":{"allow":["GET"]}}],"collection":[{"href":"https:\/\/www.elamazonico.com\/portal\/wp-json\/wp\/v2\/posts"}],"about":[{"href":"https:\/\/www.elamazonico.com\/portal\/wp-json\/wp\/v2\/types\/post"}],"author":[{"embeddable":true,"href":"https:\/\/www.elamazonico.com\/portal\/wp-json\/wp\/v2\/users\/1"}],"replies":[{"embeddable":true,"href":"https:\/\/www.elamazonico.com\/portal\/wp-json\/wp\/v2\/comments?post=8680"}],"version-history":[{"count":2,"href":"https:\/\/www.elamazonico.com\/portal\/wp-json\/wp\/v2\/posts\/8680\/revisions"}],"predecessor-version":[{"id":8683,"href":"https:\/\/www.elamazonico.com\/portal\/wp-json\/wp\/v2\/posts\/8680\/revisions\/8683"}],"wp:featuredmedia":[{"embeddable":true,"href":"https:\/\/www.elamazonico.com\/portal\/wp-json\/wp\/v2\/media\/8681"}],"wp:attachment":[{"href":"https:\/\/www.elamazonico.com\/portal\/wp-json\/wp\/v2\/media?parent=8680"}],"wp:term":[{"taxonomy":"category","embeddable":true,"href":"https:\/\/www.elamazonico.com\/portal\/wp-json\/wp\/v2\/categories?post=8680"},{"taxonomy":"post_tag","embeddable":true,"href":"https:\/\/www.elamazonico.com\/portal\/wp-json\/wp\/v2\/tags?post=8680"}],"curies":[{"name":"wp","href":"https:\/\/api.w.org\/{rel}","templated":true}]}}