{"id":8658,"date":"2023-03-05T14:04:39","date_gmt":"2023-03-05T19:04:39","guid":{"rendered":"https:\/\/www.elamazonico.com\/portal\/?p=8658"},"modified":"2023-03-05T14:04:39","modified_gmt":"2023-03-05T19:04:39","slug":"por-que-es-tendencia-andres-chicaiza","status":"publish","type":"post","link":"https:\/\/www.elamazonico.com\/portal\/por-que-es-tendencia-andres-chicaiza\/","title":{"rendered":"\u00bfPor qu\u00e9 es tendencia Andr\u00e9s Chicaiza?"},"content":{"rendered":"<p id=\"m191-190-192\">El nombre de Andr\u00e9s Chicaiza, jugador de los registros de Liga de Quito, es una de las tendencias que genera conversaci\u00f3n en la red social Twitter.<\/p>\n<p id=\"m197-1-198\">\nLos aficionados de Liga de Quito\u00a0<b>reclaman una oportunidad para Andr\u00e9s Chicaiza\u00a0<\/b>en el primer plantel de su equipo, esto luego del flojo arranque en las dos primeras fechas de la LigaPro, donde lograron uno de seis puntos posibles.<\/p>\n<p>Para el 2023 Andr\u00e9s Chicaiza regres\u00f3 a Liga de Quito tras una cesi\u00f3n al Delf\u00edn de Manta, pero no fue tomado en cuenta por el entrenador Luis Zubeld\u00eda, quien tiene en el mediocampo a jugadores como Renato Ibarra, Alexander Alvarado, Jhojan Julio, Danny Luna o Jefferson Arce.<\/p>\n<p>Pero ninguno, a criterio de los aficionados que interact\u00faan en Twitter, tienen el manejo de bal\u00f3n y la<b>\u00a0habilidad que ha demostrado Andr\u00e9s Chicaiza<\/b>\u00a0para poner el \u00faltimo pase y dejar en posici\u00f3n de gol a los delanteros.<\/p>\n<p>Seg\u00fan\u00a0<i>Transfermarkt<\/i>, Andr\u00e9s Chicaiza lleva jugados en su carrera 205 partidos, anot\u00f3 43 goles y entreg\u00f3 26 asistencias.<\/p>\n<p>Al momento\u00a0<b>Andr\u00e9s Chicaiza no entrena con el plantel principal\u00a0<\/b>de Liga de Quito y est\u00e1 en espera de ir a alg\u00fan equipo de la LigaPro o del exterior.<\/p>\n<p>En caso de no conseguirlo est\u00e1 dispuesto a cumplir su contrato con los universitarios, mismo que termina en diciembre de 2023.<br \/>\n\u200b<\/p>\n<h3 id=\"m203-2-204\">Carrera de Andr\u00e9s Chicaiza<\/h3>\n<p id=\"m209-3-210\">Luis Andr\u00e9s Chicaiza Morales naci\u00f3 el 3 de abril de 1992 en Otavalo.<\/p>\n<p>Su habilidad con el bal\u00f3n hizo que se gane el apodo de\u00a0<b>&#8216;El Mago&#8217;, un mote que en m\u00e1s de una ocasi\u00f3n<\/b>\u00a0lo llevaron a destacar sobre el resto de sus compa\u00f1eros de profesi\u00f3n.<\/p>\n<p>Su carrera tom\u00f3 un giro radical cuando en el 2017 lleg\u00f3 al Delf\u00edn, su lugar en el mundo.<\/p>\n<p>Ese a\u00f1o fue el armador y conductor de ese Delf\u00edn que se qued\u00f3 con el subcampeonato del campeonato nacional. En las finales perdieron ante un imparable Emelec.<\/p>\n<p>Lleg\u00f3 en el 2019 a Liga de Quito, pero solo pudo estar un a\u00f1o. Luego\u00a0<b>fue cedido a Universidad Cat\u00f3lica (2020)<\/b>, Deportivo Cuenca (2021) y Delf\u00edn (2022).<\/p>\n<p>A\u00fan est\u00e1 por verse si en el 2023 tendr\u00e1 actividad en la Primera Divisi\u00f3n o si se mantendr\u00e1 entrenando para cumplir con su contrato. <strong>Fuente: Bendito F\u00fatbol<\/strong><\/p>\n","protected":false},"excerpt":{"rendered":"<p>El nombre de Andr\u00e9s Chicaiza, jugador de los registros de Liga de Quito, es una de las tendencias que genera conversaci\u00f3n en la red social Twitter. Los aficionados de Liga de Quito\u00a0reclaman una oportunidad para Andr\u00e9s Chicaiza\u00a0en el primer plantel de su equipo, esto luego del flojo arranque en las dos primeras fechas de la LigaPro, donde lograron uno de seis puntos posibles. Para el 2023 Andr\u00e9s Chicaiza regres\u00f3 a Liga de Quito tras una cesi\u00f3n al Delf\u00edn de Manta, pero no fue tomado en cuenta por el entrenador Luis Zubeld\u00eda, quien tiene en el mediocampo a jugadores como Renato Ibarra, Alexander Alvarado, Jhojan Julio, Danny Luna o Jefferson Arce. Pero ninguno, a criterio de los aficionados que interact\u00faan en Twitter, tienen el manejo de bal\u00f3n y la\u00a0habilidad que ha demostrado Andr\u00e9s Chicaiza\u00a0para poner el \u00faltimo pase y dejar en posici\u00f3n de gol a los delanteros. Seg\u00fan\u00a0Transfermarkt, Andr\u00e9s Chicaiza lleva jugados en su carrera 205 partidos, anot\u00f3 43 goles y entreg\u00f3 26 asistencias. Al momento\u00a0Andr\u00e9s Chicaiza no entrena con el plantel principal\u00a0de Liga de Quito y est\u00e1 en espera de ir a alg\u00fan equipo de la LigaPro o del exterior. En caso de no conseguirlo est\u00e1 dispuesto a cumplir su contrato con los universitarios, mismo que termina en diciembre de 2023. \u200b Carrera de Andr\u00e9s Chicaiza Luis Andr\u00e9s Chicaiza Morales naci\u00f3 el 3 de abril de 1992 en Otavalo. Su habilidad con el bal\u00f3n hizo que se gane el apodo de\u00a0&#8216;El Mago&#8217;, un mote que en m\u00e1s de una ocasi\u00f3n\u00a0lo llevaron a destacar sobre el resto de sus compa\u00f1eros de profesi\u00f3n. Su carrera tom\u00f3 un giro radical cuando en el 2017 lleg\u00f3 al Delf\u00edn, su lugar en el mundo. Ese a\u00f1o fue el armador y conductor de ese Delf\u00edn que se qued\u00f3 con el subcampeonato del campeonato nacional. En las finales perdieron ante un imparable Emelec. Lleg\u00f3 en el 2019 a Liga de Quito, pero solo pudo estar un a\u00f1o. Luego\u00a0fue cedido a Universidad Cat\u00f3lica (2020), Deportivo Cuenca (2021) y Delf\u00edn (2022). A\u00fan est\u00e1 por verse si en el 2023 tendr\u00e1 actividad en la Primera Divisi\u00f3n o si se mantendr\u00e1 entrenando para cumplir con su contrato. Fuente: Bendito F\u00fatbol<\/p>\n","protected":false},"author":1,"featured_media":8659,"comment_status":"open","ping_status":"open","sticky":false,"template":"","format":"standard","meta":{"footnotes":""},"categories":[6],"tags":[],"class_list":["post-8658","post","type-post","status-publish","format-standard","has-post-thumbnail","hentry","category-deportes"],"_links":{"self":[{"href":"https:\/\/www.elamazonico.com\/portal\/wp-json\/wp\/v2\/posts\/8658","targetHints":{"allow":["GET"]}}],"collection":[{"href":"https:\/\/www.elamazonico.com\/portal\/wp-json\/wp\/v2\/posts"}],"about":[{"href":"https:\/\/www.elamazonico.com\/portal\/wp-json\/wp\/v2\/types\/post"}],"author":[{"embeddable":true,"href":"https:\/\/www.elamazonico.com\/portal\/wp-json\/wp\/v2\/users\/1"}],"replies":[{"embeddable":true,"href":"https:\/\/www.elamazonico.com\/portal\/wp-json\/wp\/v2\/comments?post=8658"}],"version-history":[{"count":1,"href":"https:\/\/www.elamazonico.com\/portal\/wp-json\/wp\/v2\/posts\/8658\/revisions"}],"predecessor-version":[{"id":8660,"href":"https:\/\/www.elamazonico.com\/portal\/wp-json\/wp\/v2\/posts\/8658\/revisions\/8660"}],"wp:featuredmedia":[{"embeddable":true,"href":"https:\/\/www.elamazonico.com\/portal\/wp-json\/wp\/v2\/media\/8659"}],"wp:attachment":[{"href":"https:\/\/www.elamazonico.com\/portal\/wp-json\/wp\/v2\/media?parent=8658"}],"wp:term":[{"taxonomy":"category","embeddable":true,"href":"https:\/\/www.elamazonico.com\/portal\/wp-json\/wp\/v2\/categories?post=8658"},{"taxonomy":"post_tag","embeddable":true,"href":"https:\/\/www.elamazonico.com\/portal\/wp-json\/wp\/v2\/tags?post=8658"}],"curies":[{"name":"wp","href":"https:\/\/api.w.org\/{rel}","templated":true}]}}