{"id":8456,"date":"2023-02-22T11:05:32","date_gmt":"2023-02-22T16:05:32","guid":{"rendered":"https:\/\/www.elamazonico.com\/portal\/?p=8456"},"modified":"2023-02-22T11:22:07","modified_gmt":"2023-02-22T16:22:07","slug":"gobierno-central-invertira-4-000-millones-de-dolares-en-educacion","status":"publish","type":"post","link":"https:\/\/www.elamazonico.com\/portal\/gobierno-central-invertira-4-000-millones-de-dolares-en-educacion\/","title":{"rendered":"Gobierno central invertir\u00e1 4.000 millones de d\u00f3lares en educaci\u00f3n"},"content":{"rendered":"<p>Este 21 de febrero a trav\u00e9s de\u00a0un mensaje a la naci\u00f3n, el presidente Guillermo Lasso anunci\u00f3 que el gobierno destinar\u00e1 m\u00e1s de USD 4.000 millones en educaci\u00f3n para este 2023. \u201cNo s\u00f3lo porque la educaci\u00f3n es un mecanismo para reducir la desigualdad y la pobreza sino porque brinda oportunidades para desarrollo personal y colectivo\u201d, enfatiz\u00f3.<\/p>\n<p>El Primer Mandatario\u00a0mencion\u00f3 que hasta la fecha se han reabierto m\u00e1s de 197 unidades educativas; en 2022 se entregaron 161 establecimientos nuevos o reconstruidos integralmente. Adem\u00e1s, dijo \u201ceste a\u00f1o iniciaremos la construcci\u00f3n y equipamiento de 10 m\u00e1s con una inversi\u00f3n de USD 45 millones, beneficiando a un total de 11.400 estudiantes\u201d.<\/p>\n<p>Asimismo, explic\u00f3 que en este 2023, el Gobierno del Ecuador reemplazar\u00e1 75 campamentos, que fueron instalados durante el terremoto, por una infraestructura definitiva. Mientras que, en la frontera norte de la provincia de Esmeraldas, se reconstruir\u00e1n 103 unidades educativas. Se incrementar\u00e1n a 300 Escuelas Referentes a escala nacional.<\/p>\n<p>Parte de esta transformaci\u00f3n educativa es el reconocimiento a la funci\u00f3n esencial que desarrollan los docentes. \u201cPor eso, el Gobierno del Ecuador le ha devuelto la dignidad e importancia que se merecen\u201d; dijo el presidente Lasso y asegur\u00f3 que en este a\u00f1o se abrir\u00e1n m\u00e1s de 3.300 plazas de empleo para docentes; y que para el 2024 se contratar\u00e1n a 1.700 m\u00e1s. Fuente: El Tel\u00e9grafo<\/p>\n","protected":false},"excerpt":{"rendered":"<p>Este 21 de febrero a trav\u00e9s de\u00a0un mensaje a la naci\u00f3n, el presidente Guillermo Lasso anunci\u00f3 que el gobierno destinar\u00e1 m\u00e1s de USD 4.000 millones en educaci\u00f3n para este 2023. \u201cNo s\u00f3lo porque la educaci\u00f3n es un mecanismo para reducir la desigualdad y la pobreza sino porque brinda oportunidades para desarrollo personal y colectivo\u201d, enfatiz\u00f3. El Primer Mandatario\u00a0mencion\u00f3 que hasta la fecha se han reabierto m\u00e1s de 197 unidades educativas; en 2022 se entregaron 161 establecimientos nuevos o reconstruidos integralmente. Adem\u00e1s, dijo \u201ceste a\u00f1o iniciaremos la construcci\u00f3n y equipamiento de 10 m\u00e1s con una inversi\u00f3n de USD 45 millones, beneficiando a un total de 11.400 estudiantes\u201d. Asimismo, explic\u00f3 que en este 2023, el Gobierno del Ecuador reemplazar\u00e1 75 campamentos, que fueron instalados durante el terremoto, por una infraestructura definitiva. Mientras que, en la frontera norte de la provincia de Esmeraldas, se reconstruir\u00e1n 103 unidades educativas. Se incrementar\u00e1n a 300 Escuelas Referentes a escala nacional. Parte de esta transformaci\u00f3n educativa es el reconocimiento a la funci\u00f3n esencial que desarrollan los docentes. \u201cPor eso, el Gobierno del Ecuador le ha devuelto la dignidad e importancia que se merecen\u201d; dijo el presidente Lasso y asegur\u00f3 que en este a\u00f1o se abrir\u00e1n m\u00e1s de 3.300 plazas de empleo para docentes; y que para el 2024 se contratar\u00e1n a 1.700 m\u00e1s. Fuente: El Tel\u00e9grafo<\/p>\n","protected":false},"author":1,"featured_media":8457,"comment_status":"open","ping_status":"open","sticky":false,"template":"","format":"standard","meta":{"footnotes":""},"categories":[1],"tags":[],"class_list":["post-8456","post","type-post","status-publish","format-standard","has-post-thumbnail","hentry","category-uncategorized"],"_links":{"self":[{"href":"https:\/\/www.elamazonico.com\/portal\/wp-json\/wp\/v2\/posts\/8456","targetHints":{"allow":["GET"]}}],"collection":[{"href":"https:\/\/www.elamazonico.com\/portal\/wp-json\/wp\/v2\/posts"}],"about":[{"href":"https:\/\/www.elamazonico.com\/portal\/wp-json\/wp\/v2\/types\/post"}],"author":[{"embeddable":true,"href":"https:\/\/www.elamazonico.com\/portal\/wp-json\/wp\/v2\/users\/1"}],"replies":[{"embeddable":true,"href":"https:\/\/www.elamazonico.com\/portal\/wp-json\/wp\/v2\/comments?post=8456"}],"version-history":[{"count":1,"href":"https:\/\/www.elamazonico.com\/portal\/wp-json\/wp\/v2\/posts\/8456\/revisions"}],"predecessor-version":[{"id":8458,"href":"https:\/\/www.elamazonico.com\/portal\/wp-json\/wp\/v2\/posts\/8456\/revisions\/8458"}],"wp:featuredmedia":[{"embeddable":true,"href":"https:\/\/www.elamazonico.com\/portal\/wp-json\/wp\/v2\/media\/8457"}],"wp:attachment":[{"href":"https:\/\/www.elamazonico.com\/portal\/wp-json\/wp\/v2\/media?parent=8456"}],"wp:term":[{"taxonomy":"category","embeddable":true,"href":"https:\/\/www.elamazonico.com\/portal\/wp-json\/wp\/v2\/categories?post=8456"},{"taxonomy":"post_tag","embeddable":true,"href":"https:\/\/www.elamazonico.com\/portal\/wp-json\/wp\/v2\/tags?post=8456"}],"curies":[{"name":"wp","href":"https:\/\/api.w.org\/{rel}","templated":true}]}}