{"id":8404,"date":"2023-02-16T12:28:50","date_gmt":"2023-02-16T17:28:50","guid":{"rendered":"https:\/\/www.elamazonico.com\/portal\/?p=8404"},"modified":"2023-02-16T12:28:50","modified_gmt":"2023-02-16T17:28:50","slug":"la-mafia-albanesa-consolido-su-presencia-en-ecuador-desde-2010","status":"publish","type":"post","link":"https:\/\/www.elamazonico.com\/portal\/la-mafia-albanesa-consolido-su-presencia-en-ecuador-desde-2010\/","title":{"rendered":"La mafia albanesa consolid\u00f3 su presencia en Ecuador desde 2010"},"content":{"rendered":"<blockquote><p><em>En noviembre del a\u00f1o pasado sali\u00f3 de la c\u00e1rcel de Cotopaxi, uno de los narcotraficantes m\u00e1s peligrosos de la denominada mafia albanesa, en medio del silencio.<\/em><\/p><\/blockquote>\n<p>Dritan Rexephi, conocido por la polic\u00eda como el \u00abzar de la coca\u00edna\u00bb o \u00abel rey de las fugas\u00bb, es un narcotraficante alban\u00e9s que estuvo detenido en la c\u00e1rcel de Latacunga desde 2014. Fue sentenciado a 13 a\u00f1os de prisi\u00f3n por narcotr\u00e1fico, lavado de activos, pero sali\u00f3 libre en noviembre del a\u00f1o pasado.<\/p>\n<p>Seg\u00fan informes internacionales, desde la c\u00e1rcel control\u00f3 los env\u00edos de droga a Europa y oper\u00f3 en los gobiernos de Rafael Correa, Lenin Moreno y Guillermo Lasso. Su abogado fue Harrison Salcedo, asesinado en 2021.<\/p>\n<p>\u00bfPero c\u00f3mo lleg\u00f3 la mafia albanesa al Ecuador?, le consultamos a Arturo Torres, periodista que investig\u00f3 \u00e9ste y otros casos sobre la presencia de mafias internacionales del narcotr\u00e1fico.<\/p>\n<p>\u00abLos primeros registros son del a\u00f1o 2010, un a\u00f1o despu\u00e9s de la ciudadan\u00eda universal, en la cual no te exig\u00edan visa y ah\u00ed empiezan a ingresar sostenidamente porque adem\u00e1s saben que no los est\u00e1n investigando, polic\u00eda sale del control de migraci\u00f3n, entonces ese es un momento de quiebre\u00bb.<\/p>\n<p>El experto en seguridad, Mario Pazmi\u00f1o, asegura que la mafia albanesa controla casi en su totalidad el negocio de la droga que sale desde el Ecuador.<\/p>\n<p>\u00abB\u00e9lgica es uno de los puntos de entrada de la droga a Europa, lo interesante es que ah\u00ed opera la mafia albanesa\u00bb.<\/p>\n<p>As\u00ed, Estados Unidos dej\u00f3 de ser el principal mercado de la droga que pasa por el Ecuador y pas\u00f3 a otro destino, Europa.<\/p>\n<p>\u00abSon cerca de 360 toneladas que salen por el Puerto de Guayaquil y 165 por el Puerto de Manta; y todos estos se conectan con esas mafias\u00bb.<\/p>\n<p>En estos d\u00edas se public\u00f3 informaci\u00f3n sobre los v\u00ednculos de otro alban\u00e9s, Dritan Gkajika, relacionado a una importadora acusada de narcotr\u00e1fico.<\/p>\n<p>Desde el 2019 se han reportado dos asesinatos de ciudadanos albaneses, en Dur\u00e1n y Guayaquil, quienes eran investigados por narcotr\u00e1fico. <strong>Fuente: Ecuadorenvivo<\/strong><\/p>\n<p><iframe title=\"Expertos dicen que la mafia albanesa casi controla el negocio de la droga | Televistazo | Ecuavisa\" width=\"740\" height=\"416\" src=\"https:\/\/www.youtube.com\/embed\/ujYURpGbp_Y?feature=oembed\" frameborder=\"0\" allow=\"accelerometer; autoplay; clipboard-write; encrypted-media; gyroscope; picture-in-picture; web-share\" referrerpolicy=\"strict-origin-when-cross-origin\" allowfullscreen><\/iframe><\/p>\n","protected":false},"excerpt":{"rendered":"<p>En noviembre del a\u00f1o pasado sali\u00f3 de la c\u00e1rcel de Cotopaxi, uno de los narcotraficantes m\u00e1s peligrosos de la denominada mafia albanesa, en medio del silencio. Dritan Rexephi, conocido por la polic\u00eda como el \u00abzar de la coca\u00edna\u00bb o \u00abel rey de las fugas\u00bb, es un narcotraficante alban\u00e9s que estuvo detenido en la c\u00e1rcel de Latacunga desde 2014. Fue sentenciado a 13 a\u00f1os de prisi\u00f3n por narcotr\u00e1fico, lavado de activos, pero sali\u00f3 libre en noviembre del a\u00f1o pasado. Seg\u00fan informes internacionales, desde la c\u00e1rcel control\u00f3 los env\u00edos de droga a Europa y oper\u00f3 en los gobiernos de Rafael Correa, Lenin Moreno y Guillermo Lasso. Su abogado fue Harrison Salcedo, asesinado en 2021. \u00bfPero c\u00f3mo lleg\u00f3 la mafia albanesa al Ecuador?, le consultamos a Arturo Torres, periodista que investig\u00f3 \u00e9ste y otros casos sobre la presencia de mafias internacionales del narcotr\u00e1fico. \u00abLos primeros registros son del a\u00f1o 2010, un a\u00f1o despu\u00e9s de la ciudadan\u00eda universal, en la cual no te exig\u00edan visa y ah\u00ed empiezan a ingresar sostenidamente porque adem\u00e1s saben que no los est\u00e1n investigando, polic\u00eda sale del control de migraci\u00f3n, entonces ese es un momento de quiebre\u00bb. El experto en seguridad, Mario Pazmi\u00f1o, asegura que la mafia albanesa controla casi en su totalidad el negocio de la droga que sale desde el Ecuador. \u00abB\u00e9lgica es uno de los puntos de entrada de la droga a Europa, lo interesante es que ah\u00ed opera la mafia albanesa\u00bb. As\u00ed, Estados Unidos dej\u00f3 de ser el principal mercado de la droga que pasa por el Ecuador y pas\u00f3 a otro destino, Europa. \u00abSon cerca de 360 toneladas que salen por el Puerto de Guayaquil y 165 por el Puerto de Manta; y todos estos se conectan con esas mafias\u00bb. En estos d\u00edas se public\u00f3 informaci\u00f3n sobre los v\u00ednculos de otro alban\u00e9s, Dritan Gkajika, relacionado a una importadora acusada de narcotr\u00e1fico. Desde el 2019 se han reportado dos asesinatos de ciudadanos albaneses, en Dur\u00e1n y Guayaquil, quienes eran investigados por narcotr\u00e1fico. Fuente: Ecuadorenvivo<\/p>\n","protected":false},"author":1,"featured_media":8405,"comment_status":"open","ping_status":"open","sticky":false,"template":"","format":"standard","meta":{"footnotes":""},"categories":[268],"tags":[],"class_list":["post-8404","post","type-post","status-publish","format-standard","has-post-thumbnail","hentry","category-nacionales"],"_links":{"self":[{"href":"https:\/\/www.elamazonico.com\/portal\/wp-json\/wp\/v2\/posts\/8404","targetHints":{"allow":["GET"]}}],"collection":[{"href":"https:\/\/www.elamazonico.com\/portal\/wp-json\/wp\/v2\/posts"}],"about":[{"href":"https:\/\/www.elamazonico.com\/portal\/wp-json\/wp\/v2\/types\/post"}],"author":[{"embeddable":true,"href":"https:\/\/www.elamazonico.com\/portal\/wp-json\/wp\/v2\/users\/1"}],"replies":[{"embeddable":true,"href":"https:\/\/www.elamazonico.com\/portal\/wp-json\/wp\/v2\/comments?post=8404"}],"version-history":[{"count":1,"href":"https:\/\/www.elamazonico.com\/portal\/wp-json\/wp\/v2\/posts\/8404\/revisions"}],"predecessor-version":[{"id":8406,"href":"https:\/\/www.elamazonico.com\/portal\/wp-json\/wp\/v2\/posts\/8404\/revisions\/8406"}],"wp:featuredmedia":[{"embeddable":true,"href":"https:\/\/www.elamazonico.com\/portal\/wp-json\/wp\/v2\/media\/8405"}],"wp:attachment":[{"href":"https:\/\/www.elamazonico.com\/portal\/wp-json\/wp\/v2\/media?parent=8404"}],"wp:term":[{"taxonomy":"category","embeddable":true,"href":"https:\/\/www.elamazonico.com\/portal\/wp-json\/wp\/v2\/categories?post=8404"},{"taxonomy":"post_tag","embeddable":true,"href":"https:\/\/www.elamazonico.com\/portal\/wp-json\/wp\/v2\/tags?post=8404"}],"curies":[{"name":"wp","href":"https:\/\/api.w.org\/{rel}","templated":true}]}}