{"id":8387,"date":"2023-02-15T17:01:54","date_gmt":"2023-02-15T22:01:54","guid":{"rendered":"https:\/\/www.elamazonico.com\/portal\/?p=8387"},"modified":"2023-02-15T17:02:52","modified_gmt":"2023-02-15T22:02:52","slug":"medio-digital-hace-un-uso-abusivo-de-las-conjeturas-y-nos-llevan-a-algunas-confusiones","status":"publish","type":"post","link":"https:\/\/www.elamazonico.com\/portal\/medio-digital-hace-un-uso-abusivo-de-las-conjeturas-y-nos-llevan-a-algunas-confusiones\/","title":{"rendered":"Medio digital hace un uso abusivo de las conjeturas y &#8216;nos llevan a algunas confusiones&#8217;"},"content":{"rendered":"<p>El lunes se\u00a0revel\u00f3 un informe policial que vincular\u00eda a autoridades del Gobierno con el narcotr\u00e1fico. Al respecto, el exministro del Interior, Patricio Carrillo, cuestion\u00f3 si se defiende la verdad o un relato, si \u00bfdefendemos una narrativa? y es que -a su criterio- el medio digital que dio a conocer el documento archivado por Fiscal\u00eda, lo hizo sin entender c\u00f3mo opera el Estado y sus instituciones, sin considerar l\u00edneas de tiempo. \u00abEst\u00e1n haciendo un uso abusivo de las conjeturas y no est\u00e1n llevando a algunas confusiones\u00bb.<\/p>\n<p>Uno de los periodistas mencion\u00f3 ante la Asamblea Nacional que el ministro Carrillo conoc\u00eda y dio el pase a algunos sobre el informe, pero las l\u00edneas de tiempo no coinciden porque \u00abfui Comandante de la Polic\u00eda hasta marzo de 2021 y la investigaci\u00f3n inici\u00f3 en mayo de ese mismo a\u00f1o\u00bb, detall\u00f3 al explicar que enero de 2022 \u00e9sta fue archivada y \u00e9l regres\u00f3 a la funci\u00f3n p\u00fablica\u00a0en marzo de ese a\u00f1o, por lo tanto \u00abno es posible\u00bb que haya conocido el informe de la supuesta mafia albanesa, \u00ablos tiempos no coinciden\u00bb insiste tras afirmar que \u00abhay mala fe expresa, porque alg\u00fan inter\u00e9s existe\u00bb.<\/p>\n<p>A su juicio, las medias verdades que se dicen son para ocultar la verdad real del problema y es que existe \u00abuna disfuncionalidad de la pol\u00edtica, hay una utilizaci\u00f3n de la antipol\u00edtica para romper un Estado democr\u00e1tico; hay una presencia indiscutible del crimen organizado -a trav\u00e9s de econom\u00edas ilegales- que est\u00e1n compitiendo con el Gobierno estatal y este gobierno criminal tiene un enorme financiamiento\u00bb. <strong>Fuente: Ecuadorenvivo<\/strong><\/p>\n","protected":false},"excerpt":{"rendered":"<p>El lunes se\u00a0revel\u00f3 un informe policial que vincular\u00eda a autoridades del Gobierno con el narcotr\u00e1fico. Al respecto, el exministro del Interior, Patricio Carrillo, cuestion\u00f3 si se defiende la verdad o un relato, si \u00bfdefendemos una narrativa? y es que -a su criterio- el medio digital que dio a conocer el documento archivado por Fiscal\u00eda, lo hizo sin entender c\u00f3mo opera el Estado y sus instituciones, sin considerar l\u00edneas de tiempo. \u00abEst\u00e1n haciendo un uso abusivo de las conjeturas y no est\u00e1n llevando a algunas confusiones\u00bb. Uno de los periodistas mencion\u00f3 ante la Asamblea Nacional que el ministro Carrillo conoc\u00eda y dio el pase a algunos sobre el informe, pero las l\u00edneas de tiempo no coinciden porque \u00abfui Comandante de la Polic\u00eda hasta marzo de 2021 y la investigaci\u00f3n inici\u00f3 en mayo de ese mismo a\u00f1o\u00bb, detall\u00f3 al explicar que enero de 2022 \u00e9sta fue archivada y \u00e9l regres\u00f3 a la funci\u00f3n p\u00fablica\u00a0en marzo de ese a\u00f1o, por lo tanto \u00abno es posible\u00bb que haya conocido el informe de la supuesta mafia albanesa, \u00ablos tiempos no coinciden\u00bb insiste tras afirmar que \u00abhay mala fe expresa, porque alg\u00fan inter\u00e9s existe\u00bb. A su juicio, las medias verdades que se dicen son para ocultar la verdad real del problema y es que existe \u00abuna disfuncionalidad de la pol\u00edtica, hay una utilizaci\u00f3n de la antipol\u00edtica para romper un Estado democr\u00e1tico; hay una presencia indiscutible del crimen organizado -a trav\u00e9s de econom\u00edas ilegales- que est\u00e1n compitiendo con el Gobierno estatal y este gobierno criminal tiene un enorme financiamiento\u00bb. Fuente: Ecuadorenvivo<\/p>\n","protected":false},"author":1,"featured_media":8388,"comment_status":"open","ping_status":"open","sticky":false,"template":"","format":"standard","meta":{"footnotes":""},"categories":[268],"tags":[],"class_list":["post-8387","post","type-post","status-publish","format-standard","has-post-thumbnail","hentry","category-nacionales"],"_links":{"self":[{"href":"https:\/\/www.elamazonico.com\/portal\/wp-json\/wp\/v2\/posts\/8387","targetHints":{"allow":["GET"]}}],"collection":[{"href":"https:\/\/www.elamazonico.com\/portal\/wp-json\/wp\/v2\/posts"}],"about":[{"href":"https:\/\/www.elamazonico.com\/portal\/wp-json\/wp\/v2\/types\/post"}],"author":[{"embeddable":true,"href":"https:\/\/www.elamazonico.com\/portal\/wp-json\/wp\/v2\/users\/1"}],"replies":[{"embeddable":true,"href":"https:\/\/www.elamazonico.com\/portal\/wp-json\/wp\/v2\/comments?post=8387"}],"version-history":[{"count":1,"href":"https:\/\/www.elamazonico.com\/portal\/wp-json\/wp\/v2\/posts\/8387\/revisions"}],"predecessor-version":[{"id":8389,"href":"https:\/\/www.elamazonico.com\/portal\/wp-json\/wp\/v2\/posts\/8387\/revisions\/8389"}],"wp:featuredmedia":[{"embeddable":true,"href":"https:\/\/www.elamazonico.com\/portal\/wp-json\/wp\/v2\/media\/8388"}],"wp:attachment":[{"href":"https:\/\/www.elamazonico.com\/portal\/wp-json\/wp\/v2\/media?parent=8387"}],"wp:term":[{"taxonomy":"category","embeddable":true,"href":"https:\/\/www.elamazonico.com\/portal\/wp-json\/wp\/v2\/categories?post=8387"},{"taxonomy":"post_tag","embeddable":true,"href":"https:\/\/www.elamazonico.com\/portal\/wp-json\/wp\/v2\/tags?post=8387"}],"curies":[{"name":"wp","href":"https:\/\/api.w.org\/{rel}","templated":true}]}}