{"id":8384,"date":"2023-02-15T16:53:41","date_gmt":"2023-02-15T21:53:41","guid":{"rendered":"https:\/\/www.elamazonico.com\/portal\/?p=8384"},"modified":"2023-02-15T16:53:41","modified_gmt":"2023-02-15T21:53:41","slug":"por-que-liberaron-a-junior-roldan-cabecilla-de-los-choneros-detallan-el-motivo","status":"publish","type":"post","link":"https:\/\/www.elamazonico.com\/portal\/por-que-liberaron-a-junior-roldan-cabecilla-de-los-choneros-detallan-el-motivo\/","title":{"rendered":"\u00bfPor qu\u00e9 liberaron a Junior Rold\u00e1n, cabecilla de Los Choneros? Detallan el motivo"},"content":{"rendered":"<p class=\"p_0\">Un d\u00eda despu\u00e9s de la excarcelaci\u00f3n de Junior Rold\u00e1n alias JR, uno de los principales\u00a0<b>cabecillas\u00a0<\/b>de la banda delictiva\u00a0<b>\u00abLos Choneros\u00bb, la presidenta de la Corte Provincial de Justicia del Guayas,\u00a0<\/b>Fabiardo Gallardo, se pronunci\u00f3 para explicar el motivo de su salida.<\/p>\n<p class=\"p_1\">En una rueda de prensa, realizada este mi\u00e9rcoles 15 de febrero de 2023, Gallardo se refiri\u00f3 a las declaraciones del presidente de la Rep\u00fablica,\u00a0<b>Guillermo Lasso<\/b>, quien responsabiliz\u00f3 a la funci\u00f3n judicial por el habeas corpus a favor de JR.<\/p>\n<p class=\"p_2\">La funcionaria rechaz\u00f3 la declaraci\u00f3n del primer mandatario, al se\u00f1alar que cuando el juez Jorge Aldaz le dio el\u00a0<b>beneficio penitenciario\u00a0<\/b>de prelibertad a Rold\u00e1n, el Servicio Nacional de Atenci\u00f3n Integral a Personas Adultas Privadas de la Libertad y a Adolescentes Infractores (<b>SNAI<\/b>) no apel\u00f3 la resoluci\u00f3n, ni tampoco present\u00f3 alg\u00fan pedido de revisi\u00f3n o revocatoria, cuando fue detenido, posteriormente, por el delito de tr\u00e1fico il\u00edcito de armas.<\/p>\n<p class=\"p_3\">Gallardo record\u00f3 que el pasado 15 de diciembre de 2022, el magistrado concedi\u00f3 la prelibertad a JR, sustentado en un<b>\u00a0informe del SNAI<\/b>, que conten\u00eda anexados 299 documentos a favor del procesado.<\/p>\n<p class=\"p_4\">\u00abDocumentaci\u00f3n que, adem\u00e1s, fue ratificada oralmente en la audiencia por dicha entidad\u00bb, a\u00f1adi\u00f3 la presidenta.<\/p>\n<p class=\"p_5\">Asimismo, record\u00f3 que durante la noche de ese mismo d\u00eda, Rold\u00e1n fue\u00a0<b>detenido<\/b>\u00a0en un operativo ejecutado por la Fiscal\u00eda. Despu\u00e9s de salir del centro de privaci\u00f3n de libertad, en aquella ocasi\u00f3n, varias unidades policiales reportaron que hab\u00eda sujetos con armas de grueso calibre dentro de diez veh\u00edculos, varios blindados, custodiando al excarcelado.<\/p>\n<p class=\"p_6\">En ese entonces, Rold\u00e1n fue recapturado, horas despu\u00e9s de salir de la Penitenciar\u00eda del Litoral, mediante el beneficio de la prelibertad y con un informe favorable del SNAI.<\/p>\n<p class=\"p_7\">\u00abSin embargo, el 3 de febrero de este a\u00f1o, en este proceso penal de tr\u00e1fico il\u00edcito de armas, el<b>\u00a0fiscal Julio S\u00e1nchez\u00a0<\/b>emiti\u00f3 dictamen abstentivo a favor de Junior Rold\u00e1n\u00bb, indic\u00f3 la titular de la Corte.<\/p>\n<p class=\"p_8\">Por ese motivo, Gallardo argument\u00f3 que \u00abante la falta de acusaci\u00f3n fiscal\u00bb la jueza Mar\u00eda Guzm\u00e1n de la Unidad Multicompetente de la Aurora emiti\u00f3 resoluci\u00f3n de\u00a0<b>sobreseimiento<\/b>. \u00abDe acuerdo a la normativa constitucional y legal, el juez debe sobreseer\u00bb, enfatiz\u00f3.<\/p>\n<p class=\"p_9\"><b>LEA TAMBI\u00c9N:\u00a0<\/b><a href=\"https:\/\/www.vistazo.com\/actualidad\/nacional\/excarcelacion-de-junior-roldan-alias-jr-ocasiona-ataque-de-grupo-armado-dos-policias-fueron-heridos-NB4452593\">Excarcelaci\u00f3n de Junior Rold\u00e1n alias JR ocasiona ataque de grupo armado: dos polic\u00edas fueron heridos<\/a><\/p>\n<p class=\"p_10\">Lasso acus\u00f3 este martes a la Justicia y a la Fiscal\u00eda por la liberaci\u00f3n de JR. \u00abCon profunda indignaci\u00f3n y con gran preocupaci\u00f3n debo informarles que el d\u00eda de hoy, por medio de un h\u00e1beas corpus, la Justicia ecuatoriana ha dejado libre al m\u00e1s grande y peligroso delincuente, alias Junior\u00bb, asegur\u00f3 en un mensaje difundido por la Secretar\u00eda de Comunicaci\u00f3n de la Presidencia.<\/p>\n<p class=\"p_11\">El mandatario record\u00f3 que el pasado 3 de febrero \u00abya se intent\u00f3\u00bb dejar en libertad a \u00abJunior\u00bb, el alias de Junior Rold\u00e1n, pero indic\u00f3 que en esa oportunidad no ocurri\u00f3, por lo que hab\u00eda ofrecido que no dejar\u00eda que dicho reo saliera de la c\u00e1rcel.<\/p>\n<p class=\"p_12\">No obstante, \u00abla Justicia y la Fiscal\u00eda han permitido que Junior salga libre\u00bb, se lament\u00f3 Lasso tras indicar que su Gobierno, junto con las fuerzas del orden, seguir\u00e1n \u00abtrabajando contra las mafias, contra el narcotr\u00e1fico, contra el crimen organizado\u00bb.<\/p>\n<p class=\"p_13\">El mandatario advirti\u00f3 que, seg\u00fan \u00e9l, \u00abno existe la colaboraci\u00f3n de la Justicia, de la Fiscal\u00eda y de otras instituciones del Estado para trabajar en conjunto\u00bb en favor de la seguridad de los ciudadanos.<\/p>\n<p class=\"p_14\">La excarcelaci\u00f3n de Rold\u00e1n se dispuso tras la concesi\u00f3n de un habeas corpus solicitado por la defensa del procesado, quien ha sido sentenciado en el pasado por los delitos de asesinato, delincuencia organizada e ingreso de art\u00edculos prohibidos a la c\u00e1rcel. <strong>Fuente: Vistazo<\/strong><\/p>\n","protected":false},"excerpt":{"rendered":"<p>Un d\u00eda despu\u00e9s de la excarcelaci\u00f3n de Junior Rold\u00e1n alias JR, uno de los principales\u00a0cabecillas\u00a0de la banda delictiva\u00a0\u00abLos Choneros\u00bb, la presidenta de la Corte Provincial de Justicia del Guayas,\u00a0Fabiardo Gallardo, se pronunci\u00f3 para explicar el motivo de su salida. En una rueda de prensa, realizada este mi\u00e9rcoles 15 de febrero de 2023, Gallardo se refiri\u00f3 a las declaraciones del presidente de la Rep\u00fablica,\u00a0Guillermo Lasso, quien responsabiliz\u00f3 a la funci\u00f3n judicial por el habeas corpus a favor de JR. La funcionaria rechaz\u00f3 la declaraci\u00f3n del primer mandatario, al se\u00f1alar que cuando el juez Jorge Aldaz le dio el\u00a0beneficio penitenciario\u00a0de prelibertad a Rold\u00e1n, el Servicio Nacional de Atenci\u00f3n Integral a Personas Adultas Privadas de la Libertad y a Adolescentes Infractores (SNAI) no apel\u00f3 la resoluci\u00f3n, ni tampoco present\u00f3 alg\u00fan pedido de revisi\u00f3n o revocatoria, cuando fue detenido, posteriormente, por el delito de tr\u00e1fico il\u00edcito de armas. Gallardo record\u00f3 que el pasado 15 de diciembre de 2022, el magistrado concedi\u00f3 la prelibertad a JR, sustentado en un\u00a0informe del SNAI, que conten\u00eda anexados 299 documentos a favor del procesado. \u00abDocumentaci\u00f3n que, adem\u00e1s, fue ratificada oralmente en la audiencia por dicha entidad\u00bb, a\u00f1adi\u00f3 la presidenta. Asimismo, record\u00f3 que durante la noche de ese mismo d\u00eda, Rold\u00e1n fue\u00a0detenido\u00a0en un operativo ejecutado por la Fiscal\u00eda. Despu\u00e9s de salir del centro de privaci\u00f3n de libertad, en aquella ocasi\u00f3n, varias unidades policiales reportaron que hab\u00eda sujetos con armas de grueso calibre dentro de diez veh\u00edculos, varios blindados, custodiando al excarcelado. En ese entonces, Rold\u00e1n fue recapturado, horas despu\u00e9s de salir de la Penitenciar\u00eda del Litoral, mediante el beneficio de la prelibertad y con un informe favorable del SNAI. \u00abSin embargo, el 3 de febrero de este a\u00f1o, en este proceso penal de tr\u00e1fico il\u00edcito de armas, el\u00a0fiscal Julio S\u00e1nchez\u00a0emiti\u00f3 dictamen abstentivo a favor de Junior Rold\u00e1n\u00bb, indic\u00f3 la titular de la Corte. Por ese motivo, Gallardo argument\u00f3 que \u00abante la falta de acusaci\u00f3n fiscal\u00bb la jueza Mar\u00eda Guzm\u00e1n de la Unidad Multicompetente de la Aurora emiti\u00f3 resoluci\u00f3n de\u00a0sobreseimiento. \u00abDe acuerdo a la normativa constitucional y legal, el juez debe sobreseer\u00bb, enfatiz\u00f3. LEA TAMBI\u00c9N:\u00a0Excarcelaci\u00f3n de Junior Rold\u00e1n alias JR ocasiona ataque de grupo armado: dos polic\u00edas fueron heridos Lasso acus\u00f3 este martes a la Justicia y a la Fiscal\u00eda por la liberaci\u00f3n de JR. \u00abCon profunda indignaci\u00f3n y con gran preocupaci\u00f3n debo informarles que el d\u00eda de hoy, por medio de un h\u00e1beas corpus, la Justicia ecuatoriana ha dejado libre al m\u00e1s grande y peligroso delincuente, alias Junior\u00bb, asegur\u00f3 en un mensaje difundido por la Secretar\u00eda de Comunicaci\u00f3n de la Presidencia. El mandatario record\u00f3 que el pasado 3 de febrero \u00abya se intent\u00f3\u00bb dejar en libertad a \u00abJunior\u00bb, el alias de Junior Rold\u00e1n, pero indic\u00f3 que en esa oportunidad no ocurri\u00f3, por lo que hab\u00eda ofrecido que no dejar\u00eda que dicho reo saliera de la c\u00e1rcel. No obstante, \u00abla Justicia y la Fiscal\u00eda han permitido que Junior salga libre\u00bb, se lament\u00f3 Lasso tras indicar que su Gobierno, junto con las fuerzas del orden, seguir\u00e1n \u00abtrabajando contra las mafias, contra el narcotr\u00e1fico, contra el crimen organizado\u00bb. El mandatario advirti\u00f3 que, seg\u00fan \u00e9l, \u00abno existe la colaboraci\u00f3n de la Justicia, de la Fiscal\u00eda y de otras instituciones del Estado para trabajar en conjunto\u00bb en favor de la seguridad de los ciudadanos. La excarcelaci\u00f3n de Rold\u00e1n se dispuso tras la concesi\u00f3n de un habeas corpus solicitado por la defensa del procesado, quien ha sido sentenciado en el pasado por los delitos de asesinato, delincuencia organizada e ingreso de art\u00edculos prohibidos a la c\u00e1rcel. Fuente: Vistazo<\/p>\n","protected":false},"author":1,"featured_media":8385,"comment_status":"open","ping_status":"open","sticky":false,"template":"","format":"standard","meta":{"footnotes":""},"categories":[268],"tags":[],"class_list":["post-8384","post","type-post","status-publish","format-standard","has-post-thumbnail","hentry","category-nacionales"],"_links":{"self":[{"href":"https:\/\/www.elamazonico.com\/portal\/wp-json\/wp\/v2\/posts\/8384","targetHints":{"allow":["GET"]}}],"collection":[{"href":"https:\/\/www.elamazonico.com\/portal\/wp-json\/wp\/v2\/posts"}],"about":[{"href":"https:\/\/www.elamazonico.com\/portal\/wp-json\/wp\/v2\/types\/post"}],"author":[{"embeddable":true,"href":"https:\/\/www.elamazonico.com\/portal\/wp-json\/wp\/v2\/users\/1"}],"replies":[{"embeddable":true,"href":"https:\/\/www.elamazonico.com\/portal\/wp-json\/wp\/v2\/comments?post=8384"}],"version-history":[{"count":1,"href":"https:\/\/www.elamazonico.com\/portal\/wp-json\/wp\/v2\/posts\/8384\/revisions"}],"predecessor-version":[{"id":8386,"href":"https:\/\/www.elamazonico.com\/portal\/wp-json\/wp\/v2\/posts\/8384\/revisions\/8386"}],"wp:featuredmedia":[{"embeddable":true,"href":"https:\/\/www.elamazonico.com\/portal\/wp-json\/wp\/v2\/media\/8385"}],"wp:attachment":[{"href":"https:\/\/www.elamazonico.com\/portal\/wp-json\/wp\/v2\/media?parent=8384"}],"wp:term":[{"taxonomy":"category","embeddable":true,"href":"https:\/\/www.elamazonico.com\/portal\/wp-json\/wp\/v2\/categories?post=8384"},{"taxonomy":"post_tag","embeddable":true,"href":"https:\/\/www.elamazonico.com\/portal\/wp-json\/wp\/v2\/tags?post=8384"}],"curies":[{"name":"wp","href":"https:\/\/api.w.org\/{rel}","templated":true}]}}