{"id":8381,"date":"2023-02-15T16:23:34","date_gmt":"2023-02-15T21:23:34","guid":{"rendered":"https:\/\/www.elamazonico.com\/portal\/?p=8381"},"modified":"2023-02-15T16:49:58","modified_gmt":"2023-02-15T21:49:58","slug":"presidente-de-la-corte-nacional-reacciona-a-declaraciones-de-lasso-sobre-los-jueces","status":"publish","type":"post","link":"https:\/\/www.elamazonico.com\/portal\/presidente-de-la-corte-nacional-reacciona-a-declaraciones-de-lasso-sobre-los-jueces\/","title":{"rendered":"Presidente de la Corte Nacional reacciona a declaraciones de Lasso sobre los jueces"},"content":{"rendered":"<p>El presidente de la Corte Nacional de Justicia, Iv\u00e1n Saquicela, reaccion\u00f3 a lo dicho por el presidente de la Rep\u00fablica, Guillermo Lasso respecto de la actuaci\u00f3n de los jueces.<\/p>\n<p>\u00c9l asegura que no se puede generalizar y adem\u00e1s se refiri\u00f3 a los temas que tiene pendiente el Consejo de la Judicatura.<\/p>\n<p>\u201cCada juez es responsable de sus decisiones. Lo que yo puedo decir es que no se puede generalizar al sistema de justicia. Si hay casos particulares se debe individualizarlos y sancionar en caso de que haya responsabilidades\u201d, dijo Saquicela.<\/p>\n<p>Adem\u00e1s, explic\u00f3 las correcciones que se debe hacer para garantizar una mejor aplicaci\u00f3n de la justicia.<\/p>\n<p>\u201cPuede haber dos \u00e1mbitos para hacer correcciones. Puede ser en efecto, en caso de conductas irregulares en las que se debe sancionar en el marco del Derecho\u201d, resalt\u00f3 el funcionario.<\/p>\n<p>Por otro lado, dijo que hay que recuperar la confianza en la justicia.<\/p>\n<p>\u201cEst\u00e1 pendiente la evaluaci\u00f3n a los jueces, fiscales, nombramiento de nuevos jueces, defensores p\u00fablicos. Creer\u00eda que debemos buscar modernizar el sistema de justicia y que este sea m\u00e1s cercano a la gente\u201d, coment\u00f3 Saquicela. Teleamazonas<\/p>\n","protected":false},"excerpt":{"rendered":"<p>El presidente de la Corte Nacional de Justicia, Iv\u00e1n Saquicela, reaccion\u00f3 a lo dicho por el presidente de la Rep\u00fablica, Guillermo Lasso respecto de la actuaci\u00f3n de los jueces. \u00c9l asegura que no se puede generalizar y adem\u00e1s se refiri\u00f3 a los temas que tiene pendiente el Consejo de la Judicatura. \u201cCada juez es responsable de sus decisiones. Lo que yo puedo decir es que no se puede generalizar al sistema de justicia. Si hay casos particulares se debe individualizarlos y sancionar en caso de que haya responsabilidades\u201d, dijo Saquicela. Adem\u00e1s, explic\u00f3 las correcciones que se debe hacer para garantizar una mejor aplicaci\u00f3n de la justicia. \u201cPuede haber dos \u00e1mbitos para hacer correcciones. Puede ser en efecto, en caso de conductas irregulares en las que se debe sancionar en el marco del Derecho\u201d, resalt\u00f3 el funcionario. Por otro lado, dijo que hay que recuperar la confianza en la justicia. \u201cEst\u00e1 pendiente la evaluaci\u00f3n a los jueces, fiscales, nombramiento de nuevos jueces, defensores p\u00fablicos. Creer\u00eda que debemos buscar modernizar el sistema de justicia y que este sea m\u00e1s cercano a la gente\u201d, coment\u00f3 Saquicela. Teleamazonas<\/p>\n","protected":false},"author":1,"featured_media":8382,"comment_status":"open","ping_status":"open","sticky":false,"template":"","format":"standard","meta":{"footnotes":""},"categories":[268],"tags":[],"class_list":["post-8381","post","type-post","status-publish","format-standard","has-post-thumbnail","hentry","category-nacionales"],"_links":{"self":[{"href":"https:\/\/www.elamazonico.com\/portal\/wp-json\/wp\/v2\/posts\/8381","targetHints":{"allow":["GET"]}}],"collection":[{"href":"https:\/\/www.elamazonico.com\/portal\/wp-json\/wp\/v2\/posts"}],"about":[{"href":"https:\/\/www.elamazonico.com\/portal\/wp-json\/wp\/v2\/types\/post"}],"author":[{"embeddable":true,"href":"https:\/\/www.elamazonico.com\/portal\/wp-json\/wp\/v2\/users\/1"}],"replies":[{"embeddable":true,"href":"https:\/\/www.elamazonico.com\/portal\/wp-json\/wp\/v2\/comments?post=8381"}],"version-history":[{"count":1,"href":"https:\/\/www.elamazonico.com\/portal\/wp-json\/wp\/v2\/posts\/8381\/revisions"}],"predecessor-version":[{"id":8383,"href":"https:\/\/www.elamazonico.com\/portal\/wp-json\/wp\/v2\/posts\/8381\/revisions\/8383"}],"wp:featuredmedia":[{"embeddable":true,"href":"https:\/\/www.elamazonico.com\/portal\/wp-json\/wp\/v2\/media\/8382"}],"wp:attachment":[{"href":"https:\/\/www.elamazonico.com\/portal\/wp-json\/wp\/v2\/media?parent=8381"}],"wp:term":[{"taxonomy":"category","embeddable":true,"href":"https:\/\/www.elamazonico.com\/portal\/wp-json\/wp\/v2\/categories?post=8381"},{"taxonomy":"post_tag","embeddable":true,"href":"https:\/\/www.elamazonico.com\/portal\/wp-json\/wp\/v2\/tags?post=8381"}],"curies":[{"name":"wp","href":"https:\/\/api.w.org\/{rel}","templated":true}]}}