{"id":8360,"date":"2023-02-14T11:22:03","date_gmt":"2023-02-14T16:22:03","guid":{"rendered":"https:\/\/www.elamazonico.com\/portal\/?p=8360"},"modified":"2023-02-14T11:22:03","modified_gmt":"2023-02-14T16:22:03","slug":"enner-valencia-en-el-radar-del-aston-villa","status":"publish","type":"post","link":"https:\/\/www.elamazonico.com\/portal\/enner-valencia-en-el-radar-del-aston-villa\/","title":{"rendered":"\u00c9nner Valencia en el radar del Aston Villa"},"content":{"rendered":"<p id=\"m12-11-13\">El delantero\u00a0<b>\u00c9nner Valencia\u00a0<\/b>tiene posibilidades de retornar hacia la Premier League.\u00a0<b>Aston Villa<\/b>\u00a0est\u00e1 interesado en incorporar al ariete ecuatoriano.<\/p>\n<p id=\"m56-1-57\">\nPese al cierre de la \u00faltima ventana de traspasos, las escuadras mantienen nombres en la mira para reforzarse cuando el\u00a0<b>periodo de transferencias\u00a0<\/b>se reabra. Aquello ser\u00e1 a mediados de 2023 y les servir\u00e1 para la pr\u00f3xima temporada.<\/p>\n<p>El esmeralde\u00f1o, que es sensaci\u00f3n en Turqu\u00eda debido a su gran momento futbol\u00edstico, ha conseguido que m\u00e1s de un club ha puesto sus ojos sobre \u00e9l. En el mercado de fichajes de invierno, el<b>\u00a0F.C. Barcelona<\/b>\u00a0de Espa\u00f1a sonde\u00f3 al ecuatoriano y a su posibilidad de incorporarlo, pero aquello no lleg\u00f3 a concretarse.<\/p>\n<p>El presente de Valencia no es ajeno a los de Birmingham que durante su actual campa\u00f1a ocupan la<b>\u00a0\u00fandecima posici\u00f3n<\/b>\u00a0de la liga inglesa con 28 puntos. Por su parte, el tricolor ocupa la segunda posici\u00f3n de la SuperLiga de Turqu\u00eda con el\u00a0<b>Fenerbahce<\/b>.<\/p>\n<p>De acuerdo al diario brit\u00e1nico The Mirror, los villanos ya han establecido\u00a0<b>contactos con el futbolista<\/b>\u00a0para su vinculaci\u00f3n. Desde Turqu\u00eda, el periodista Ekrem Konur de ESPN tambi\u00e9n ha se\u00f1alado que existen charlas entre las partes, sin embargo, el futbolista se encuentra c\u00f3modo en su actual escuadra y tambi\u00e9n hay negociaciones para alargar su estancia.<\/p>\n<p>Al final de la temporada, el m\u00e1ximo goleador hist\u00f3rico de la Selecci\u00f3n de Ecuador termina contrato con el Fenerbahce. En caso de que no lo renueve, su retorno a Inglaterra se dar\u00eda en calidad de<b>\u00a0agente libre.<\/b><\/p>\n<h3 id=\"m81-2-82\">\n\u00c9nner Valencia y la mejor temporada de su carrera<\/h3>\n<p id=\"m88-3-89\">Aunque en la campa\u00f1a 2022-2023 termin\u00f3 como alternante, el futbolista de 33 a\u00f1os levant\u00f3 su nivel y consigui\u00f3 volverse un<b>\u00a0titular indiscutible\u00a0<\/b>en la actual. A puro gol se convirti\u00f3 en una de las estrellas del conjunto de Estambul.<\/p>\n<p>Desde la pretemporada empez\u00f3 a marcar goles y, una vez iniciados los choque oficiales, no hubo quien lo pare. En el torneo de su pa\u00eds lleva un total de<b>\u00a020 goles y cuatro asistencias<\/b>\u00a0en 18 partidos que ha tenido actividad. A tales cantidades se le suman otros dos tantos en la UEFA Europa League y en la Copa de Turqu\u00eda.<\/p>\n<p>Con la Selecci\u00f3n de Ecuador anot\u00f3 tres goles en tres partidos durante el Mundial de Qatar. De tal manera, sus n\u00fameros demuestran que el ariete vive la mejor campa\u00f1a de su carrera y pelea por la<b>\u00a0Bota de Oro.<\/b><\/p>\n<h3 id=\"m100-4-101\">\n\u00bfDe regreso a Inglaterra?<\/h3>\n<p id=\"m108-5-109\">La Premier League tampoco es una novedad para \u00c9nner Valencia, el delantero ecuatoriano ya tuvo un paso por tierras brit\u00e1nicas. Despu\u00e9s del Mundial de Brasil 2014 y tras ser goleador en M\u00e9xico, el\u00a0<b>West Ham United<\/b>\u00a0adquiri\u00f3 sus derechos deportivos.<\/p>\n<p>Con los &#8216;Irons&#8217; estuvo presente hasta el verano de 2016. All\u00ed fue enviado a pr\u00e9stamo al\u00a0<b>Everton\u00a0<\/b>y, una vez que acab\u00f3 su cesi\u00f3n, el Tigres de M\u00e9xico se hizo con sus servicios. En 2020 recal\u00f3 en su actual escuadra.<\/p>\n<p>De llegar al Aston Villa, &#8216;Superman&#8217; ser\u00eda el segundo ecuatoriano que defiende su casaca. Previamente lo hizo el exfutbolista\u00a0<b>Ulises de la Cruz. Fuente: Bendito F\u00fatbol<\/b><\/p>\n","protected":false},"excerpt":{"rendered":"<p>El delantero\u00a0\u00c9nner Valencia\u00a0tiene posibilidades de retornar hacia la Premier League.\u00a0Aston Villa\u00a0est\u00e1 interesado en incorporar al ariete ecuatoriano. Pese al cierre de la \u00faltima ventana de traspasos, las escuadras mantienen nombres en la mira para reforzarse cuando el\u00a0periodo de transferencias\u00a0se reabra. Aquello ser\u00e1 a mediados de 2023 y les servir\u00e1 para la pr\u00f3xima temporada. El esmeralde\u00f1o, que es sensaci\u00f3n en Turqu\u00eda debido a su gran momento futbol\u00edstico, ha conseguido que m\u00e1s de un club ha puesto sus ojos sobre \u00e9l. En el mercado de fichajes de invierno, el\u00a0F.C. Barcelona\u00a0de Espa\u00f1a sonde\u00f3 al ecuatoriano y a su posibilidad de incorporarlo, pero aquello no lleg\u00f3 a concretarse. El presente de Valencia no es ajeno a los de Birmingham que durante su actual campa\u00f1a ocupan la\u00a0\u00fandecima posici\u00f3n\u00a0de la liga inglesa con 28 puntos. Por su parte, el tricolor ocupa la segunda posici\u00f3n de la SuperLiga de Turqu\u00eda con el\u00a0Fenerbahce. De acuerdo al diario brit\u00e1nico The Mirror, los villanos ya han establecido\u00a0contactos con el futbolista\u00a0para su vinculaci\u00f3n. Desde Turqu\u00eda, el periodista Ekrem Konur de ESPN tambi\u00e9n ha se\u00f1alado que existen charlas entre las partes, sin embargo, el futbolista se encuentra c\u00f3modo en su actual escuadra y tambi\u00e9n hay negociaciones para alargar su estancia. Al final de la temporada, el m\u00e1ximo goleador hist\u00f3rico de la Selecci\u00f3n de Ecuador termina contrato con el Fenerbahce. En caso de que no lo renueve, su retorno a Inglaterra se dar\u00eda en calidad de\u00a0agente libre. \u00c9nner Valencia y la mejor temporada de su carrera Aunque en la campa\u00f1a 2022-2023 termin\u00f3 como alternante, el futbolista de 33 a\u00f1os levant\u00f3 su nivel y consigui\u00f3 volverse un\u00a0titular indiscutible\u00a0en la actual. A puro gol se convirti\u00f3 en una de las estrellas del conjunto de Estambul. Desde la pretemporada empez\u00f3 a marcar goles y, una vez iniciados los choque oficiales, no hubo quien lo pare. En el torneo de su pa\u00eds lleva un total de\u00a020 goles y cuatro asistencias\u00a0en 18 partidos que ha tenido actividad. A tales cantidades se le suman otros dos tantos en la UEFA Europa League y en la Copa de Turqu\u00eda. Con la Selecci\u00f3n de Ecuador anot\u00f3 tres goles en tres partidos durante el Mundial de Qatar. De tal manera, sus n\u00fameros demuestran que el ariete vive la mejor campa\u00f1a de su carrera y pelea por la\u00a0Bota de Oro. \u00bfDe regreso a Inglaterra? La Premier League tampoco es una novedad para \u00c9nner Valencia, el delantero ecuatoriano ya tuvo un paso por tierras brit\u00e1nicas. Despu\u00e9s del Mundial de Brasil 2014 y tras ser goleador en M\u00e9xico, el\u00a0West Ham United\u00a0adquiri\u00f3 sus derechos deportivos. Con los &#8216;Irons&#8217; estuvo presente hasta el verano de 2016. All\u00ed fue enviado a pr\u00e9stamo al\u00a0Everton\u00a0y, una vez que acab\u00f3 su cesi\u00f3n, el Tigres de M\u00e9xico se hizo con sus servicios. En 2020 recal\u00f3 en su actual escuadra. De llegar al Aston Villa, &#8216;Superman&#8217; ser\u00eda el segundo ecuatoriano que defiende su casaca. Previamente lo hizo el exfutbolista\u00a0Ulises de la Cruz. Fuente: Bendito F\u00fatbol<\/p>\n","protected":false},"author":1,"featured_media":8361,"comment_status":"open","ping_status":"open","sticky":false,"template":"","format":"standard","meta":{"footnotes":""},"categories":[6],"tags":[],"class_list":["post-8360","post","type-post","status-publish","format-standard","has-post-thumbnail","hentry","category-deportes"],"_links":{"self":[{"href":"https:\/\/www.elamazonico.com\/portal\/wp-json\/wp\/v2\/posts\/8360","targetHints":{"allow":["GET"]}}],"collection":[{"href":"https:\/\/www.elamazonico.com\/portal\/wp-json\/wp\/v2\/posts"}],"about":[{"href":"https:\/\/www.elamazonico.com\/portal\/wp-json\/wp\/v2\/types\/post"}],"author":[{"embeddable":true,"href":"https:\/\/www.elamazonico.com\/portal\/wp-json\/wp\/v2\/users\/1"}],"replies":[{"embeddable":true,"href":"https:\/\/www.elamazonico.com\/portal\/wp-json\/wp\/v2\/comments?post=8360"}],"version-history":[{"count":1,"href":"https:\/\/www.elamazonico.com\/portal\/wp-json\/wp\/v2\/posts\/8360\/revisions"}],"predecessor-version":[{"id":8362,"href":"https:\/\/www.elamazonico.com\/portal\/wp-json\/wp\/v2\/posts\/8360\/revisions\/8362"}],"wp:featuredmedia":[{"embeddable":true,"href":"https:\/\/www.elamazonico.com\/portal\/wp-json\/wp\/v2\/media\/8361"}],"wp:attachment":[{"href":"https:\/\/www.elamazonico.com\/portal\/wp-json\/wp\/v2\/media?parent=8360"}],"wp:term":[{"taxonomy":"category","embeddable":true,"href":"https:\/\/www.elamazonico.com\/portal\/wp-json\/wp\/v2\/categories?post=8360"},{"taxonomy":"post_tag","embeddable":true,"href":"https:\/\/www.elamazonico.com\/portal\/wp-json\/wp\/v2\/tags?post=8360"}],"curies":[{"name":"wp","href":"https:\/\/api.w.org\/{rel}","templated":true}]}}