{"id":8356,"date":"2023-02-14T10:52:37","date_gmt":"2023-02-14T15:52:37","guid":{"rendered":"https:\/\/www.elamazonico.com\/portal\/?p=8356"},"modified":"2023-02-14T10:52:37","modified_gmt":"2023-02-14T15:52:37","slug":"cuando-empieza-la-ligapro-2023-en-ecuador","status":"publish","type":"post","link":"https:\/\/www.elamazonico.com\/portal\/cuando-empieza-la-ligapro-2023-en-ecuador\/","title":{"rendered":"\u00bfCu\u00e1ndo empieza la LigaPro 2023 en Ecuador?"},"content":{"rendered":"<p id=\"m252-251-253\">Falta poco. La quinta edici\u00f3n de la LigaPro Serie A de Ecuador est\u00e1 a la vuelta de la esquina y los 16 equipos apresuran su pretemporada.<\/p>\n<p id=\"m258-1-259\">\nEsta nueva versi\u00f3n de la\u00a0<b>LigaPro arrancar\u00e1 el pr\u00f3ximo viernes 24 de febrero de 2023\u00a0<\/b>en el estadio Alejandro Serrano Aguilar entre el Deportivo Cuenca y Liga de Quito. El compromiso comenzar\u00e1 a las 19:00.<\/p>\n<p>Coincidencialmente Deportivo Cuenca y Liga de Quito jugar\u00e1n las finales del torneo amistoso Copa de Campeones Edgardo Bauza el mi\u00e9rcoles 15 y el domingo 19 de febrero. El primer partido en Cuenca y la revancha en Quito.<\/p>\n<p>Independiente del Valle, flamante campe\u00f3n de la Supercopa Ecuador al golear 3-0 a Aucas en el estadio La Cocha de Latacunga,\u00a0<b>entrar\u00e1 en competencia el s\u00e1bado 25 de febrero<\/b>\u00a0ante Mushuc Runa. El bal\u00f3n en el estadio Banco Pichincha rodar\u00e1 desde las 14:00.<\/p>\n<p>Aucas, vigente campe\u00f3n de la LigaPro, arrancar\u00e1 la defensa del t\u00edtulo el domingo 25 de febrero ante El Nacional. El pitazo inicial se dar\u00e1 en el estadio Gonzalo Pozo Ripalda desde las 16:30.<\/p>\n<p>La primera fecha de la LigaPro\u00a0<b>se cerrar\u00e1 el lunes 26 de febrero en Manta<\/b>\u00a0en el estadio Jocay. Delf\u00edn y Orense pugnar\u00e1n por los tres puntos desde las 19:00.<br \/>\n\u200b<\/p>\n<h3 id=\"m264-2-265\">Fecha 1 &#8211; LigaPro<\/h3>\n<h3 id=\"m270-3-271\">24 de febrero<\/h3>\n<p id=\"m276-4-277\">Partido: Deportivo Cuenca vs. Liga de Quito<br \/>\nHora: 19:00<br \/>\nEstadio: Alejandro Serrano Aguilar<br \/>\nCiudad: Cuenca<br \/>\n\u200b<\/p>\n<h3 id=\"m282-5-283\">25 de febrero<\/h3>\n<p id=\"m288-6-289\">Partido: Independiente vs. Mushuc Runa<br \/>\nHora: 14:00<br \/>\nEstadio: Banco Guayaquil<br \/>\nCiudad: Chillo-Jij\u00f3n<\/p>\n<p>Partido: Guayaquil City vs. Cumbay\u00e1<br \/>\nHora: 16:30<br \/>\nEstadio: Christian Ben\u00edtez<br \/>\nCiudad: Guayaquil<\/p>\n<p>Partido: Gualaceo vs. Barcelona<br \/>\nHora: 19:00<br \/>\nEstadio: Jorge Andrade Cantos<br \/>\nCiudad: Azogues<br \/>\n\u200b<\/p>\n<h3 id=\"m294-7-295\">26 de febrero<\/h3>\n<p id=\"m300-8-301\">Partido: T\u00e9cnico Universitario vs. Universidad Cat\u00f3lica<br \/>\nHora: Bellavista<br \/>\nEstadio: 14:00<br \/>\nCiudad: Ambato<\/p>\n<p>Partido: Aucas vs. El Nacional<br \/>\nHora: 16:30<br \/>\nEstadio: Gonzalo Pozo Ripalda<br \/>\nCiudad: Quito<\/p>\n<p>Partido: Emelec vs. Libertad<br \/>\nHora: 19:00<br \/>\nEstadio: George Capwell<br \/>\nCiudad: Guayaquil<br \/>\n\u200b<\/p>\n<h3 id=\"m306-9-307\">27 de febrero<\/h3>\n<p id=\"m312-10-313\">Partido: Delf\u00edn vs. Orense<br \/>\nHora: 19:00<br \/>\nEstadio: Jocay<br \/>\nCiudad: Manta<br \/>\n\u200b<\/p>\n<h3 id=\"m318-11-319\">\u00bfD\u00f3nde verlo?<\/h3>\n<p id=\"m324-12-325\">Gol TV<br \/>\nStar+<\/p>\n","protected":false},"excerpt":{"rendered":"<p>Falta poco. La quinta edici\u00f3n de la LigaPro Serie A de Ecuador est\u00e1 a la vuelta de la esquina y los 16 equipos apresuran su pretemporada. Esta nueva versi\u00f3n de la\u00a0LigaPro arrancar\u00e1 el pr\u00f3ximo viernes 24 de febrero de 2023\u00a0en el estadio Alejandro Serrano Aguilar entre el Deportivo Cuenca y Liga de Quito. El compromiso comenzar\u00e1 a las 19:00. Coincidencialmente Deportivo Cuenca y Liga de Quito jugar\u00e1n las finales del torneo amistoso Copa de Campeones Edgardo Bauza el mi\u00e9rcoles 15 y el domingo 19 de febrero. El primer partido en Cuenca y la revancha en Quito. Independiente del Valle, flamante campe\u00f3n de la Supercopa Ecuador al golear 3-0 a Aucas en el estadio La Cocha de Latacunga,\u00a0entrar\u00e1 en competencia el s\u00e1bado 25 de febrero\u00a0ante Mushuc Runa. El bal\u00f3n en el estadio Banco Pichincha rodar\u00e1 desde las 14:00. Aucas, vigente campe\u00f3n de la LigaPro, arrancar\u00e1 la defensa del t\u00edtulo el domingo 25 de febrero ante El Nacional. El pitazo inicial se dar\u00e1 en el estadio Gonzalo Pozo Ripalda desde las 16:30. La primera fecha de la LigaPro\u00a0se cerrar\u00e1 el lunes 26 de febrero en Manta\u00a0en el estadio Jocay. Delf\u00edn y Orense pugnar\u00e1n por los tres puntos desde las 19:00. \u200b Fecha 1 &#8211; LigaPro 24 de febrero Partido: Deportivo Cuenca vs. Liga de Quito Hora: 19:00 Estadio: Alejandro Serrano Aguilar Ciudad: Cuenca \u200b 25 de febrero Partido: Independiente vs. Mushuc Runa Hora: 14:00 Estadio: Banco Guayaquil Ciudad: Chillo-Jij\u00f3n Partido: Guayaquil City vs. Cumbay\u00e1 Hora: 16:30 Estadio: Christian Ben\u00edtez Ciudad: Guayaquil Partido: Gualaceo vs. Barcelona Hora: 19:00 Estadio: Jorge Andrade Cantos Ciudad: Azogues \u200b 26 de febrero Partido: T\u00e9cnico Universitario vs. Universidad Cat\u00f3lica Hora: Bellavista Estadio: 14:00 Ciudad: Ambato Partido: Aucas vs. El Nacional Hora: 16:30 Estadio: Gonzalo Pozo Ripalda Ciudad: Quito Partido: Emelec vs. Libertad Hora: 19:00 Estadio: George Capwell Ciudad: Guayaquil \u200b 27 de febrero Partido: Delf\u00edn vs. Orense Hora: 19:00 Estadio: Jocay Ciudad: Manta \u200b \u00bfD\u00f3nde verlo? Gol TV Star+<\/p>\n","protected":false},"author":1,"featured_media":8357,"comment_status":"open","ping_status":"open","sticky":false,"template":"","format":"standard","meta":{"footnotes":""},"categories":[6],"tags":[],"class_list":["post-8356","post","type-post","status-publish","format-standard","has-post-thumbnail","hentry","category-deportes"],"_links":{"self":[{"href":"https:\/\/www.elamazonico.com\/portal\/wp-json\/wp\/v2\/posts\/8356","targetHints":{"allow":["GET"]}}],"collection":[{"href":"https:\/\/www.elamazonico.com\/portal\/wp-json\/wp\/v2\/posts"}],"about":[{"href":"https:\/\/www.elamazonico.com\/portal\/wp-json\/wp\/v2\/types\/post"}],"author":[{"embeddable":true,"href":"https:\/\/www.elamazonico.com\/portal\/wp-json\/wp\/v2\/users\/1"}],"replies":[{"embeddable":true,"href":"https:\/\/www.elamazonico.com\/portal\/wp-json\/wp\/v2\/comments?post=8356"}],"version-history":[{"count":1,"href":"https:\/\/www.elamazonico.com\/portal\/wp-json\/wp\/v2\/posts\/8356\/revisions"}],"predecessor-version":[{"id":8359,"href":"https:\/\/www.elamazonico.com\/portal\/wp-json\/wp\/v2\/posts\/8356\/revisions\/8359"}],"wp:featuredmedia":[{"embeddable":true,"href":"https:\/\/www.elamazonico.com\/portal\/wp-json\/wp\/v2\/media\/8357"}],"wp:attachment":[{"href":"https:\/\/www.elamazonico.com\/portal\/wp-json\/wp\/v2\/media?parent=8356"}],"wp:term":[{"taxonomy":"category","embeddable":true,"href":"https:\/\/www.elamazonico.com\/portal\/wp-json\/wp\/v2\/categories?post=8356"},{"taxonomy":"post_tag","embeddable":true,"href":"https:\/\/www.elamazonico.com\/portal\/wp-json\/wp\/v2\/tags?post=8356"}],"curies":[{"name":"wp","href":"https:\/\/api.w.org\/{rel}","templated":true}]}}