{"id":8352,"date":"2023-02-14T10:33:37","date_gmt":"2023-02-14T15:33:37","guid":{"rendered":"https:\/\/www.elamazonico.com\/portal\/?p=8352"},"modified":"2023-02-14T10:36:27","modified_gmt":"2023-02-14T15:36:27","slug":"ricardo-gareca-a-un-paso-de-ecuador","status":"publish","type":"post","link":"https:\/\/www.elamazonico.com\/portal\/ricardo-gareca-a-un-paso-de-ecuador\/","title":{"rendered":"Ricardo Gareca, a &#8216;un paso&#8217; de Ecuador"},"content":{"rendered":"<p id=\"m190-189-191\">Ricardo Gareca, entrenador argentino de 65 a\u00f1os, dio algunas pistas sobre si en el futuro inmediato ser\u00e1 el DT de la selecci\u00f3n de Ecuador.<\/p>\n<p>Este lunes 13 de febrero de 2023 estuvo invitado en el programa Equipo F de ESPN Argentina. Confirm\u00f3 que las conversaciones con la Federaci\u00f3n Ecuatoriana de F\u00fatbol (FEF)\u00a0<b>no se han detenido y contin\u00faan para decidir si reemplazar\u00e1\u00a0<\/b>en el puesto de entrenador de Ecuador a su compatriota Gustavo Alfaro.<\/p>\n<p>\u00abEstoy en tratativas. No te puedo decir que est\u00e1 hecho o cerrado\u00a0<b>porque est\u00e1 en un paso de ponerse de acuerdo<\/b>\u00ab, fue la contundente respuesta de Ricardo Gareca ante la consulta de los periodistas argentinos sobre cu\u00e1l ser\u00e1 su pr\u00f3ximo paso en su carrera profesional.<\/p>\n<p>Luego mencion\u00f3 que mantiene di\u00e1logos y comunicaci\u00f3n con Francisco Egas, presidente de la FEF, quien este lunes adelant\u00f3 que \u00abser\u00e1 cuesti\u00f3n de algunos d\u00edas m\u00e1s la elecci\u00f3n del nuevo entrenador nacional\u00bb.<\/p>\n<p>Ricardo Gareca cont\u00f3 que \u00abtambi\u00e9n convers\u00f3\u00bb con Gustavo Alfaro, exentrenador de Ecuador,\u00a0<b>quien no cerr\u00f3 nada bien su ciclo con la t<\/b>ricolor, tanto en lo deportivo, donde cay\u00f3 eliminado en la fase de grupos del Mundial Qatar 2022 y en los econ\u00f3mico, puesto que reclama una deuda que asciende a los USD 4 millones.<\/p>\n<p>\u00abEstamos en tratativas. Tienen otras alternativas.\u00a0<b>Lo veo avanzado, pero no sabr\u00eda decirte\u00a0<\/b>si se cierra o no se cierra\u00bb, recalc\u00f3 Ricardo Gareca, quien destac\u00f3 que el ofrecimiento de Ecuador es el \u00ab\u00fanico\u00bb que tiene sobre la mesa.<\/p>\n<p>https:\/\/twitter.com\/ESPNFutbolArg\/status\/1625305643287724032<\/p>\n<h3 id=\"m208-3-209\">Sebasti\u00e1n Beccacece, la otra alternativa<\/h3>\n<p id=\"m214-4-215\">El jueves 9 de febrero Sebasti\u00e1n Beccacece fue uno de los invitados en ESPN y revel\u00f3 m\u00e1s detalles sobre el acercamiento que tuvo con Francisco Egas, presidente de la Federaci\u00f3n Ecuatoriana de F\u00fatbol (FEF).<\/p>\n<p>\u00abEl 18 de enero nos llam\u00f3 Francisco (Egas), presidente de la federaci\u00f3n.\u00a0<b>Nos dijo que \u00e9ramos unas de las posibilidades<\/b>\u00ab, coment\u00f3 Sebasti\u00e1n Beccacece, ante la interrogante de los periodistas sobre su futuro.<\/p>\n<p>\u00abEmpezamos a ver a Ecuador. Nos gust\u00f3 la pasi\u00f3n y la rebeld\u00eda que tiene la juventud.\u00a0<b>Nos pareci\u00f3 muy interesante el trabajo de Gustavo<\/b>\u00a0(Alfaro)\u00bb, coment\u00f3 Sebasti\u00e1n Beccacece, quien adelant\u00f3 que con su grupo de trabajo se sienten \u00abilusionados\u00bb con esta posibilidad.<\/p>\n<p>Asegur\u00f3 estar convencido que pueden \u00abcontinuar\u00bb con el gran trabajo que hizo Gustavo Alfaro y darle su\u00a0<b>propia \u00abimpronta\u00bb a la camada de j\u00f3venes futbolistas\u00a0<\/b>que tiene la selecci\u00f3n de Ecuador, misma que le hace acordar a la que encontr\u00f3 en Chile, donde se proclamaron como campeones de la Copa Am\u00e9rica en 2015, cuando era asistente t\u00e9cnico de Jorge Sampaoli. <strong>Fuente: Bendito F\u00fatbol<\/strong><\/p>\n","protected":false},"excerpt":{"rendered":"<p>Ricardo Gareca, entrenador argentino de 65 a\u00f1os, dio algunas pistas sobre si en el futuro inmediato ser\u00e1 el DT de la selecci\u00f3n de Ecuador. Este lunes 13 de febrero de 2023 estuvo invitado en el programa Equipo F de ESPN Argentina. Confirm\u00f3 que las conversaciones con la Federaci\u00f3n Ecuatoriana de F\u00fatbol (FEF)\u00a0no se han detenido y contin\u00faan para decidir si reemplazar\u00e1\u00a0en el puesto de entrenador de Ecuador a su compatriota Gustavo Alfaro. \u00abEstoy en tratativas. No te puedo decir que est\u00e1 hecho o cerrado\u00a0porque est\u00e1 en un paso de ponerse de acuerdo\u00ab, fue la contundente respuesta de Ricardo Gareca ante la consulta de los periodistas argentinos sobre cu\u00e1l ser\u00e1 su pr\u00f3ximo paso en su carrera profesional. Luego mencion\u00f3 que mantiene di\u00e1logos y comunicaci\u00f3n con Francisco Egas, presidente de la FEF, quien este lunes adelant\u00f3 que \u00abser\u00e1 cuesti\u00f3n de algunos d\u00edas m\u00e1s la elecci\u00f3n del nuevo entrenador nacional\u00bb. Ricardo Gareca cont\u00f3 que \u00abtambi\u00e9n convers\u00f3\u00bb con Gustavo Alfaro, exentrenador de Ecuador,\u00a0quien no cerr\u00f3 nada bien su ciclo con la tricolor, tanto en lo deportivo, donde cay\u00f3 eliminado en la fase de grupos del Mundial Qatar 2022 y en los econ\u00f3mico, puesto que reclama una deuda que asciende a los USD 4 millones. \u00abEstamos en tratativas. Tienen otras alternativas.\u00a0Lo veo avanzado, pero no sabr\u00eda decirte\u00a0si se cierra o no se cierra\u00bb, recalc\u00f3 Ricardo Gareca, quien destac\u00f3 que el ofrecimiento de Ecuador es el \u00ab\u00fanico\u00bb que tiene sobre la mesa. https:\/\/twitter.com\/ESPNFutbolArg\/status\/1625305643287724032 Sebasti\u00e1n Beccacece, la otra alternativa El jueves 9 de febrero Sebasti\u00e1n Beccacece fue uno de los invitados en ESPN y revel\u00f3 m\u00e1s detalles sobre el acercamiento que tuvo con Francisco Egas, presidente de la Federaci\u00f3n Ecuatoriana de F\u00fatbol (FEF). \u00abEl 18 de enero nos llam\u00f3 Francisco (Egas), presidente de la federaci\u00f3n.\u00a0Nos dijo que \u00e9ramos unas de las posibilidades\u00ab, coment\u00f3 Sebasti\u00e1n Beccacece, ante la interrogante de los periodistas sobre su futuro. \u00abEmpezamos a ver a Ecuador. Nos gust\u00f3 la pasi\u00f3n y la rebeld\u00eda que tiene la juventud.\u00a0Nos pareci\u00f3 muy interesante el trabajo de Gustavo\u00a0(Alfaro)\u00bb, coment\u00f3 Sebasti\u00e1n Beccacece, quien adelant\u00f3 que con su grupo de trabajo se sienten \u00abilusionados\u00bb con esta posibilidad. Asegur\u00f3 estar convencido que pueden \u00abcontinuar\u00bb con el gran trabajo que hizo Gustavo Alfaro y darle su\u00a0propia \u00abimpronta\u00bb a la camada de j\u00f3venes futbolistas\u00a0que tiene la selecci\u00f3n de Ecuador, misma que le hace acordar a la que encontr\u00f3 en Chile, donde se proclamaron como campeones de la Copa Am\u00e9rica en 2015, cuando era asistente t\u00e9cnico de Jorge Sampaoli. Fuente: Bendito F\u00fatbol<\/p>\n","protected":false},"author":1,"featured_media":8353,"comment_status":"open","ping_status":"open","sticky":false,"template":"","format":"standard","meta":{"footnotes":""},"categories":[6],"tags":[],"class_list":["post-8352","post","type-post","status-publish","format-standard","has-post-thumbnail","hentry","category-deportes"],"_links":{"self":[{"href":"https:\/\/www.elamazonico.com\/portal\/wp-json\/wp\/v2\/posts\/8352","targetHints":{"allow":["GET"]}}],"collection":[{"href":"https:\/\/www.elamazonico.com\/portal\/wp-json\/wp\/v2\/posts"}],"about":[{"href":"https:\/\/www.elamazonico.com\/portal\/wp-json\/wp\/v2\/types\/post"}],"author":[{"embeddable":true,"href":"https:\/\/www.elamazonico.com\/portal\/wp-json\/wp\/v2\/users\/1"}],"replies":[{"embeddable":true,"href":"https:\/\/www.elamazonico.com\/portal\/wp-json\/wp\/v2\/comments?post=8352"}],"version-history":[{"count":2,"href":"https:\/\/www.elamazonico.com\/portal\/wp-json\/wp\/v2\/posts\/8352\/revisions"}],"predecessor-version":[{"id":8355,"href":"https:\/\/www.elamazonico.com\/portal\/wp-json\/wp\/v2\/posts\/8352\/revisions\/8355"}],"wp:featuredmedia":[{"embeddable":true,"href":"https:\/\/www.elamazonico.com\/portal\/wp-json\/wp\/v2\/media\/8353"}],"wp:attachment":[{"href":"https:\/\/www.elamazonico.com\/portal\/wp-json\/wp\/v2\/media?parent=8352"}],"wp:term":[{"taxonomy":"category","embeddable":true,"href":"https:\/\/www.elamazonico.com\/portal\/wp-json\/wp\/v2\/categories?post=8352"},{"taxonomy":"post_tag","embeddable":true,"href":"https:\/\/www.elamazonico.com\/portal\/wp-json\/wp\/v2\/tags?post=8352"}],"curies":[{"name":"wp","href":"https:\/\/api.w.org\/{rel}","templated":true}]}}